{"id":3292,"date":"2020-08-14T10:58:53","date_gmt":"2020-08-14T13:58:53","guid":{"rendered":"https:\/\/www.ufsm.br\/orgaos-executivos\/caed\/?p=3292"},"modified":"2020-08-14T10:58:53","modified_gmt":"2020-08-14T13:58:53","slug":"convite-para-o-evento-alternativas-e-adaptacoes-pedagogicas-deficiencia-auditiva-na-educacao-profissional-e-superior","status":"publish","type":"post","link":"https:\/\/www.ufsm.br\/pro-reitorias\/prograd\/caed\/2020\/08\/14\/convite-para-o-evento-alternativas-e-adaptacoes-pedagogicas-deficiencia-auditiva-na-educacao-profissional-e-superior","title":{"rendered":"Convite para o evento \u201cAlternativas e Adapta\u00e7\u00f5es Pedag\u00f3gicas &#8211; Defici\u00eancia Auditiva na Educa\u00e7\u00e3o Profissional e Superior\u201d"},"content":{"rendered":"\n<p>A Universidade Federal de Santa Maria(UFSM)\/Coordenadoria de A\u00e7\u00f5es Educacionais(CAEd) convida para o evento \u00a0\u201cDefici\u00eancia Auditiva na Educa\u00e7\u00e3o Profissional e Superior\u201d, <strong>dia 20 de agosto de 2020, \u00e0s 14h00min.<\/strong><\/p>\n<p>Inscri\u00e7\u00f5es podem ser realizadas pelo formul\u00e1rio <a href=\"https:\/\/forms.gle\/ycZPn7wZ3H7RCYnJ7\" target=\"_blank\" rel=\"noopener noreferrer\" data-saferedirecturl=\"https:\/\/www.google.com\/url?q=https:\/\/forms.gle\/ycZPn7wZ3H7RCYnJ7&amp;source=gmail&amp;ust=1597421765139000&amp;usg=AFQjCNERN28ch7btTF2rBxqquM1e6UwtCg\">https:\/\/forms.gle\/ycZPn7wZ3H7RCYnJ7<\/a>\u00a0 e ser\u00e1 enviado o link para acesso \u00e0 sala no GoogleMeet.<\/p>\n<p><b>Descri\u00e7\u00e3o de imagem:<\/b> imagem retangular, disposta verticalmente, com bordas em azul claro. Centralizados na parte superior, est\u00e3o o logo comemorativo dos 60 anos da UFSM, em azul escuro, e CAED \u2013 Coordenadoria de A\u00e7\u00f5es Educacionais, em preto, um ao lado do outro. Logo abaixo, mais \u00e0 direita, a fotografia da parte lateral de um rosto, estando em destaque a orelha e a m\u00e3o em forma de concha ao lado da orelha, fazendo men\u00e7\u00e3o ao ato de ouvir. Ao lado esquerdo da fotografia, l\u00ea-se \u201c20\/08 \u2013 14h\u201d, em preto. Abaixo, alinhado \u00e0 esquerda, est\u00e1 escrito \u201cAlternativas e Adapta\u00e7\u00f5es Pedag\u00f3gicas\u201d em cinza, e abaixo, em letras maiores e em tom azul claro, \u201cDefici\u00eancia Auditiva na Educa\u00e7\u00e3o Profissional e Superior\u201d. Na sequ\u00eancia, ainda \u00e0 esquerda, \u201cPor: Fabiane Breitenbach \u2013 Educadora Especial e Doutora e Educa\u00e7\u00e3o, Ana Paula Silva \u2013 Fonoaudi\u00f3loga e Mestre em Dist\u00farbios da Comunica\u00e7\u00e3o Humana, Melissa de Moraes Peres \u2013 Acad\u00eamica de Comunica\u00e7\u00e3o Social \u2013 Hab. Produ\u00e7\u00e3o Editorial, Renata Elis Schneider \u2013 Acad\u00eamica de Educa\u00e7\u00e3o Especial\u201d, um abaixo do outro. No lado direito dos nomes, em preto, l\u00ea-se \u201cInscri\u00e7\u00f5es via formul\u00e1rio\u201d, dentro de um bal\u00e3o em tom de amarelo, com bordas onduladas.<\/p>\n<p><img fetchpriority=\"high\" decoding=\"async\" class=\"alignnone size-medium wp-image-3293 aligncenter\" src=\"https:\/\/www.ufsm.br\/orgaos-executivos\/caed\/wp-content\/uploads\/sites\/391\/2020\/08\/1-1-212x300.jpg\" alt=\"\" width=\"212\" height=\"300\" srcset=\"https:\/\/www.ufsm.br\/app\/uploads\/sites\/391\/2020\/08\/1-1-212x300.jpg 212w, https:\/\/www.ufsm.br\/app\/uploads\/sites\/391\/2020\/08\/1-1-724x1024.jpg 724w, https:\/\/www.ufsm.br\/app\/uploads\/sites\/391\/2020\/08\/1-1-768x1086.jpg 768w, https:\/\/www.ufsm.br\/app\/uploads\/sites\/391\/2020\/08\/1-1-1086x1536.jpg 1086w, https:\/\/www.ufsm.br\/app\/uploads\/sites\/391\/2020\/08\/1-1-1448x2048.jpg 1448w, https:\/\/www.ufsm.br\/app\/uploads\/sites\/391\/2020\/08\/1-1.jpg 1587w\" sizes=\"(max-width: 212px) 100vw, 212px\" \/><\/p>\n","protected":false},"excerpt":{"rendered":"<p>A Universidade Federal de Santa Maria(UFSM)\/Coordenadoria de A\u00e7\u00f5es Educacionais(CAEd) convida para o evento \u00a0\u201cDefici\u00eancia Auditiva na Educa\u00e7\u00e3o Profissional e Superior\u201d, dia 20 de agosto de 2020, \u00e0s 14h00min. Inscri\u00e7\u00f5es podem ser realizadas pelo formul\u00e1rio https:\/\/forms.gle\/ycZPn7wZ3H7RCYnJ7\u00a0 e ser\u00e1 enviado o link para acesso \u00e0 sala no GoogleMeet. Descri\u00e7\u00e3o de imagem: imagem retangular, disposta verticalmente, com bordas [&hellip;]<\/p>\n","protected":false},"author":252,"featured_media":0,"comment_status":"closed","ping_status":"closed","sticky":false,"template":"","format":"standard","meta":{"footnotes":""},"categories":[1],"tags":[],"class_list":["post-3292","post","type-post","status-publish","format-standard","hentry","category-sem-categoria"],"acf":[],"_links":{"self":[{"href":"https:\/\/www.ufsm.br\/pro-reitorias\/prograd\/caed\/wp-json\/wp\/v2\/posts\/3292","targetHints":{"allow":["GET"]}}],"collection":[{"href":"https:\/\/www.ufsm.br\/pro-reitorias\/prograd\/caed\/wp-json\/wp\/v2\/posts"}],"about":[{"href":"https:\/\/www.ufsm.br\/pro-reitorias\/prograd\/caed\/wp-json\/wp\/v2\/types\/post"}],"author":[{"embeddable":true,"href":"https:\/\/www.ufsm.br\/pro-reitorias\/prograd\/caed\/wp-json\/wp\/v2\/users\/252"}],"replies":[{"embeddable":true,"href":"https:\/\/www.ufsm.br\/pro-reitorias\/prograd\/caed\/wp-json\/wp\/v2\/comments?post=3292"}],"version-history":[{"count":0,"href":"https:\/\/www.ufsm.br\/pro-reitorias\/prograd\/caed\/wp-json\/wp\/v2\/posts\/3292\/revisions"}],"wp:attachment":[{"href":"https:\/\/www.ufsm.br\/pro-reitorias\/prograd\/caed\/wp-json\/wp\/v2\/media?parent=3292"}],"wp:term":[{"taxonomy":"category","embeddable":true,"href":"https:\/\/www.ufsm.br\/pro-reitorias\/prograd\/caed\/wp-json\/wp\/v2\/categories?post=3292"},{"taxonomy":"post_tag","embeddable":true,"href":"https:\/\/www.ufsm.br\/pro-reitorias\/prograd\/caed\/wp-json\/wp\/v2\/tags?post=3292"}],"curies":[{"name":"wp","href":"https:\/\/api.w.org\/{rel}","templated":true}]}}