{"id":3294,"date":"2020-08-14T11:43:25","date_gmt":"2020-08-14T14:43:25","guid":{"rendered":"https:\/\/www.ufsm.br\/orgaos-executivos\/caed\/?p=3294"},"modified":"2020-08-17T15:16:50","modified_gmt":"2020-08-17T18:16:50","slug":"edital-002-2020-selecao-de-bolsistas-da-pos-graduacao-projeto-redes-de-aprendizagem","status":"publish","type":"post","link":"https:\/\/www.ufsm.br\/pro-reitorias\/prograd\/caed\/2020\/08\/14\/edital-002-2020-selecao-de-bolsistas-da-pos-graduacao-projeto-redes-de-aprendizagem","title":{"rendered":"EDITAL 002\/2020 (RETIFICA\u00c7\u00c3O)- SELE\u00c7\u00c3O DE BOLSISTAS DA P\u00d3S-GRADUA\u00c7\u00c3O &#8211; PROJETO REDES DE APRENDIZAGEM"},"content":{"rendered":"\n<p>A Universidade Federal de Santa Maria (UFSM)\/Coordenadoria de A\u00e7\u00f5es Educacionais(CAEd) divulga edital, <strong>em anexo<\/strong>, para sele\u00e7\u00e3o de bolsistas da p\u00f3s-gradua\u00e7\u00e3o para o projeto Redes de Aprendizagem.\u00a0<\/p>\n<p>Obs: retifica-se o sexto item de &#8220;Documentos exigidos&#8221;, cuja reda\u00e7\u00e3o passa a ser:<\/p>\n<ul>\n<li>Curr\u00edculo <em>Lattes <\/em>(2017 a 2020), com c\u00f3pia digital de todos os documentos citados no anexo E e apresentados na ordem citada no <em>Lattes <\/em>(RETIFICADO);<\/li>\n<\/ul>\n<p>Segue o edital retificado:<\/p>\n<p><a href=\"https:\/\/www.ufsm.br\/orgaos-executivos\/caed\/wp-content\/uploads\/sites\/391\/2020\/08\/EDITAL-02-2020-CAEd.docx\">EDITAL 02 2020 CAEd<\/a><\/p>\n<p>\u00a0<\/p>\n","protected":false},"excerpt":{"rendered":"<p>A Universidade Federal de Santa Maria (UFSM)\/Coordenadoria de A\u00e7\u00f5es Educacionais(CAEd) divulga edital, em anexo, para sele\u00e7\u00e3o de bolsistas da p\u00f3s-gradua\u00e7\u00e3o para o projeto Redes de Aprendizagem.\u00a0 Obs: retifica-se o sexto item de &#8220;Documentos exigidos&#8221;, cuja reda\u00e7\u00e3o passa a ser: Curr\u00edculo Lattes (2017 a 2020), com c\u00f3pia digital de todos os documentos citados no anexo E [&hellip;]<\/p>\n","protected":false},"author":252,"featured_media":0,"comment_status":"closed","ping_status":"closed","sticky":false,"template":"","format":"standard","meta":{"footnotes":""},"categories":[1],"tags":[],"class_list":["post-3294","post","type-post","status-publish","format-standard","hentry","category-sem-categoria"],"acf":[],"_links":{"self":[{"href":"https:\/\/www.ufsm.br\/pro-reitorias\/prograd\/caed\/wp-json\/wp\/v2\/posts\/3294","targetHints":{"allow":["GET"]}}],"collection":[{"href":"https:\/\/www.ufsm.br\/pro-reitorias\/prograd\/caed\/wp-json\/wp\/v2\/posts"}],"about":[{"href":"https:\/\/www.ufsm.br\/pro-reitorias\/prograd\/caed\/wp-json\/wp\/v2\/types\/post"}],"author":[{"embeddable":true,"href":"https:\/\/www.ufsm.br\/pro-reitorias\/prograd\/caed\/wp-json\/wp\/v2\/users\/252"}],"replies":[{"embeddable":true,"href":"https:\/\/www.ufsm.br\/pro-reitorias\/prograd\/caed\/wp-json\/wp\/v2\/comments?post=3294"}],"version-history":[{"count":0,"href":"https:\/\/www.ufsm.br\/pro-reitorias\/prograd\/caed\/wp-json\/wp\/v2\/posts\/3294\/revisions"}],"wp:attachment":[{"href":"https:\/\/www.ufsm.br\/pro-reitorias\/prograd\/caed\/wp-json\/wp\/v2\/media?parent=3294"}],"wp:term":[{"taxonomy":"category","embeddable":true,"href":"https:\/\/www.ufsm.br\/pro-reitorias\/prograd\/caed\/wp-json\/wp\/v2\/categories?post=3294"},{"taxonomy":"post_tag","embeddable":true,"href":"https:\/\/www.ufsm.br\/pro-reitorias\/prograd\/caed\/wp-json\/wp\/v2\/tags?post=3294"}],"curies":[{"name":"wp","href":"https:\/\/api.w.org\/{rel}","templated":true}]}}