{"id":3297,"date":"2020-08-14T21:24:03","date_gmt":"2020-08-15T00:24:03","guid":{"rendered":"https:\/\/www.ufsm.br\/orgaos-executivos\/caed\/?p=3297"},"modified":"2020-08-14T21:24:03","modified_gmt":"2020-08-15T00:24:03","slug":"live-covid-psiq-a-culpa-e-da-pandemia-como-seus-pensamentos-interferem-no-seu-humor","status":"publish","type":"post","link":"https:\/\/www.ufsm.br\/pro-reitorias\/prograd\/caed\/2020\/08\/14\/live-covid-psiq-a-culpa-e-da-pandemia-como-seus-pensamentos-interferem-no-seu-humor","title":{"rendered":"LIVE COVID Psiq: \u201cA CULPA \u00c9 DA PANDEMIA\u201d: como seus pensamentos interferem no seu humor"},"content":{"rendered":"\n<p>A Universidade Federal de Santa Maria(UFSM)\/Coordenadoria de A\u00e7\u00f5es Educacionais\/Projeto COVIDPsiq divulgam evento on-line, LIVE, que ocorrer\u00e1 dia 19 de agosto de 2020, quarta-feira, \u00e0s 19h00min. Para acompanhar, acesse o link da live\u00a0<a href=\"https:\/\/youtu.be\/yvfIYnyuGEA\" target=\"_blank\" rel=\"noopener noreferrer\" data-saferedirecturl=\"https:\/\/www.google.com\/url?q=https:\/\/youtu.be\/yvfIYnyuGEA&amp;source=gmail&amp;ust=1597536754559000&amp;usg=AFQjCNFPzX3CpaS4wpI7R4x9AJnn2gT4xA\">https:\/\/youtu.be\/yvfIYnyuGEA<\/a>, no canal do YouTube, ou acesse o Facebook COVIDPsiq.<\/p>\n<p><b>DESCRI\u00c7\u00c3O DE IMAGEM (EM ANEXO)<\/b>: ilustra\u00e7\u00e3o em formato quadrado, dividida em quatro faixas horizontais, que se alteram nas cores roxa e bege. A parte superior, uma faixa larga na cor roxa, abriga a inscri\u00e7\u00e3o \u201cLIVE\u201d, na cor bege. Na sequ\u00eancia, h\u00e1 o logo do Facebook (quadrado azul, de \u00e2ngulos arredondados, com a letra F min\u00fascula ao centro, na cor branca) e, abaixo, h\u00e1 o logo do YouTube (ret\u00e2ngulo vermelho, de \u00e2ngulos arredondadas, com um tri\u00e2ngulo branco ao centro, indicando \u00e0 direita). \u00c0 direita deles, h\u00e1 o logo do projeto COVIDPsiq (rosto humano, de perfil, delineado na cor roxa, com a imagem de uma \u00e1rvore, cuja copa est\u00e1 no lugar do c\u00e9rebro). Ao lado direito desse, h\u00e1 o bras\u00e3o da Universidade Federal de Santa Maria (UFSM), formado pelos seguintes elementos:\u00a0tr\u00eas archotes de fogo, que simbolizam os tr\u00eas pilares da universidade: ensino, pesquisa e extens\u00e3o;\u00a0a flor-de-lis, simbolizando a purifica\u00e7\u00e3o, e os archotes com a chama do conhecimento, representando a luz que ilumina o caminho para a sabedoria;\u00a0o bras\u00e3o, denotando moral e respeito; a frase em latim \u201cSedes Sapientiae\u201d, que significa sede (lugar, casa) da sabedoria*.\u00a0Embaixo do bras\u00e3o, como base, h\u00e1 a sigla CAED (Coordenadoria de A\u00e7\u00f5es Educacionais). Abaixo, h\u00e1 uma faixa estreita, na cor bege, seguida de outra faixa, de mesma largura, na cor roxa. Por \u00faltimo, h\u00e1 uma faixa larga, na cor bege, onde l\u00ea-se, distribu\u00edda em tr\u00eas linhas horizontais, o t\u00edtulo do evento:\u00a0<b>\u201cA CULPA \u00c9 DA PANDEMIA\u201d: como seus pensamentos interferem no seu humor.<\/b>\u00a0A primeira frase est\u00e1 em metras mai\u00fasculas e as duas \u00faltimas em letras min\u00fasculas, todas na cor preta. Abaixo, \u00e0 direita, na cor roxa, a data e hora de realiza\u00e7\u00e3o do evento, 19 de agosto, 19h00min. \u00c0 esquerda dessa informa\u00e7\u00e3o, dentro de um c\u00edrculo delineado pela cor roxa, h\u00e1 foto da ministrante do evento, Prof\u00aa. Dr\u00aa Clarissa Tochetto de Oliveira. Trata-se de uma mulher de pele clara, cabelos castanhos at\u00e9 a altura dos ombros, express\u00e3o sorridente e est\u00e1 usando \u00f3culos de grau. A identifica\u00e7\u00e3o da professora encontra-se abaixo da imagem. Abaixo, no canto inferior direito da imagem, l\u00ea-se: \u201cPara acompanhar, acesse nosso canal COVIDPsiq no YouTube ou nossa p\u00e1gina no Facebook\u201d. *Fonte da descri\u00e7\u00e3o: Identidade Visual (<a href=\"https:\/\/www.ufsm.br\/identidade-institucional\/\" target=\"_blank\" rel=\"noopener noreferrer\" data-saferedirecturl=\"https:\/\/www.google.com\/url?q=https:\/\/www.ufsm.br\/identidade-institucional\/&amp;source=gmail&amp;ust=1597536754559000&amp;usg=AFQjCNGBxNUR_OY_6qjo9Numd_-mg95-UQ\">https:\/\/www.ufsm.br\/identidade-institucional\/<\/a>), em 10 de agosto de 2020.<\/p>\n<p><img fetchpriority=\"high\" decoding=\"async\" class=\"alignnone size-medium wp-image-3298\" src=\"https:\/\/www.ufsm.br\/orgaos-executivos\/caed\/wp-content\/uploads\/sites\/391\/2020\/08\/LIVE-300x300.jpeg\" alt=\"\" width=\"300\" height=\"300\" srcset=\"https:\/\/www.ufsm.br\/app\/uploads\/sites\/391\/2020\/08\/LIVE-300x300.jpeg 300w, https:\/\/www.ufsm.br\/app\/uploads\/sites\/391\/2020\/08\/LIVE-1024x1024.jpeg 1024w, https:\/\/www.ufsm.br\/app\/uploads\/sites\/391\/2020\/08\/LIVE-150x150.jpeg 150w, https:\/\/www.ufsm.br\/app\/uploads\/sites\/391\/2020\/08\/LIVE-768x768.jpeg 768w, https:\/\/www.ufsm.br\/app\/uploads\/sites\/391\/2020\/08\/LIVE.jpeg 1080w\" sizes=\"(max-width: 300px) 100vw, 300px\" \/><\/p>\n<p style=\"font-weight: 400;text-align: center\"><strong>PANDEMIA CAUSADA PELO COVID-19<\/strong><\/p>\n<p style=\"font-weight: 400\">&#8220;A necessidade de distanciamento social em fun\u00e7\u00e3o da pandemia de COVID-19 provocou mudan\u00e7as na rotina, nos relacionamentos, no lazer e na maneira convencional de trabalhar e estudar. No momento, o maior desafio consiste em conseguir se adaptar \u00e0 nova realidade e suportar o per\u00edodo de incertezas.Nesse contexto, surge o questionamento: se todas as pessoas est\u00e3o enfrentando a mesma situa\u00e7\u00e3o, por que algumas parecem ter mais facilidade para lidar com isso, enquanto outras est\u00e3o apresentando cada vez mais sofrimento psicol\u00f3gico? Vamos conversar sobre como nossos pensamentos (que podem ser muito mais catastr\u00f3ficos do que a realidade) interferem no nosso humor e no nosso comportamento. Convidamos todos para participarem da live com a tem\u00e1tica \u201c\u2019A CULPA \u00c9 DA PANDEMIA\u2019: como seus pensamentos interferem no seu humor\u201d, pela Prof\u00aa. Dr\u00aa. Clarissa Tochetto, que acontecera\u0301 no dia 19 de agosto, \u00e0s 19h. A Prof\u00aa. Dr\u00aa. Clarissa Tochetto possui gradua\u00e7\u00e3o e mestrado em Psicologia pela Universidade Federal de Santa Maria (UFSM) e doutorado em Psicologia pela Universidade Federal do Rio Grande do Sul (UFRGS). \u00c9 especialista em Psicoterapia Cognitivo-Comportamental pela Wainer &amp; Piccoloto (WP). Atualmente, \u00e9 professora adjunta no Departamento de Psicologia da UFSM e coordenadora do Laborat\u00f3rio de Avalia\u00e7\u00e3o e Cl\u00ednica Cognitiva (LACCog)&#8221;.\u00a0<\/p>\n<p style=\"font-weight: 400\">Esse evento est\u00e1 sendo promovido pela Coordenadoria de A\u00e7\u00f5es Educacionais &#8211; CAED UFSM.<\/p>\n<p style=\"font-weight: 400\">Para acompanhar, acesse o link da live\u00a0<a href=\"https:\/\/youtu.be\/yvfIYnyuGEA\" data-saferedirecturl=\"https:\/\/www.google.com\/url?q=https:\/\/youtu.be\/yvfIYnyuGEA&amp;source=gmail&amp;ust=1597536754559000&amp;usg=AFQjCNFPzX3CpaS4wpI7R4x9AJnn2gT4xA\">https:\/\/youtu.be\/yvfIYnyuGEA<\/a>\u00a0no nosso canal no YouTube, ou acesse nosso Facebook COVIDPsiq.<\/p>\n<p style=\"font-weight: 400\">#covid19 #coronavirus #saudemental #psiquiatria #ufsm #covidpsiq.\u00a0<\/p>\n<p>\u00a0<\/p>\n","protected":false},"excerpt":{"rendered":"<p>A Universidade Federal de Santa Maria(UFSM)\/Coordenadoria de A\u00e7\u00f5es Educacionais\/Projeto COVIDPsiq divulgam evento on-line, LIVE, que ocorrer\u00e1 dia 19 de agosto de 2020, quarta-feira, \u00e0s 19h00min. Para acompanhar, acesse o link da live\u00a0https:\/\/youtu.be\/yvfIYnyuGEA, no canal do YouTube, ou acesse o Facebook COVIDPsiq. DESCRI\u00c7\u00c3O DE IMAGEM (EM ANEXO): ilustra\u00e7\u00e3o em formato quadrado, dividida em quatro faixas horizontais, [&hellip;]<\/p>\n","protected":false},"author":252,"featured_media":0,"comment_status":"closed","ping_status":"closed","sticky":false,"template":"","format":"standard","meta":{"footnotes":""},"categories":[1],"tags":[],"class_list":["post-3297","post","type-post","status-publish","format-standard","hentry","category-sem-categoria"],"acf":[],"_links":{"self":[{"href":"https:\/\/www.ufsm.br\/pro-reitorias\/prograd\/caed\/wp-json\/wp\/v2\/posts\/3297","targetHints":{"allow":["GET"]}}],"collection":[{"href":"https:\/\/www.ufsm.br\/pro-reitorias\/prograd\/caed\/wp-json\/wp\/v2\/posts"}],"about":[{"href":"https:\/\/www.ufsm.br\/pro-reitorias\/prograd\/caed\/wp-json\/wp\/v2\/types\/post"}],"author":[{"embeddable":true,"href":"https:\/\/www.ufsm.br\/pro-reitorias\/prograd\/caed\/wp-json\/wp\/v2\/users\/252"}],"replies":[{"embeddable":true,"href":"https:\/\/www.ufsm.br\/pro-reitorias\/prograd\/caed\/wp-json\/wp\/v2\/comments?post=3297"}],"version-history":[{"count":0,"href":"https:\/\/www.ufsm.br\/pro-reitorias\/prograd\/caed\/wp-json\/wp\/v2\/posts\/3297\/revisions"}],"wp:attachment":[{"href":"https:\/\/www.ufsm.br\/pro-reitorias\/prograd\/caed\/wp-json\/wp\/v2\/media?parent=3297"}],"wp:term":[{"taxonomy":"category","embeddable":true,"href":"https:\/\/www.ufsm.br\/pro-reitorias\/prograd\/caed\/wp-json\/wp\/v2\/categories?post=3297"},{"taxonomy":"post_tag","embeddable":true,"href":"https:\/\/www.ufsm.br\/pro-reitorias\/prograd\/caed\/wp-json\/wp\/v2\/tags?post=3297"}],"curies":[{"name":"wp","href":"https:\/\/api.w.org\/{rel}","templated":true}]}}