{"id":3322,"date":"2020-08-26T18:48:22","date_gmt":"2020-08-26T21:48:22","guid":{"rendered":"https:\/\/www.ufsm.br\/orgaos-executivos\/caed\/?p=3322"},"modified":"2020-08-26T18:49:48","modified_gmt":"2020-08-26T21:49:48","slug":"curso-basico-de-libras-inscricoes","status":"publish","type":"post","link":"https:\/\/www.ufsm.br\/pro-reitorias\/prograd\/caed\/2020\/08\/26\/curso-basico-de-libras-inscricoes","title":{"rendered":"CURSO B\u00c1SICO DE LIBRAS &#8211; INSCRI\u00c7\u00d5ES"},"content":{"rendered":"\n<div id=\"m_-6004063745521786336gmail-m_-6833721884463566691gmail-m_2791490566771624992m_755827645363545210m_-2597902289055160759gmail-:1vj\">\n<div id=\"m_-6004063745521786336gmail-m_-6833721884463566691gmail-m_2791490566771624992m_755827645363545210m_-2597902289055160759gmail-:1vi\">\n<div dir=\"ltr\">\n<div>A Universidade Federal de Santa Maria(UFSM)\/Coordenadoria de A\u00e7\u00f5es Educacionais (CAEd) comunica que est\u00e3o abertas as inscri\u00e7\u00f5es para o <b>curso on-line de Libras (n\u00edvel b\u00e1sico),\u00a0<\/b>para acad\u00eamicos, servidores da UFSM e comunidade em geral.<\/div>\n<div>\u00a0<\/div>\n<div>As inscri\u00e7\u00f5es estar\u00e3o abertas at\u00e9 o dia <b>28\/08\/2020 <\/b>e ser\u00e3o validadas conforme o n\u00famero de vagas.\u00a0<\/div>\n<div>\u00a0<\/div>\n<div>Os candidatos selecionados receber\u00e3o e-mail, contendo as informa\u00e7\u00f5es do link de acesso \u00e0s aulas, pela plataforma do Google Meet.<\/div>\n<div>\u00a0<\/div>\n<div>\u00c9 necess\u00e1rio que o candidato tenha acesso \u00e0 internet por meio de celular ou computador com c\u00e2mera.<\/div>\n<div>\u00a0<\/div>\n<div>Os encontros ser\u00e3o realizados todas \u00e0s quartas-feiras, das 14h30min \u00e0s 16h00min.<\/div>\n<\/div>\n<\/div>\n<\/div>\n<div id=\"m_-6004063745521786336gmail-m_-6833721884463566691gmail-m_2791490566771624992m_755827645363545210m_-2597902289055160759gmail-:1vj\">\n<div id=\"m_-6004063745521786336gmail-m_-6833721884463566691gmail-m_2791490566771624992m_755827645363545210m_-2597902289055160759gmail-:1vi\">\n<div dir=\"ltr\">\n<div>\u00a0<\/div>\n<\/div>\n<\/div>\n<\/div>\n<div id=\"m_-6004063745521786336gmail-m_-6833721884463566691gmail-m_2791490566771624992m_755827645363545210m_-2597902289055160759gmail-:1vj\">\n<div id=\"m_-6004063745521786336gmail-m_-6833721884463566691gmail-m_2791490566771624992m_755827645363545210m_-2597902289055160759gmail-:1vi\">\n<div dir=\"ltr\">\n<div><strong>CURSO B\u00c1SICO<\/strong><\/div>\n<div>Per\u00edodo das aulas: de 02\/09\/20 at\u00e9 09\/12\/2020.<\/div>\n<div>Dia da semana: quarta-feira, das 14h30min \u00e0s 16h00min.<\/div>\n<div>\u00a0<\/div>\n<div>Link para inscri\u00e7\u00e3o no\u00a0curso\u00a0<b>B\u00c1SICO\u00a0<\/b>de\u00a0Libras: <a href=\"https:\/\/forms.gle\/Ph8d1TbqBB3KRKkF9\" target=\"_blank\" rel=\"noopener noreferrer\" data-saferedirecturl=\"https:\/\/www.google.com\/url?q=https:\/\/forms.gle\/Ph8d1TbqBB3KRKkF9&amp;source=gmail&amp;ust=1598544560734000&amp;usg=AFQjCNGfcqr1ZMLh8MM37JajRWXMYYLBWQ\">https:\/\/forms.gle\/Ph8d1TbqBB3KRKkF9<\/a><\/div>\n<div>\u00a0<\/div>\n<\/div>\n<\/div>\n<\/div>\n","protected":false},"excerpt":{"rendered":"<p>A Universidade Federal de Santa Maria(UFSM)\/Coordenadoria de A\u00e7\u00f5es Educacionais (CAEd) comunica que est\u00e3o abertas as inscri\u00e7\u00f5es para o curso on-line de Libras (n\u00edvel b\u00e1sico),\u00a0para acad\u00eamicos, servidores da UFSM e comunidade em geral. \u00a0 As inscri\u00e7\u00f5es estar\u00e3o abertas at\u00e9 o dia 28\/08\/2020 e ser\u00e3o validadas conforme o n\u00famero de vagas.\u00a0 \u00a0 Os candidatos selecionados receber\u00e3o e-mail, [&hellip;]<\/p>\n","protected":false},"author":252,"featured_media":0,"comment_status":"closed","ping_status":"closed","sticky":false,"template":"","format":"standard","meta":{"footnotes":""},"categories":[1],"tags":[],"class_list":["post-3322","post","type-post","status-publish","format-standard","hentry","category-sem-categoria"],"acf":[],"_links":{"self":[{"href":"https:\/\/www.ufsm.br\/pro-reitorias\/prograd\/caed\/wp-json\/wp\/v2\/posts\/3322","targetHints":{"allow":["GET"]}}],"collection":[{"href":"https:\/\/www.ufsm.br\/pro-reitorias\/prograd\/caed\/wp-json\/wp\/v2\/posts"}],"about":[{"href":"https:\/\/www.ufsm.br\/pro-reitorias\/prograd\/caed\/wp-json\/wp\/v2\/types\/post"}],"author":[{"embeddable":true,"href":"https:\/\/www.ufsm.br\/pro-reitorias\/prograd\/caed\/wp-json\/wp\/v2\/users\/252"}],"replies":[{"embeddable":true,"href":"https:\/\/www.ufsm.br\/pro-reitorias\/prograd\/caed\/wp-json\/wp\/v2\/comments?post=3322"}],"version-history":[{"count":0,"href":"https:\/\/www.ufsm.br\/pro-reitorias\/prograd\/caed\/wp-json\/wp\/v2\/posts\/3322\/revisions"}],"wp:attachment":[{"href":"https:\/\/www.ufsm.br\/pro-reitorias\/prograd\/caed\/wp-json\/wp\/v2\/media?parent=3322"}],"wp:term":[{"taxonomy":"category","embeddable":true,"href":"https:\/\/www.ufsm.br\/pro-reitorias\/prograd\/caed\/wp-json\/wp\/v2\/categories?post=3322"},{"taxonomy":"post_tag","embeddable":true,"href":"https:\/\/www.ufsm.br\/pro-reitorias\/prograd\/caed\/wp-json\/wp\/v2\/tags?post=3322"}],"curies":[{"name":"wp","href":"https:\/\/api.w.org\/{rel}","templated":true}]}}