{"id":3335,"date":"2020-08-30T16:50:59","date_gmt":"2020-08-30T19:50:59","guid":{"rendered":"https:\/\/www.ufsm.br\/orgaos-executivos\/caed\/?p=3335"},"modified":"2020-08-30T16:50:59","modified_gmt":"2020-08-30T19:50:59","slug":"60-anos-da-ufsm","status":"publish","type":"post","link":"https:\/\/www.ufsm.br\/pro-reitorias\/prograd\/caed\/2020\/08\/30\/60-anos-da-ufsm","title":{"rendered":"60 Anos da UFSM"},"content":{"rendered":"\n<p>A Universidade Federal de Santa Maria(UFSM)\/Coordenadoria de A\u00e7\u00f5es Educacionais(UFSM) segue com a\u00e7\u00f5es alusivas aos 60 Anos da UFSM, a serem completados no corrente ano.<\/p>\n<p>Maiores informa\u00e7\u00f5es nos links a seguir:<\/p>\n<p><strong>Programa\u00e7\u00e3o:<\/strong> <a href=\"https:\/\/www.ufsm.br\/eventos\/60anosufsm\">https:\/\/www.ufsm.br\/eventos\/60anosufsm<\/a><\/p>\n<p><strong>Depoimentos de servidores e alunos:<\/strong><a href=\"https:\/\/www.ufsm.br\/depoimentos-60-anos-ufsm\/\"> https:\/\/www.ufsm.br\/depoimentos-60-anos-ufsm\/<\/a><\/p>\n","protected":false},"excerpt":{"rendered":"<p>A Universidade Federal de Santa Maria(UFSM)\/Coordenadoria de A\u00e7\u00f5es Educacionais(UFSM) segue com a\u00e7\u00f5es alusivas aos 60 Anos da UFSM, a serem completados no corrente ano. Maiores informa\u00e7\u00f5es nos links a seguir: Programa\u00e7\u00e3o: https:\/\/www.ufsm.br\/eventos\/60anosufsm Depoimentos de servidores e alunos: https:\/\/www.ufsm.br\/depoimentos-60-anos-ufsm\/<\/p>\n","protected":false},"author":252,"featured_media":0,"comment_status":"closed","ping_status":"closed","sticky":false,"template":"","format":"standard","meta":{"footnotes":""},"categories":[1],"tags":[],"class_list":["post-3335","post","type-post","status-publish","format-standard","hentry","category-sem-categoria"],"acf":[],"_links":{"self":[{"href":"https:\/\/www.ufsm.br\/pro-reitorias\/prograd\/caed\/wp-json\/wp\/v2\/posts\/3335","targetHints":{"allow":["GET"]}}],"collection":[{"href":"https:\/\/www.ufsm.br\/pro-reitorias\/prograd\/caed\/wp-json\/wp\/v2\/posts"}],"about":[{"href":"https:\/\/www.ufsm.br\/pro-reitorias\/prograd\/caed\/wp-json\/wp\/v2\/types\/post"}],"author":[{"embeddable":true,"href":"https:\/\/www.ufsm.br\/pro-reitorias\/prograd\/caed\/wp-json\/wp\/v2\/users\/252"}],"replies":[{"embeddable":true,"href":"https:\/\/www.ufsm.br\/pro-reitorias\/prograd\/caed\/wp-json\/wp\/v2\/comments?post=3335"}],"version-history":[{"count":0,"href":"https:\/\/www.ufsm.br\/pro-reitorias\/prograd\/caed\/wp-json\/wp\/v2\/posts\/3335\/revisions"}],"wp:attachment":[{"href":"https:\/\/www.ufsm.br\/pro-reitorias\/prograd\/caed\/wp-json\/wp\/v2\/media?parent=3335"}],"wp:term":[{"taxonomy":"category","embeddable":true,"href":"https:\/\/www.ufsm.br\/pro-reitorias\/prograd\/caed\/wp-json\/wp\/v2\/categories?post=3335"},{"taxonomy":"post_tag","embeddable":true,"href":"https:\/\/www.ufsm.br\/pro-reitorias\/prograd\/caed\/wp-json\/wp\/v2\/tags?post=3335"}],"curies":[{"name":"wp","href":"https:\/\/api.w.org\/{rel}","templated":true}]}}