{"id":3356,"date":"2020-08-31T15:45:22","date_gmt":"2020-08-31T18:45:22","guid":{"rendered":"https:\/\/www.ufsm.br\/orgaos-executivos\/caed\/?p=3356"},"modified":"2020-08-31T15:45:22","modified_gmt":"2020-08-31T18:45:22","slug":"7o-encontro-regional-de-promocao-da-vida-e-prevencao-do-suicidio-edicao-online","status":"publish","type":"post","link":"https:\/\/www.ufsm.br\/pro-reitorias\/prograd\/caed\/2020\/08\/31\/7o-encontro-regional-de-promocao-da-vida-e-prevencao-do-suicidio-edicao-online","title":{"rendered":"7\u00ba Encontro Regional de Promo\u00e7\u00e3o da Vida e Preven\u00e7\u00e3o do Suic\u00eddio &#8211;  edi\u00e7\u00e3o online"},"content":{"rendered":"\n<p>A Universidade Federal de Santa Maria(UFSM)\/Coordenadoria de A\u00e7\u00f5es Educacionais(CAEd) soma-se \u00e0 divulga\u00e7\u00e3o do 7\u00ba Encontro Regional de Promo\u00e7\u00e3o da Vida e Preven\u00e7\u00e3o do Suic\u00eddio.\u00a0<\/p>\n<p>Maiores informa\u00e7\u00f5es no link a seguir: <a href=\"https:\/\/www.ufsm.br\/2020\/08\/26\/7o-encontro-regional-de-promocao-da-vida-e-prevencao-do-suicidio-tera-edicao-online-em-setembro\/\">https:\/\/www.ufsm.br\/2020\/08\/26\/7o-encontro-regional-de-promocao-da-vida-e-prevencao-do-suicidio-tera-edicao-online-em-setembro\/<\/a><\/p>\n","protected":false},"excerpt":{"rendered":"<p>A Universidade Federal de Santa Maria(UFSM)\/Coordenadoria de A\u00e7\u00f5es Educacionais(CAEd) soma-se \u00e0 divulga\u00e7\u00e3o do 7\u00ba Encontro Regional de Promo\u00e7\u00e3o da Vida e Preven\u00e7\u00e3o do Suic\u00eddio.\u00a0 Maiores informa\u00e7\u00f5es no link a seguir: https:\/\/www.ufsm.br\/2020\/08\/26\/7o-encontro-regional-de-promocao-da-vida-e-prevencao-do-suicidio-tera-edicao-online-em-setembro\/<\/p>\n","protected":false},"author":252,"featured_media":0,"comment_status":"closed","ping_status":"closed","sticky":false,"template":"","format":"standard","meta":{"footnotes":""},"categories":[1],"tags":[],"class_list":["post-3356","post","type-post","status-publish","format-standard","hentry","category-sem-categoria"],"acf":[],"_links":{"self":[{"href":"https:\/\/www.ufsm.br\/pro-reitorias\/prograd\/caed\/wp-json\/wp\/v2\/posts\/3356","targetHints":{"allow":["GET"]}}],"collection":[{"href":"https:\/\/www.ufsm.br\/pro-reitorias\/prograd\/caed\/wp-json\/wp\/v2\/posts"}],"about":[{"href":"https:\/\/www.ufsm.br\/pro-reitorias\/prograd\/caed\/wp-json\/wp\/v2\/types\/post"}],"author":[{"embeddable":true,"href":"https:\/\/www.ufsm.br\/pro-reitorias\/prograd\/caed\/wp-json\/wp\/v2\/users\/252"}],"replies":[{"embeddable":true,"href":"https:\/\/www.ufsm.br\/pro-reitorias\/prograd\/caed\/wp-json\/wp\/v2\/comments?post=3356"}],"version-history":[{"count":0,"href":"https:\/\/www.ufsm.br\/pro-reitorias\/prograd\/caed\/wp-json\/wp\/v2\/posts\/3356\/revisions"}],"wp:attachment":[{"href":"https:\/\/www.ufsm.br\/pro-reitorias\/prograd\/caed\/wp-json\/wp\/v2\/media?parent=3356"}],"wp:term":[{"taxonomy":"category","embeddable":true,"href":"https:\/\/www.ufsm.br\/pro-reitorias\/prograd\/caed\/wp-json\/wp\/v2\/categories?post=3356"},{"taxonomy":"post_tag","embeddable":true,"href":"https:\/\/www.ufsm.br\/pro-reitorias\/prograd\/caed\/wp-json\/wp\/v2\/tags?post=3356"}],"curies":[{"name":"wp","href":"https:\/\/api.w.org\/{rel}","templated":true}]}}