{"id":3376,"date":"2020-09-01T21:00:44","date_gmt":"2020-09-02T00:00:44","guid":{"rendered":"https:\/\/www.ufsm.br\/orgaos-executivos\/caed\/?p=3376"},"modified":"2020-09-04T01:37:18","modified_gmt":"2020-09-04T04:37:18","slug":"producao-e-doacao-de-alcool-gel-na-ufsm","status":"publish","type":"post","link":"https:\/\/www.ufsm.br\/pro-reitorias\/prograd\/caed\/2020\/09\/01\/producao-e-doacao-de-alcool-gel-na-ufsm","title":{"rendered":"Produ\u00e7\u00e3o e Doa\u00e7\u00e3o de \u00c1lcool gel na UFSM"},"content":{"rendered":"\n<p>A Universidade Federal de Santa Maria (UFSM)\/Coordenadoria de A\u00e7\u00f5es Educacionais (CAEd) soma-se a divulga\u00e7\u00e3o da produ\u00e7\u00e3o e distribui\u00e7\u00e3o de \u00e1lcool gel, divididas por setores, na UFSM.<\/p>\n<p><strong>Descri\u00e7\u00e3o de imagem:<\/strong> imagem retangular, no sentido horizontal. Apresenta fundo na cor azul clara. No centro, escrito em letras na cor roxa,l\u00ea-se a seguinte frase: &#8220;Produ\u00e7\u00e3o e Doa\u00e7\u00e3o de \u00c1lcool na UFSM&#8221;. No canto inferior esquerdo, h\u00e1 a figura de duas m\u00e3os, que pressionam um dispenser de \u00c1lcool. No canto superior direito, h\u00e1 uma pequena etiqueta retangular, na cor roxa, com a ponta inferior arredondada, disposta verticalmente. Nessa etiqueta, h\u00e1 a figura do rosto de uma pessoa, usando uma m\u00e1scara na cor branca. Acima dessa figura, escrita em letras na cor branca, h\u00e1 a sigla &#8220;UFSM&#8221;. Abaixo da figura, escrita em letras na cor branca, h\u00e1 a inscri\u00e7\u00e3o &#8220;Contra a Covid-19&#8221;. No canto inferior direito, escrita em letras na cor roxa a frase, l\u00ea-se a inscri\u00e7\u00e3o &#8220;Atualiza\u00e7\u00e3o: Agosto\/2020&#8221;.\u00a0<\/p>\n<p><img fetchpriority=\"high\" decoding=\"async\" class=\"alignnone size-medium wp-image-3377\" src=\"https:\/\/www.ufsm.br\/app\/uploads\/sites\/391\/2020\/09\/4-1-300x251.jpeg\" alt=\"\" width=\"300\" height=\"251\" srcset=\"https:\/\/www.ufsm.br\/app\/uploads\/sites\/391\/2020\/09\/4-1-300x251.jpeg 300w, https:\/\/www.ufsm.br\/app\/uploads\/sites\/391\/2020\/09\/4-1-768x644.jpeg 768w, https:\/\/www.ufsm.br\/app\/uploads\/sites\/391\/2020\/09\/4-1.jpeg 940w\" sizes=\"(max-width: 300px) 100vw, 300px\" \/><\/p>\n<p><strong>Descri\u00e7\u00e3o de imagem:<\/strong> imagem retangular, no sentido horizontal, representando uma tabela, intitulada \u201cFarm\u00e1cia Escola\u201d. \u00c0 direita, h\u00e1 uma coluna com a descri\u00e7\u00e3o dos produtos; na linha superior, h\u00e1 uma linha com a denomina\u00e7\u00e3o dos setores que receberam os produtos. Nas c\u00e9lulas da tabela, h\u00e1 as quantidades dos produtos fornecidos aos setores. Relacionando os tr\u00eas dados, temos o seguinte: HUSM \u2013 \u00c1lcool gel \u2013 72,5 kg; HVU-\u00c1lcool gel-3,6 kg; HVU-\u00c1lcool L\u00edquido 70%- 6 litros; CEU-Sabonete L\u00edquido-30 kg-A\u00e7\u00f5es Sociais(com aux\u00edlio da Astoxilatin)-50 kg; HUSM-\u00c1lcool Glicerinado-372 litros; A\u00e7\u00f5es Sociais(com aux\u00edlio da Astoxilatin)- \u00c1lcool Glicerinado-30 litros.<\/p>\n<p><img decoding=\"async\" class=\"alignnone size-medium wp-image-3388\" src=\"https:\/\/www.ufsm.br\/app\/uploads\/sites\/391\/2020\/09\/Farmacia-300x251.jpg\" alt=\"\" width=\"300\" height=\"251\" srcset=\"https:\/\/www.ufsm.br\/app\/uploads\/sites\/391\/2020\/09\/Farmacia-300x251.jpg 300w, https:\/\/www.ufsm.br\/app\/uploads\/sites\/391\/2020\/09\/Farmacia-768x644.jpg 768w, https:\/\/www.ufsm.br\/app\/uploads\/sites\/391\/2020\/09\/Farmacia.jpg 940w\" sizes=\"(max-width: 300px) 100vw, 300px\" \/><\/p>\n<p><strong>Descri\u00e7\u00e3o de imagem:<\/strong> imagem retangular, no sentido horizontal, representando uma tabela, intitulada \u201cUsina Piloto de Etanol do Col\u00e9gio Polit\u00e9cnico\u201d. Possui fundo na cor azul clara e as c\u00e9lulas da tabela s\u00e3o na cor roxa. \u00c0 esquerda, h\u00e1 uma coluna com o nome dos produtos; na linha superior, est\u00e3o os setores da UFSM e as institui\u00e7\u00f5es que receberam os produtos; nas c\u00e9lulas, est\u00e1 as quantidades dos produtos. Relacionando os tr\u00eas dados, temos as informa\u00e7\u00f5es a seguir. No item \u00e1lcool gel, temos a seguinte distribui\u00e7\u00e3o: Col\u00e9gio Polit\u00e9cnico-30kg; CEU-250kg; Receita Federal-110 kg; UNIPAMPA Dom Pedrito-120 kg; PRE-18 kg; Frederico Westphalen-10kg; Polifeira UFSM-20kg. No item \u00c1lcool L\u00edquido 70%, temos a seguinte distribui\u00e7\u00e3o: Col\u00e9gio Polit\u00e9cnico-66 litros; CEU-150 litros; Receita Federal-400 litros; PRAE- 20 litros; PRE-150 litros; CTISM-10 litros; Frederico Westphalen-76 litros; Pelotas-2000 litros; Dep. Qu\u00edmica-20 litros. Para o item \u00e1lcool l\u00edquido 92%, temos a seguinte distribui\u00e7\u00e3o: UNIPAMPA Dom Pedrito-1300 litros; UNIPAMPA Uruguaiana-400 litros; Frederico Westpahalen-100 litros. Para o item \u00c1lcool Glicerinado, temos a seguinte distribui\u00e7\u00e3o: CEU-60 litros; UNIPAMPA Dom Pedrito-120 litros; PRAE-40 litros; PRE-60 litros; Prefeitura SM-40 litros; Cachoeira do Sul-218 litros; Santu\u00e1rio Bas\u00edlica NSM-40 litros; FEICOOP-20 litros; Dep. Qu\u00edmica-5 litros.<\/p>\n<p><img decoding=\"async\" class=\"alignnone size-medium wp-image-3399\" src=\"https:\/\/www.ufsm.br\/app\/uploads\/sites\/391\/2020\/09\/1-300x251.jpg\" alt=\"\" width=\"300\" height=\"251\" srcset=\"https:\/\/www.ufsm.br\/app\/uploads\/sites\/391\/2020\/09\/1-300x251.jpg 300w, https:\/\/www.ufsm.br\/app\/uploads\/sites\/391\/2020\/09\/1-768x644.jpg 768w, https:\/\/www.ufsm.br\/app\/uploads\/sites\/391\/2020\/09\/1.jpg 940w\" sizes=\"(max-width: 300px) 100vw, 300px\" \/><img loading=\"lazy\" decoding=\"async\" class=\"alignnone size-medium wp-image-3400\" src=\"https:\/\/www.ufsm.br\/app\/uploads\/sites\/391\/2020\/09\/2-1-300x251.jpg\" alt=\"\" width=\"300\" height=\"251\" srcset=\"https:\/\/www.ufsm.br\/app\/uploads\/sites\/391\/2020\/09\/2-1-300x251.jpg 300w, https:\/\/www.ufsm.br\/app\/uploads\/sites\/391\/2020\/09\/2-1-768x644.jpg 768w, https:\/\/www.ufsm.br\/app\/uploads\/sites\/391\/2020\/09\/2-1.jpg 940w\" sizes=\"(max-width: 300px) 100vw, 300px\" \/><\/p>\n<p>\u00a0<\/p>\n","protected":false},"excerpt":{"rendered":"<p>A Universidade Federal de Santa Maria (UFSM)\/Coordenadoria de A\u00e7\u00f5es Educacionais (CAEd) soma-se a divulga\u00e7\u00e3o da produ\u00e7\u00e3o e distribui\u00e7\u00e3o de \u00e1lcool gel, divididas por setores, na UFSM. Descri\u00e7\u00e3o de imagem: imagem retangular, no sentido horizontal. Apresenta fundo na cor azul clara. No centro, escrito em letras na cor roxa,l\u00ea-se a seguinte frase: &#8220;Produ\u00e7\u00e3o e Doa\u00e7\u00e3o de [&hellip;]<\/p>\n","protected":false},"author":252,"featured_media":0,"comment_status":"closed","ping_status":"closed","sticky":false,"template":"","format":"standard","meta":{"footnotes":""},"categories":[1],"tags":[],"class_list":["post-3376","post","type-post","status-publish","format-standard","hentry","category-sem-categoria"],"acf":[],"_links":{"self":[{"href":"https:\/\/www.ufsm.br\/pro-reitorias\/prograd\/caed\/wp-json\/wp\/v2\/posts\/3376","targetHints":{"allow":["GET"]}}],"collection":[{"href":"https:\/\/www.ufsm.br\/pro-reitorias\/prograd\/caed\/wp-json\/wp\/v2\/posts"}],"about":[{"href":"https:\/\/www.ufsm.br\/pro-reitorias\/prograd\/caed\/wp-json\/wp\/v2\/types\/post"}],"author":[{"embeddable":true,"href":"https:\/\/www.ufsm.br\/pro-reitorias\/prograd\/caed\/wp-json\/wp\/v2\/users\/252"}],"replies":[{"embeddable":true,"href":"https:\/\/www.ufsm.br\/pro-reitorias\/prograd\/caed\/wp-json\/wp\/v2\/comments?post=3376"}],"version-history":[{"count":0,"href":"https:\/\/www.ufsm.br\/pro-reitorias\/prograd\/caed\/wp-json\/wp\/v2\/posts\/3376\/revisions"}],"wp:attachment":[{"href":"https:\/\/www.ufsm.br\/pro-reitorias\/prograd\/caed\/wp-json\/wp\/v2\/media?parent=3376"}],"wp:term":[{"taxonomy":"category","embeddable":true,"href":"https:\/\/www.ufsm.br\/pro-reitorias\/prograd\/caed\/wp-json\/wp\/v2\/categories?post=3376"},{"taxonomy":"post_tag","embeddable":true,"href":"https:\/\/www.ufsm.br\/pro-reitorias\/prograd\/caed\/wp-json\/wp\/v2\/tags?post=3376"}],"curies":[{"name":"wp","href":"https:\/\/api.w.org\/{rel}","templated":true}]}}