{"id":3381,"date":"2020-09-02T21:54:27","date_gmt":"2020-09-03T00:54:27","guid":{"rendered":"https:\/\/www.ufsm.br\/orgaos-executivos\/caed\/?p=3381"},"modified":"2020-09-02T21:54:27","modified_gmt":"2020-09-03T00:54:27","slug":"manual-de-biosseguranca-da-ufsm-durante-a-pandemia-do-covid-19","status":"publish","type":"post","link":"https:\/\/www.ufsm.br\/pro-reitorias\/prograd\/caed\/2020\/09\/02\/manual-de-biosseguranca-da-ufsm-durante-a-pandemia-do-covid-19","title":{"rendered":"Manual de Biosseguran\u00e7a da UFSM durante a pandemia do COVID-19"},"content":{"rendered":"\n<p>A Universidade Federal de Santa Maria (UFSM)\/Coordenadoria de A\u00e7\u00f5es Educacionais (CAEd) divulga o Manual de Biosseguran\u00e7a da UFSM durante a pandemia do COVID-19.<\/p>\n<p>O documento completo est\u00e1 em anexo.\u00a0<\/p>\n<p><strong>Descri\u00e7\u00e3o de imagem:<\/strong> imagem retangular na vertical. Fundo em duas cores, sendo a metade direita na cor azul acinzentada e a metade esquerda na cor branca. No centro, h\u00e1 a figura de uma pessoa vestida com equipamentos de seguran\u00e7a, como capacete, m\u00e1scara e jaleco. Na metade direita, onde o fundo \u00e9 azul acinzentado, a figura \u00e9 na cor branca; na metade esquerda, onde o fundo \u00e9 branco, a figura \u00e9 na cor azul acinzentado. Dispostos aleatoriamente em toda a imagem, h\u00e1 doze desenhos de um v\u00edrus, com formato circular, contendo pontas arredondadas ao redor. Seis desses desenhos s\u00e3o na cor branca e seis s\u00e3o na cor azul acinzentada. No canto superior direito da imagem, est\u00e1 escrito, em letras na cor branca, a seguinte frase: Manual de Biosseguran\u00e7a. Abaixo dessa, h\u00e1 outra frase, com letras na cor azul escura, na qual l\u00ea-se o seguinte: \u201cPara a comunidade acad\u00eamica durante a pandemia de Covid-19\u201d. No canto superior esquerdo, h\u00e1 uma pequena etiqueta retangular, disposi\u00e7\u00e3o vertical, na cor roxa, com a ponta inferior arredondada. Nessa etiqueta, h\u00e1 a figura do rosto de uma pessoa, usando uma m\u00e1scara, sendo esse acess\u00f3rio na cor branca. Acima dessa figura, escrito em letras na cor branca, l\u00ea-se a sigla \u201cUFSM\u201d. Abaixo da figura, escrito em letras na cor branca, h\u00e1 a inscri\u00e7\u00e3o: \u201cContra a Covid-19\u201d. No canto inferior esquerdo, h\u00e1 o bras\u00e3o da Universidade Federal de Santa Maria (UFSM), formado pelos seguintes elementos: tr\u00eas archotes de fogo, que simbolizam os tr\u00eas pilares da universidade: ensino, pesquisa e extens\u00e3o; a flor-de-lis, simbolizando a purifica\u00e7\u00e3o, e os archotes com a chama do conhecimento, representando a luz que ilumina o caminho para a sabedoria; o bras\u00e3o, denotando moral e respeito; a frase em latim \u201cSedes Sapientiae\u201d, que significa sede (lugar, casa) da sabedoria*. No \u00e2ngulo inferior direito, l\u00ea-se, em letras na cor branca, o seguinte: \u201cSanta Maria, 29 de julho de 2020\u201d.<\/p>\n<p>*Fonte da descri\u00e7\u00e3o do bras\u00e3o da UFSM: Identidade Visual (<a href=\"https:\/\/www.ufsm.br\/identidade-institucional\/\">https:\/\/www.ufsm.br\/identidade-institucional\/<\/a>), em 02 de setembro de 2020.<\/p>\n<p>\u00a0<\/p>\n<p><a href=\"https:\/\/www.ufsm.br\/app\/uploads\/sites\/391\/2020\/09\/Manual-de-Biosseguranca.pdf\">Manual de Biosseguran\u00e7a da UFSM. COVID-19<\/a><\/p>\n","protected":false},"excerpt":{"rendered":"<p>A Universidade Federal de Santa Maria (UFSM)\/Coordenadoria de A\u00e7\u00f5es Educacionais (CAEd) divulga o Manual de Biosseguran\u00e7a da UFSM durante a pandemia do COVID-19. O documento completo est\u00e1 em anexo.\u00a0 Descri\u00e7\u00e3o de imagem: imagem retangular na vertical. Fundo em duas cores, sendo a metade direita na cor azul acinzentada e a metade esquerda na cor branca. [&hellip;]<\/p>\n","protected":false},"author":252,"featured_media":0,"comment_status":"closed","ping_status":"closed","sticky":false,"template":"","format":"standard","meta":{"footnotes":""},"categories":[1],"tags":[],"class_list":["post-3381","post","type-post","status-publish","format-standard","hentry","category-sem-categoria"],"acf":[],"_links":{"self":[{"href":"https:\/\/www.ufsm.br\/pro-reitorias\/prograd\/caed\/wp-json\/wp\/v2\/posts\/3381","targetHints":{"allow":["GET"]}}],"collection":[{"href":"https:\/\/www.ufsm.br\/pro-reitorias\/prograd\/caed\/wp-json\/wp\/v2\/posts"}],"about":[{"href":"https:\/\/www.ufsm.br\/pro-reitorias\/prograd\/caed\/wp-json\/wp\/v2\/types\/post"}],"author":[{"embeddable":true,"href":"https:\/\/www.ufsm.br\/pro-reitorias\/prograd\/caed\/wp-json\/wp\/v2\/users\/252"}],"replies":[{"embeddable":true,"href":"https:\/\/www.ufsm.br\/pro-reitorias\/prograd\/caed\/wp-json\/wp\/v2\/comments?post=3381"}],"version-history":[{"count":0,"href":"https:\/\/www.ufsm.br\/pro-reitorias\/prograd\/caed\/wp-json\/wp\/v2\/posts\/3381\/revisions"}],"wp:attachment":[{"href":"https:\/\/www.ufsm.br\/pro-reitorias\/prograd\/caed\/wp-json\/wp\/v2\/media?parent=3381"}],"wp:term":[{"taxonomy":"category","embeddable":true,"href":"https:\/\/www.ufsm.br\/pro-reitorias\/prograd\/caed\/wp-json\/wp\/v2\/categories?post=3381"},{"taxonomy":"post_tag","embeddable":true,"href":"https:\/\/www.ufsm.br\/pro-reitorias\/prograd\/caed\/wp-json\/wp\/v2\/tags?post=3381"}],"curies":[{"name":"wp","href":"https:\/\/api.w.org\/{rel}","templated":true}]}}