{"id":3384,"date":"2020-09-02T21:58:38","date_gmt":"2020-09-03T00:58:38","guid":{"rendered":"https:\/\/www.ufsm.br\/orgaos-executivos\/caed\/?p=3384"},"modified":"2020-09-21T09:43:50","modified_gmt":"2020-09-21T12:43:50","slug":"resolucao-n-024-de-11-de-agosto-de-2020-regula-o-regime-de-exercicios-domiciliares-especiais-rede","status":"publish","type":"post","link":"https:\/\/www.ufsm.br\/pro-reitorias\/prograd\/caed\/2020\/09\/02\/resolucao-n-024-de-11-de-agosto-de-2020-regula-o-regime-de-exercicios-domiciliares-especiais-rede","title":{"rendered":"RESOLU\u00c7\u00c3O N. 024, DE 11 DE AGOSTO DE 2020 &#8211; Regula o Regime de Exerc\u00edcios Domiciliares Especiais (REDE)"},"content":{"rendered":"\n<p>A Universidade Federal de Santa Maria (UFSM)\/Coordenadoria de A\u00e7\u00f5es Educacionais (CAEd) soma-se \u00e0 divulga\u00e7\u00e3o da Resolu\u00e7\u00e3o N. 024\/2020, que regula o Regime de Exerc\u00edcios Domiciliares Especiais (REDE). Documento completo em anexo.<\/p>\n<p><a href=\"https:\/\/www.ufsm.br\/app\/uploads\/sites\/391\/2020\/09\/Resolucao-do-REDE.pdf\">Resolu\u00e7\u00e3o do REDE (Rede de Exerc\u00edcios Domiciliares Especiais)<\/a><\/p>\n","protected":false},"excerpt":{"rendered":"<p>A Universidade Federal de Santa Maria (UFSM)\/Coordenadoria de A\u00e7\u00f5es Educacionais (CAEd) soma-se \u00e0 divulga\u00e7\u00e3o da Resolu\u00e7\u00e3o N. 024\/2020, que regula o Regime de Exerc\u00edcios Domiciliares Especiais (REDE). Documento completo em anexo. Resolu\u00e7\u00e3o do REDE (Rede de Exerc\u00edcios Domiciliares Especiais)<\/p>\n","protected":false},"author":252,"featured_media":0,"comment_status":"closed","ping_status":"closed","sticky":false,"template":"","format":"standard","meta":{"footnotes":""},"categories":[1],"tags":[98],"class_list":["post-3384","post","type-post","status-publish","format-standard","hentry","category-sem-categoria","tag-setembroamarelo"],"acf":[],"_links":{"self":[{"href":"https:\/\/www.ufsm.br\/pro-reitorias\/prograd\/caed\/wp-json\/wp\/v2\/posts\/3384","targetHints":{"allow":["GET"]}}],"collection":[{"href":"https:\/\/www.ufsm.br\/pro-reitorias\/prograd\/caed\/wp-json\/wp\/v2\/posts"}],"about":[{"href":"https:\/\/www.ufsm.br\/pro-reitorias\/prograd\/caed\/wp-json\/wp\/v2\/types\/post"}],"author":[{"embeddable":true,"href":"https:\/\/www.ufsm.br\/pro-reitorias\/prograd\/caed\/wp-json\/wp\/v2\/users\/252"}],"replies":[{"embeddable":true,"href":"https:\/\/www.ufsm.br\/pro-reitorias\/prograd\/caed\/wp-json\/wp\/v2\/comments?post=3384"}],"version-history":[{"count":0,"href":"https:\/\/www.ufsm.br\/pro-reitorias\/prograd\/caed\/wp-json\/wp\/v2\/posts\/3384\/revisions"}],"wp:attachment":[{"href":"https:\/\/www.ufsm.br\/pro-reitorias\/prograd\/caed\/wp-json\/wp\/v2\/media?parent=3384"}],"wp:term":[{"taxonomy":"category","embeddable":true,"href":"https:\/\/www.ufsm.br\/pro-reitorias\/prograd\/caed\/wp-json\/wp\/v2\/categories?post=3384"},{"taxonomy":"post_tag","embeddable":true,"href":"https:\/\/www.ufsm.br\/pro-reitorias\/prograd\/caed\/wp-json\/wp\/v2\/tags?post=3384"}],"curies":[{"name":"wp","href":"https:\/\/api.w.org\/{rel}","templated":true}]}}