{"id":339,"date":"2018-08-08T18:16:38","date_gmt":"2018-08-08T21:16:38","guid":{"rendered":"https:\/\/www.ufsm.br\/orgaos-executivos\/caed\/2018\/08\/08\/inscricoes-para-o-curso-de-libras-para-academicos-servidores-da-ufsm-e-comunidade-em-geral\/"},"modified":"2018-08-08T18:16:38","modified_gmt":"2018-08-08T21:16:38","slug":"inscricoes-para-o-curso-de-libras-para-academicos-servidores-da-ufsm-e-comunidade-em-geral","status":"publish","type":"post","link":"https:\/\/www.ufsm.br\/pro-reitorias\/prograd\/caed\/2018\/08\/08\/inscricoes-para-o-curso-de-libras-para-academicos-servidores-da-ufsm-e-comunidade-em-geral","title":{"rendered":"Inscri\u00e7\u00f5es para o curso de Libras para acad\u00eamicos, servidores da UFSM e comunidade em geral."},"content":{"rendered":"<div id=\"yiv8542721963m_755827645363545210m_-2597902289055160759gmail-:1vj\" class=\"yiv8542721963m_755827645363545210m_-2597902289055160759gmail-ii yiv8542721963m_755827645363545210m_-2597902289055160759gmail-gt\" style=\"direction: ltr; margin: 5px 15px 0px 0px; padding-bottom: 5px;\">\n<div id=\"yiv8542721963m_755827645363545210m_-2597902289055160759gmail-:1vi\" class=\"yiv8542721963m_755827645363545210m_-2597902289055160759gmail-a3s yiv8542721963m_755827645363545210m_-2597902289055160759gmail-aXjCH yiv8542721963m_755827645363545210m_-2597902289055160759gmail-m16201b946d6e5bce\" style=\"overflow: hidden;\">\n<div dir=\"ltr\">\n<div style=\"font-size: 12.8px;\"><span style=\"font-size: 12pt; font-family: arial, helvetica, sans-serif; color: #000000;\">As inscri&ccedil;&otilde;es estar&atilde;o abertas at&eacute; o dia&nbsp;<strong>12\/08\/2018 <\/strong>e<strong>&nbsp;<\/strong>ser&atilde;o validadas conforme o n&uacute;mero de vagas.<\/span><\/div>\n<div style=\"font-size: 12.8px;\"><span style=\"font-size: 12pt; font-family: arial, helvetica, sans-serif; color: #000000;\">Selecione o link para inscri&ccedil;&atilde;o do&nbsp;<span class=\"yiv8542721963m_755827645363545210m_-2597902289055160759gmail-il\">curso&nbsp;<\/span>b&aacute;sico ou intermedi&aacute;rio.&nbsp;<\/span><\/div>\n<div style=\"font-size: 12.8px;\"><span style=\"font-family: arial, helvetica, sans-serif; color: #000000;\"><strong><span style=\"font-size: 12pt;\">Para o&nbsp;<span class=\"yiv8542721963m_755827645363545210m_-2597902289055160759gmail-il\">curso<\/span>&nbsp;intermedi&aacute;rio, ser&aacute; exigida a apresenta&ccedil;&atilde;o de certificado de&nbsp;<span class=\"yiv8542721963m_755827645363545210m_-2597902289055160759gmail-il\">curso b&aacute;sico<\/span>&nbsp;realizado anteriormente.&nbsp;&nbsp;<\/span><\/strong><\/span><\/div>\n<div style=\"font-size: 12.8px;\"><span style=\"font-size: 12pt; font-family: arial, helvetica, sans-serif; color: #000000;\">Os candidatos selecionados receber&atilde;o e-mail com as informa&ccedil;&otilde;es do local das aulas.<\/span><\/div>\n<\/p><\/div>\n<\/p><\/div>\n<\/p><\/div>\n<div id=\"yiv8542721963m_755827645363545210m_-2597902289055160759gmail-:1vj\" class=\"yiv8542721963m_755827645363545210m_-2597902289055160759gmail-ii yiv8542721963m_755827645363545210m_-2597902289055160759gmail-gt\" style=\"direction: ltr; margin: 5px 15px 0px 0px; padding-bottom: 5px;\">\n<div id=\"yiv8542721963m_755827645363545210m_-2597902289055160759gmail-:1vi\" class=\"yiv8542721963m_755827645363545210m_-2597902289055160759gmail-a3s yiv8542721963m_755827645363545210m_-2597902289055160759gmail-aXjCH yiv8542721963m_755827645363545210m_-2597902289055160759gmail-m16201b946d6e5bce\" style=\"overflow: hidden;\">\n<div dir=\"ltr\">\n<div style=\"font-size: 12.8px;\"><span style=\"font-family: arial, helvetica, sans-serif; color: #000000;\"><strong><span style=\"font-size: 12pt;\">CURSO B&Aacute;SICO<\/span><\/strong><\/span><\/div>\n<div style=\"font-size: 12.8px;\"><span style=\"font-family: arial, helvetica, sans-serif; color: #000000;\"><\/span><\/div>\n<div>\n<div><span style=\"font-size: 12pt; font-family: arial, helvetica, sans-serif; color: #000000;\">As aulas iniciam dia 16\/08 e terminam em&nbsp; 06\/12 de 2018, ocorrendo todas as quintas-feiras, das 16h30min &agrave;s 18h30min.<\/span><\/div>\n<\/p><\/div>\n<div><span style=\"font-size: 12pt; font-family: arial, helvetica, sans-serif; color: #000000;\"><\/span><\/div>\n<div style=\"font-size: 12.8px;\"><span style=\"font-size: 12pt; font-family: arial, helvetica, sans-serif; color: #000000;\">Link para inscri&ccedil;&atilde;o no&nbsp;<span class=\"yiv8542721963m_755827645363545210m_-2597902289055160759gmail-il\">curso<\/span>&nbsp;<strong>B&Aacute;SICO<\/strong><strong>&nbsp;<\/strong>de&nbsp;<span class=\"yiv8542721963m_755827645363545210m_-2597902289055160759gmail-il\">Libras<\/span>:<\/span><\/div>\n<div style=\"font-size: 12.8px;\"><span style=\"font-size: 12pt; font-family: arial, helvetica, sans-serif; color: #000000;\"><\/span><\/div>\n<div><span style=\"text-decoration: underline; color: #0000ff;\"><span style=\"font-size: 12pt; font-family: arial, helvetica, sans-serif;\"><a href=\"https:\/\/docs.google.com\/forms\/d\/1j7nGhPHd0m5tHzbY2mkSIzYt_U1rjQ5Wnh9b2YyXOBc\/edit\" target=\"_blank\" rel=\"nofollow\" style=\"color: #0000ff; text-decoration: underline;\">https:\/\/docs.google.com\/forms\/ d\/1j7nGhPHd0m5tHzbY2mkSIzYt_U1 rjQ5Wnh9b2YyXOBc\/edit<\/a><\/span><\/span><\/div>\n<div>&nbsp;<\/div>\n<div><span style=\"color: #000000;\"><\/span><\/div>\n<div><span style=\"font-family: arial, helvetica, sans-serif; color: #000000;\"><\/span><\/div>\n<div><span style=\"font-size: 12pt; font-family: arial, helvetica, sans-serif; color: #000000;\"><\/span><\/div>\n<div><span style=\"font-size: 12pt; font-family: arial, helvetica, sans-serif; color: #000000;\"><\/span><\/div>\n<div><span style=\"font-family: arial, helvetica, sans-serif; color: #000000;\"><strong><span style=\"font-size: 12pt;\">CURSO INTERMEDI&Aacute;RIO<\/span><\/strong><\/span><\/div>\n<div><span style=\"font-family: arial, helvetica, sans-serif; color: #000000;\"><\/span><\/div>\n<div style=\"font-size: 12.8px;\"><span style=\"font-size: 12pt; font-family: arial, helvetica, sans-serif; color: #000000;\">As aulas iniciam dia 20\/08 e terminam em 26\/11 de 2018, ocorrendo todas as segundas-feiras, das 16h30min &agrave;s 18h30min.<\/span><\/div>\n<div style=\"font-size: 12.8px;\"><span style=\"font-size: 12pt; font-family: arial, helvetica, sans-serif; color: #000000;\">Link para inscri&ccedil;&atilde;o no&nbsp;<span class=\"yiv8542721963m_755827645363545210m_-2597902289055160759gmail-il\">curso<\/span>&nbsp;&nbsp;<strong>INTERMEDI&Aacute;RIO<\/strong>&nbsp;de&nbsp;<span class=\"yiv8542721963m_755827645363545210m_-2597902289055160759gmail-il\">Libras<\/span>:<\/span><\/div>\n<div style=\"font-size: 12.8px;\"><span style=\"font-size: 12pt; font-family: arial, helvetica, sans-serif; color: #000000;\">Aten&ccedil;&atilde;o: Para realizar o&nbsp;<span class=\"yiv8542721963m_755827645363545210m_-2597902289055160759gmail-il\">curso<\/span>&nbsp;intermedi&aacute;rio,&nbsp;<strong>&eacute; necess&aacute;rio apresentar o certificado do&nbsp;<span class=\"yiv8542721963m_755827645363545210m_-2597902289055160759gmail-il\">curso<\/span>&nbsp;b&aacute;sico,<\/strong>&nbsp;por email.<\/span><\/div>\n<div style=\"font-size: 12.8px;\"><span style=\"color: #000000;\"><span style=\"font-size: 12pt; font-family: arial, helvetica, sans-serif;\"><\/span><span style=\"text-decoration: underline; color: #0000ff;\"><span style=\"font-size: 12pt; font-family: arial, helvetica, sans-serif;\"><a href=\"https:\/\/docs.google.com\/forms\/d\/1qFleM0rG4aGWXCNjrRhqHfvIxtfMiO5ySUNLshh79R8\/edit\" target=\"_blank\" rel=\"nofollow\" style=\"color: #0000ff; text-decoration: underline;\">https:\/\/docs.google.com\/forms\/ d\/1qFleM0rG4aGWXCNjrRhqHfvIxtf MiO5ySUNLshh79R8\/edit<\/a><\/span><\/span><\/span><\/div>\n<\/p><\/div>\n<\/p><\/div>\n<\/p><\/div>\n<div id=\"yiv8542721963m_755827645363545210m_-2597902289055160759gmail-:1vj\" class=\"yiv8542721963m_755827645363545210m_-2597902289055160759gmail-ii yiv8542721963m_755827645363545210m_-2597902289055160759gmail-gt\" style=\"direction: ltr; margin: 5px 15px 0px 0px; padding-bottom: 5px;\">\n<div id=\"yiv8542721963m_755827645363545210m_-2597902289055160759gmail-:1vi\" class=\"yiv8542721963m_755827645363545210m_-2597902289055160759gmail-a3s yiv8542721963m_755827645363545210m_-2597902289055160759gmail-aXjCH yiv8542721963m_755827645363545210m_-2597902289055160759gmail-m16201b946d6e5bce\" style=\"overflow: hidden;\">\n<div dir=\"ltr\">\n<div style=\"color: #26282a; font-family: 'Helvetica Neue', Helvetica, Arial, sans-serif; font-size: 13px;\"><span style=\"font-size: 12pt; font-family: 'arial black', 'avant garde'; color: #000000;\"><\/span><\/div>\n<div style=\"color: #26282a; font-family: 'Helvetica Neue', Helvetica, Arial, sans-serif; font-size: 13px;\"><span style=\"font-size: 12pt;\"><\/span><\/div>\n<div style=\"color: #26282a; font-family: 'Helvetica Neue', Helvetica, Arial, sans-serif; font-size: 13px;\"><span style=\"font-size: 12pt;\"><\/span><\/div>\n<div style=\"color: #26282a; font-family: 'Helvetica Neue', Helvetica, Arial, sans-serif; font-size: 13px;\"><span style=\"font-size: 12pt;\"><\/span><\/div>\n<div style=\"color: #26282a; font-family: 'Helvetica Neue', Helvetica, Arial, sans-serif; font-size: 13px;\"><span style=\"font-size: 12pt;\"><\/span><\/div>\n<p>&nbsp;<\/p>\n<\/p><\/div>\n<\/p><\/div>\n<\/p><\/div>\n","protected":false},"excerpt":{"rendered":"<p>As inscri&ccedil;&otilde;es estar&atilde;o abertas at&eacute; o dia&nbsp;12\/08\/2018 e&nbsp;ser&atilde;o validadas conforme o n&uacute;mero de vagas. Selecione o link para inscri&ccedil;&atilde;o do&nbsp;curso&nbsp;b&aacute;sico ou intermedi&aacute;rio.&nbsp; Para o&nbsp;curso&nbsp;intermedi&aacute;rio, ser&aacute; exigida a apresenta&ccedil;&atilde;o de certificado de&nbsp;curso b&aacute;sico&nbsp;realizado anteriormente.&nbsp;&nbsp; Os candidatos selecionados receber&atilde;o e-mail com as informa&ccedil;&otilde;es do local das aulas. CURSO B&Aacute;SICO As aulas iniciam dia 16\/08 e terminam em&nbsp; [&hellip;]<\/p>\n","protected":false},"author":25,"featured_media":0,"comment_status":"closed","ping_status":"closed","sticky":false,"template":"","format":"standard","meta":{"footnotes":""},"categories":[1],"tags":[],"class_list":["post-339","post","type-post","status-publish","format-standard","hentry","category-sem-categoria"],"acf":[],"_links":{"self":[{"href":"https:\/\/www.ufsm.br\/pro-reitorias\/prograd\/caed\/wp-json\/wp\/v2\/posts\/339","targetHints":{"allow":["GET"]}}],"collection":[{"href":"https:\/\/www.ufsm.br\/pro-reitorias\/prograd\/caed\/wp-json\/wp\/v2\/posts"}],"about":[{"href":"https:\/\/www.ufsm.br\/pro-reitorias\/prograd\/caed\/wp-json\/wp\/v2\/types\/post"}],"author":[{"embeddable":true,"href":"https:\/\/www.ufsm.br\/pro-reitorias\/prograd\/caed\/wp-json\/wp\/v2\/users\/25"}],"replies":[{"embeddable":true,"href":"https:\/\/www.ufsm.br\/pro-reitorias\/prograd\/caed\/wp-json\/wp\/v2\/comments?post=339"}],"version-history":[{"count":0,"href":"https:\/\/www.ufsm.br\/pro-reitorias\/prograd\/caed\/wp-json\/wp\/v2\/posts\/339\/revisions"}],"wp:attachment":[{"href":"https:\/\/www.ufsm.br\/pro-reitorias\/prograd\/caed\/wp-json\/wp\/v2\/media?parent=339"}],"wp:term":[{"taxonomy":"category","embeddable":true,"href":"https:\/\/www.ufsm.br\/pro-reitorias\/prograd\/caed\/wp-json\/wp\/v2\/categories?post=339"},{"taxonomy":"post_tag","embeddable":true,"href":"https:\/\/www.ufsm.br\/pro-reitorias\/prograd\/caed\/wp-json\/wp\/v2\/tags?post=339"}],"curies":[{"name":"wp","href":"https:\/\/api.w.org\/{rel}","templated":true}]}}