{"id":3423,"date":"2020-09-15T11:57:32","date_gmt":"2020-09-15T14:57:32","guid":{"rendered":"https:\/\/www.ufsm.br\/orgaos-executivos\/caed\/?p=3423"},"modified":"2020-09-15T11:57:33","modified_gmt":"2020-09-15T14:57:33","slug":"adaptacao-de-materiais-didaticos-para-estudantes-com-deficiencia-visual-palestra","status":"publish","type":"post","link":"https:\/\/www.ufsm.br\/pro-reitorias\/prograd\/caed\/2020\/09\/15\/adaptacao-de-materiais-didaticos-para-estudantes-com-deficiencia-visual-palestra","title":{"rendered":"ADAPTA\u00c7\u00c3O DE MATERIAIS DID\u00c1TICOS PARA ESTUDANTES COM DEFICI\u00caNCIA VISUAL &#8211; PALESTRA"},"content":{"rendered":"\n<p>A Universidade Federal de Santa Maria (UFSM)\/Coordenadoria de A\u00e7\u00f5es Educacionais (CAEd) convida todos para palestra intitulada ADAPTA\u00c7\u00c3O DE MATERIAIS DID\u00c1TICOS PARA ESTUDANTES COM DEFICI\u00caNCIA VISUAL, dia 17 de setembro de 2020, \u00e0s 14h00min.\u00a0<\/p>\n<p>Inscri\u00e7\u00f5es no link: <a href=\"https:\/\/forms.gle\/zTLksNiGo6qh7bV97\">https:\/\/forms.gle\/zTLksNiGo6qh7bV97<\/a><\/p>\n<p><strong>Descri\u00e7\u00e3o de imagem:<\/strong> cartaz virtual divulgando palestra,\u00a0 com fundo da imagem na cor azul clara. No canto superior esquerdo, h\u00e1 o logotipo comemorativo \u201cUFSM 60 anos\u201d, na cor azul escura. No canto superior direito, l\u00ea-se \u201cCAEd, Coordenadoria de A\u00e7\u00f5es Educacionais\u201d, em letras na cor preta. No centro da imagem, escrito na cor branca, l\u00ea-se: \u201cAdapta\u00e7\u00e3o de Materiais Did\u00e1ticos para alunos com defici\u00eancia visual\u201d, em letras mai\u00fasculas que destacam o texto. Logo abaixo, h\u00e1 os nomes das palestrantes, sendo essas as \u201cEducadoras especiais Daniela Durigon Almeida, Monique Zanon da Rosa e a formanda de Terapia Ocupacional Su\u00e9lly Krein Heuert\u201d, em letras azuis, de tom escuro. Abaixo, h\u00e1 a silhueta de quatro pessoas, na cor branca. A maioria est\u00e1 sentada em classes, uma atr\u00e1s da outra, e uma delas est\u00e1 em p\u00e9, de frente para as demais, com uma classe atr\u00e1s de si. Na parte inferior da imagem, em um ret\u00e2ngulo na cor azul escura, h\u00e1 as informa\u00e7\u00f5es: \u201cPalestra 17\/09, 14h, inscri\u00e7\u00f5es via formul\u00e1rio\u201d, escritas em letras na cor branca.<\/p>\n<p><img fetchpriority=\"high\" decoding=\"async\" class=\"size-medium wp-image-3424 aligncenter\" src=\"https:\/\/www.ufsm.br\/app\/uploads\/sites\/391\/2020\/09\/ADAPTACAO-DE-MATERIAIS-212x300.png\" alt=\"\" width=\"212\" height=\"300\" srcset=\"https:\/\/www.ufsm.br\/app\/uploads\/sites\/391\/2020\/09\/ADAPTACAO-DE-MATERIAIS-212x300.png 212w, https:\/\/www.ufsm.br\/app\/uploads\/sites\/391\/2020\/09\/ADAPTACAO-DE-MATERIAIS-724x1024.png 724w, https:\/\/www.ufsm.br\/app\/uploads\/sites\/391\/2020\/09\/ADAPTACAO-DE-MATERIAIS-768x1086.png 768w, https:\/\/www.ufsm.br\/app\/uploads\/sites\/391\/2020\/09\/ADAPTACAO-DE-MATERIAIS-1086x1536.png 1086w, https:\/\/www.ufsm.br\/app\/uploads\/sites\/391\/2020\/09\/ADAPTACAO-DE-MATERIAIS-1448x2048.png 1448w, https:\/\/www.ufsm.br\/app\/uploads\/sites\/391\/2020\/09\/ADAPTACAO-DE-MATERIAIS.png 1587w\" sizes=\"(max-width: 212px) 100vw, 212px\" \/>\u00a0<\/p>\n<p>\u00a0<\/p>\n","protected":false},"excerpt":{"rendered":"<p>A Universidade Federal de Santa Maria (UFSM)\/Coordenadoria de A\u00e7\u00f5es Educacionais (CAEd) convida todos para palestra intitulada ADAPTA\u00c7\u00c3O DE MATERIAIS DID\u00c1TICOS PARA ESTUDANTES COM DEFICI\u00caNCIA VISUAL, dia 17 de setembro de 2020, \u00e0s 14h00min.\u00a0 Inscri\u00e7\u00f5es no link: https:\/\/forms.gle\/zTLksNiGo6qh7bV97 Descri\u00e7\u00e3o de imagem: cartaz virtual divulgando palestra,\u00a0 com fundo da imagem na cor azul clara. No canto superior [&hellip;]<\/p>\n","protected":false},"author":252,"featured_media":0,"comment_status":"closed","ping_status":"closed","sticky":false,"template":"","format":"standard","meta":{"footnotes":""},"categories":[1],"tags":[],"class_list":["post-3423","post","type-post","status-publish","format-standard","hentry","category-sem-categoria"],"acf":[],"_links":{"self":[{"href":"https:\/\/www.ufsm.br\/pro-reitorias\/prograd\/caed\/wp-json\/wp\/v2\/posts\/3423","targetHints":{"allow":["GET"]}}],"collection":[{"href":"https:\/\/www.ufsm.br\/pro-reitorias\/prograd\/caed\/wp-json\/wp\/v2\/posts"}],"about":[{"href":"https:\/\/www.ufsm.br\/pro-reitorias\/prograd\/caed\/wp-json\/wp\/v2\/types\/post"}],"author":[{"embeddable":true,"href":"https:\/\/www.ufsm.br\/pro-reitorias\/prograd\/caed\/wp-json\/wp\/v2\/users\/252"}],"replies":[{"embeddable":true,"href":"https:\/\/www.ufsm.br\/pro-reitorias\/prograd\/caed\/wp-json\/wp\/v2\/comments?post=3423"}],"version-history":[{"count":0,"href":"https:\/\/www.ufsm.br\/pro-reitorias\/prograd\/caed\/wp-json\/wp\/v2\/posts\/3423\/revisions"}],"wp:attachment":[{"href":"https:\/\/www.ufsm.br\/pro-reitorias\/prograd\/caed\/wp-json\/wp\/v2\/media?parent=3423"}],"wp:term":[{"taxonomy":"category","embeddable":true,"href":"https:\/\/www.ufsm.br\/pro-reitorias\/prograd\/caed\/wp-json\/wp\/v2\/categories?post=3423"},{"taxonomy":"post_tag","embeddable":true,"href":"https:\/\/www.ufsm.br\/pro-reitorias\/prograd\/caed\/wp-json\/wp\/v2\/tags?post=3423"}],"curies":[{"name":"wp","href":"https:\/\/api.w.org\/{rel}","templated":true}]}}