{"id":3425,"date":"2020-09-15T12:39:23","date_gmt":"2020-09-15T15:39:23","guid":{"rendered":"https:\/\/www.ufsm.br\/orgaos-executivos\/caed\/?p=3425"},"modified":"2020-09-15T12:39:24","modified_gmt":"2020-09-15T15:39:24","slug":"curso-de-formacao-para-inclusao-digital-aspectos-basicos-de-acessibilidade-turma-i-2020","status":"publish","type":"post","link":"https:\/\/www.ufsm.br\/pro-reitorias\/prograd\/caed\/2020\/09\/15\/curso-de-formacao-para-inclusao-digital-aspectos-basicos-de-acessibilidade-turma-i-2020","title":{"rendered":"CURSO DE FORMA\u00c7\u00c3O PARA INCLUS\u00c3O DIGITAL: ASPECTOS B\u00c1SICOS DE ACESSIBILIDADE TURMA I\/2020"},"content":{"rendered":"\n<p>A Universidade Federal de Santa Maria (UFSM)\/Coordenadoria de A\u00e7\u00f5es Educacionais (CAEd) divulga Curso de Forma\u00e7\u00e3o para Inclus\u00e3o Digital: Aspectos B\u00e1sicos de Acessibilidade Turma I\/2020, destinado a servidores da UFSM.<\/p>\n<p>As inscri\u00e7\u00f5es devem ser feitas no<a href=\"https:\/\/portal.ufsm.br\/capacitacao\/\" target=\"_blank\" rel=\"noopener noreferrer\"><strong>\u00a0Portal de Capacita\u00e7\u00e3o<\/strong><\/a> da UFSM, de <strong>14 a 18 de setembro de 2020<\/strong>. S\u00e3o ofertadas 150 vagas para o curso, que ocorrer\u00e1 21 de setembro a 11 de outubro de 2020, com carga hor\u00e1ria de 20 horas.<\/p>\n<p>A realiza\u00e7\u00e3o \u00e9 das Pr\u00f3-Reitorias de Gest\u00e3o de Pessoas (PROGEP), de Gradua\u00e7\u00e3o (PROGRAD) e da Coordenadoria de A\u00e7\u00f5es Educacionais (CAEd). Outras informa\u00e7\u00f5es podem ser obtidas pelo e-mail <a href=\"mailto:ned@ufsm.br\"><strong>ned@ufsm.br<\/strong><\/a>.<\/p>\n<p><strong>DESCRI\u00c7\u00c3O DA IMAGEM:<\/strong> ilustra\u00e7\u00e3o em formato quadrado, com fundo na cor branca. Na parte superior, centralizado, em letras na cor verde oliva, tom claro, em estilo negrito, dividido em tr\u00eas linhas, l\u00ea-se: \u201cCurso de Forma\u00e7\u00e3o para Inclus\u00e3o Digital: Aspectos B\u00e1sicos de Acessibilidade, Turma 1\/2020\u201d. Abaixo, alinhadas \u00e0 esquerda, no sentido horizontal, l\u00eaem-se as seguintes informa\u00e7\u00f5es: \u201cInscri\u00e7\u00f5es: 14\/09\/2020 a 18\/09\/2020\u201d, \u201cPer\u00edodo do curso: 21\/09\/2020 a 11\/10\/2020\u201d, \u201cModalidade: EAD, utilizando a plataforma Moodle da UFSM\u201d. Abaixo, em letras diminutas, l\u00ea-se o seguinte: \u201cInforma\u00e7\u00f5es e inscri\u00e7\u00f5es: <a href=\"https:\/\/portal.ufsm.br\/capacitacao\/inscricao\/inscricoesAbertas.html\">https:\/\/portal.ufsm.br\/capacitacao\/inscricao\/inscricoesAbertas.html<\/a>\u201d. Abaixo, introduzido por uma seta, l\u00ea-se \u201cCurso exclusivo para servidores da UFSM\u201d. Abaixo, no \u00e2ngulo inferior esquerdo, dispostos lado a lado, h\u00e1 dois bras\u00f5es da UFSM. O primeiro bras\u00e3o tem \u00e0 direita a sigla UFSM e a denomina\u00e7\u00e3o \u201cPr\u00f3-Reitoria de Gradua\u00e7\u00e3o\u201d e o segundo, tem \u00e0 direita a sigla UFSM e a denomina\u00e7\u00e3o \u201cPr\u00f3-Reitoria de Gest\u00e3o de Pessoas\u201d. O bras\u00e3o da Universidade Federal de Santa Maria (UFSM) \u00e9 formado pelos seguintes elementos: tr\u00eas archotes de fogo, que simbolizam os tr\u00eas pilares da universidade: ensino, pesquisa e extens\u00e3o; a flor-de-lis, simbolizando a purifica\u00e7\u00e3o, e os archotes com a chama do conhecimento, representando a luz que ilumina o caminho para a sabedoria; o bras\u00e3o, denotando moral e respeito; a frase em latim \u201cSedes Sapientiae\u201d, que significa sede (lugar, casa) da sabedoria*. A direita dos bras\u00f5es, dentro de um c\u00edrculo, com bordas na cor marrom clara, h\u00e1 a ilustra\u00e7\u00e3o de uma sala de ensino virtual, com computadores, sof\u00e1, livros, um painel com a sigla Webinar, um megafone e imagem de pessoas interagindo com o ambiente virtual. Na base da ilustra\u00e7\u00e3o, h\u00e1 uma arte gr\u00e1fica formando um efeito de onda, com a parte superior na cor marrom clara e a base na cor marrom escura. Fonte da descri\u00e7\u00e3o do bras\u00e3o: Identidade Visual (<a href=\"https:\/\/www.ufsm.br\/identidade-institucional\/\">https:\/\/www.ufsm.br\/identidade-institucional\/<\/a>), em 15 de setembro de 2020.<\/p>\n<p><img fetchpriority=\"high\" decoding=\"async\" class=\"alignnone size-medium wp-image-3426 aligncenter\" src=\"https:\/\/www.ufsm.br\/app\/uploads\/sites\/391\/2020\/09\/INCLUSAO--300x300.jpg\" alt=\"\" width=\"300\" height=\"300\" srcset=\"https:\/\/www.ufsm.br\/app\/uploads\/sites\/391\/2020\/09\/INCLUSAO--300x300.jpg 300w, https:\/\/www.ufsm.br\/app\/uploads\/sites\/391\/2020\/09\/INCLUSAO--150x150.jpg 150w, https:\/\/www.ufsm.br\/app\/uploads\/sites\/391\/2020\/09\/INCLUSAO-.jpg 756w\" sizes=\"(max-width: 300px) 100vw, 300px\" \/><\/p>\n<p>\u00a0<\/p>\n<p>\u00a0<\/p>\n","protected":false},"excerpt":{"rendered":"<p>A Universidade Federal de Santa Maria (UFSM)\/Coordenadoria de A\u00e7\u00f5es Educacionais (CAEd) divulga Curso de Forma\u00e7\u00e3o para Inclus\u00e3o Digital: Aspectos B\u00e1sicos de Acessibilidade Turma I\/2020, destinado a servidores da UFSM. As inscri\u00e7\u00f5es devem ser feitas no\u00a0Portal de Capacita\u00e7\u00e3o da UFSM, de 14 a 18 de setembro de 2020. S\u00e3o ofertadas 150 vagas para o curso, que [&hellip;]<\/p>\n","protected":false},"author":252,"featured_media":0,"comment_status":"closed","ping_status":"closed","sticky":false,"template":"","format":"standard","meta":{"footnotes":""},"categories":[1],"tags":[],"class_list":["post-3425","post","type-post","status-publish","format-standard","hentry","category-sem-categoria"],"acf":[],"_links":{"self":[{"href":"https:\/\/www.ufsm.br\/pro-reitorias\/prograd\/caed\/wp-json\/wp\/v2\/posts\/3425","targetHints":{"allow":["GET"]}}],"collection":[{"href":"https:\/\/www.ufsm.br\/pro-reitorias\/prograd\/caed\/wp-json\/wp\/v2\/posts"}],"about":[{"href":"https:\/\/www.ufsm.br\/pro-reitorias\/prograd\/caed\/wp-json\/wp\/v2\/types\/post"}],"author":[{"embeddable":true,"href":"https:\/\/www.ufsm.br\/pro-reitorias\/prograd\/caed\/wp-json\/wp\/v2\/users\/252"}],"replies":[{"embeddable":true,"href":"https:\/\/www.ufsm.br\/pro-reitorias\/prograd\/caed\/wp-json\/wp\/v2\/comments?post=3425"}],"version-history":[{"count":0,"href":"https:\/\/www.ufsm.br\/pro-reitorias\/prograd\/caed\/wp-json\/wp\/v2\/posts\/3425\/revisions"}],"wp:attachment":[{"href":"https:\/\/www.ufsm.br\/pro-reitorias\/prograd\/caed\/wp-json\/wp\/v2\/media?parent=3425"}],"wp:term":[{"taxonomy":"category","embeddable":true,"href":"https:\/\/www.ufsm.br\/pro-reitorias\/prograd\/caed\/wp-json\/wp\/v2\/categories?post=3425"},{"taxonomy":"post_tag","embeddable":true,"href":"https:\/\/www.ufsm.br\/pro-reitorias\/prograd\/caed\/wp-json\/wp\/v2\/tags?post=3425"}],"curies":[{"name":"wp","href":"https:\/\/api.w.org\/{rel}","templated":true}]}}