{"id":3429,"date":"2020-09-16T00:03:12","date_gmt":"2020-09-16T03:03:12","guid":{"rendered":"https:\/\/www.ufsm.br\/orgaos-executivos\/caed\/?p=3429"},"modified":"2020-09-21T09:42:56","modified_gmt":"2020-09-21T12:42:56","slug":"live-covid-psiq-exercicio-fisico-e-saude-mental-em-tempos-de-pandemia-reapresentacao","status":"publish","type":"post","link":"https:\/\/www.ufsm.br\/pro-reitorias\/prograd\/caed\/2020\/09\/16\/live-covid-psiq-exercicio-fisico-e-saude-mental-em-tempos-de-pandemia-reapresentacao","title":{"rendered":"LIVE COVID Psiq: \u201cExerc\u00edcio f\u00edsico e sa\u00fade mental em tempos de pandemia\u201d &#8211; reapresenta\u00e7\u00e3o com participa\u00e7\u00e3o do palestrante"},"content":{"rendered":"\n<p>A Universidade Federal de Santa Maria(UFSM)\/Coordenadoria de A\u00e7\u00f5es Educacionais (CAEd) divulga a reapresenta\u00e7\u00e3o da live &#8220;<strong>\u201cExerc\u00edcio f\u00edsico e sa\u00fade mental em tempos de pandemia\u201d,&nbsp;<\/strong>pelo Prof. Dr. Felipe Barreto Schuch, dia 17 de setembro de 2020, \u00e0s 20h00min, com a participa\u00e7\u00e3o do palestrante.&nbsp;<\/p>\n<p>Inscri\u00e7\u00f5es pelo link: <a href=\"https:\/\/docs.google.com\/forms\/d\/e\/1FAIpQLScFV7alLYAkzT5kvf-lg-KhL_NUFjYRjgoDL37gPcxFkmG15Q\/viewform?usp=sf_link\">https:\/\/docs.google.com\/forms\/d\/e\/1FAIpQLScFV7alLYAkzT5kvf-lg-KhL_NUFjYRjgoDL37gPcxFkmG15Q\/viewform?usp=sf_link<\/a><\/p>\n<div>&#8220;Hoje, discute-se muito sobre os problemas f\u00edsicos gerados pelo sedentarismo, por\u00e9m, a par desses, a inatividade f\u00edsica pode piorar quadros ps\u00edquicos e aumentar o risco de desenvolver ansiedade e depress\u00e3o. Nesse sentido, a diminui\u00e7\u00e3o da pr\u00e1tica de exerc\u00edcios f\u00edsicos, durante a pandemia da Covid-19, pode ser um agravante da piora na sa\u00fade mental dos indiv\u00edduos.&nbsp;<\/div>\n<div>Nessa premissa, o projeto COVIDPsiq promover\u00e1, no dia 17 de setembro de 2020, a reprise da live \u201cExerc\u00edcio f\u00edsico e sa\u00fade mental em tempos de pandemia\u201d, ministrada pelo Prof. Dr. Felipe Barreto Schuch. O Prof. Dr. Felipe Schuch possui gradua\u00e7\u00e3o em Educa\u00e7\u00e3o F\u00edsica-licenciatura plena pela Universidade Federal do Rio Grande do Sul (UFRGS), com mestrado e doutorado em Ci\u00eancias M\u00e9dicas: Psiquiatria, tamb\u00e9m pela UFRGS. Atualmente, \u00e9 professor adjunto da Universidade Federal de Santa Maria, coordenador do grupo de atividade f\u00edsica e sa\u00fade mental da UFSM e orientador de mestrado no Programa de P\u00f3s-gradua\u00e7\u00e3o em Reabilita\u00e7\u00e3o Funcional &nbsp;e no Programa de P\u00f3s-gradua\u00e7\u00e3o em Educa\u00e7\u00e3o F\u00edsica, ambos da UFSM.<\/div>\n<div>A live contar\u00e1 com certificado de duas horas, disponibilizado para os inscritos, e ser\u00e1 transmitida pela plataforma Google Meet. Para realizar a inscri\u00e7\u00e3o, acesse o link &nbsp;<a href=\"https:\/\/docs.google.com\/forms\/d\/e\/1FAIpQLScFV7alLYAkzT5kvf-lg-KhL_NUFjYRjgoDL37gPcxFkmG15Q\/viewform?usp=sf_link\">https:\/\/docs.google.com\/forms\/d\/e\/1FAIpQLScFV7alLYAkzT5kvf-lg-KhL_NUFjYRjgoDL37gPcxFkmG15Q\/viewform?usp=sf_link&nbsp;<\/a><\/div>\n<div>Esse evento est\u00e1 sendo promovido pela Coordenadoria de A\u00e7\u00f5es Educacionais \u2013 CAEd. COVIDPsiq.<\/div>\n<div>&nbsp;<\/div>\n<div><strong>#coronavirus #covid_19 #pandemia #saudemental #psiquiatria #ufsm&#8221;.&nbsp;<\/strong><\/div>\n<div>&nbsp;<\/div>\n<div>\n<ul>\n<li><strong>DESCRI\u00c7\u00c3O DE IMAGEM:<\/strong> imagem em formato quadrado, com fundo na cor bege. O \u00e2ngulo superior esquerdo est\u00e1 envolvido pela ilustra\u00e7\u00e3o da forma de um quarto de c\u00edrculo, na cor roxa, com efeito de pintura de tinta a \u00f3leo. \u00c0 direita, h\u00e1 a palavra \u201cLIVE\u201d, em letras mai\u00fasculas, na cor roxa, sublinhada pela express\u00e3o \u201ccom certifica\u00e7\u00e3o\u201d. \u00c0 direita, h\u00e1 o logo da plataforma virtual Google Meet, que consiste em um bal\u00e3o de fala na cor verde escura, tendo em seu interior a imagem de uma c\u00e2mera, na cor branca. Ao lado, h\u00e1 o logo do Projeto COVIDPsiq (rosto humano, de perfil, delineado na cor roxa, com a imagem de uma \u00e1rvore, cuja copa est\u00e1 no lugar do c\u00e9rebro). Ao lado direito desse, h\u00e1 o bras\u00e3o da Universidade Federal de Santa Maria (UFSM), formado pelos seguintes elementos: tr\u00eas archotes de fogo, que simbolizam os tr\u00eas pilares da universidade: ensino, pesquisa e extens\u00e3o; a flor-de-lis, simbolizando a purifica\u00e7\u00e3o, e os archotes com a chama do conhecimento, representando a luz que ilumina o caminho para a sabedoria; o bras\u00e3o, denotando moral e respeito; a frase em latim \u201cSedes Sapientiae\u201d, que significa sede (lugar, casa) da sabedoria*. Abaixo, disposta em duas linhas, no sentido horizontal, em letras na cor roxa, l\u00ea-se o t\u00edtulo da live, \u201cExerc\u00edcio f\u00edsico e sa\u00fade mental em tempos de pandemia\u201d. Abaixo, \u00e0 esquerda, dentro de um c\u00edrculo delineado na cor roxa, com efeito de pintura de tinta a \u00f3leo, v\u00ea-se a foto do Prof. Dr. Felipe Barreto Schuch. Trata-se de homem de pele clara, cabelos curtos e castanhos, usando \u00f3culos de grau e camisa de manga longa na cor cinza. Segura um microfone com a m\u00e3o esquerda e sua m\u00e3o direita est\u00e1 levantada na altura do peito e voltada para si mesmo, com postura de palestrante. A identifica\u00e7\u00e3o do professor encontra-se abaixo da foto. \u00c0 esquerda da foto, entre linhas pontilhadas, l\u00ea-se a data da live, \u201cDia 17 de setembro\u201d, \u201c20h00min\u201d, dividida em duas linhas, dispostas horizontalmente. Abaixo, em letras na cor roxa, dividida em tr\u00eas linhas, dispostas horizontalmente, l\u00ea-se: \u201cPara acompanhar, inscreva-se pelo link na descri\u00e7\u00e3o!\u201d. No \u00e2ngulo superior esquerdo, h\u00e1 a ilustra\u00e7\u00e3o da forma de um quarto de c\u00edrculo, na cor roxa, com efeito de pintura de tinta a \u00f3leo, circundado por pequenos c\u00edrculos, de tamanhos diferentes, na cor roxa, que criam efeito de bolhas de sab\u00e3o. Fonte da descri\u00e7\u00e3o do bras\u00e3o da UFSM: Identidade Visual (<a href=\"https:\/\/www.ufsm.br\/identidade-institucional\/\">https:\/\/www.ufsm.br\/identidade-institucional\/<\/a>), em 15 de setembro de 2020.<\/li>\n<\/ul>\n<\/div>\n<p><img fetchpriority=\"high\" decoding=\"async\" class=\"alignnone size-medium wp-image-3430 aligncenter\" src=\"https:\/\/www.ufsm.br\/app\/uploads\/sites\/391\/2020\/09\/12-LIVE-17-DE-SETEMBRO-DE-2020-300x300.jpg\" alt=\"\" width=\"300\" height=\"300\" srcset=\"https:\/\/www.ufsm.br\/app\/uploads\/sites\/391\/2020\/09\/12-LIVE-17-DE-SETEMBRO-DE-2020-300x300.jpg 300w, https:\/\/www.ufsm.br\/app\/uploads\/sites\/391\/2020\/09\/12-LIVE-17-DE-SETEMBRO-DE-2020-1024x1024.jpg 1024w, https:\/\/www.ufsm.br\/app\/uploads\/sites\/391\/2020\/09\/12-LIVE-17-DE-SETEMBRO-DE-2020-150x150.jpg 150w, https:\/\/www.ufsm.br\/app\/uploads\/sites\/391\/2020\/09\/12-LIVE-17-DE-SETEMBRO-DE-2020-768x768.jpg 768w, https:\/\/www.ufsm.br\/app\/uploads\/sites\/391\/2020\/09\/12-LIVE-17-DE-SETEMBRO-DE-2020.jpg 1080w\" sizes=\"(max-width: 300px) 100vw, 300px\" \/><\/p>\n","protected":false},"excerpt":{"rendered":"<p>A Universidade Federal de Santa Maria(UFSM)\/Coordenadoria de A\u00e7\u00f5es Educacionais (CAEd) divulga a reapresenta\u00e7\u00e3o da live &#8220;\u201cExerc\u00edcio f\u00edsico e sa\u00fade mental em tempos de pandemia\u201d,&nbsp;pelo Prof. Dr. Felipe Barreto Schuch, dia 17 de setembro de 2020, \u00e0s 20h00min, com a participa\u00e7\u00e3o do palestrante.&nbsp; Inscri\u00e7\u00f5es pelo link: https:\/\/docs.google.com\/forms\/d\/e\/1FAIpQLScFV7alLYAkzT5kvf-lg-KhL_NUFjYRjgoDL37gPcxFkmG15Q\/viewform?usp=sf_link &#8220;Hoje, discute-se muito sobre os problemas f\u00edsicos gerados pelo [&hellip;]<\/p>\n","protected":false},"author":252,"featured_media":0,"comment_status":"closed","ping_status":"closed","sticky":false,"template":"","format":"standard","meta":{"footnotes":""},"categories":[1],"tags":[98],"class_list":["post-3429","post","type-post","status-publish","format-standard","hentry","category-sem-categoria","tag-setembroamarelo"],"acf":[],"_links":{"self":[{"href":"https:\/\/www.ufsm.br\/pro-reitorias\/prograd\/caed\/wp-json\/wp\/v2\/posts\/3429","targetHints":{"allow":["GET"]}}],"collection":[{"href":"https:\/\/www.ufsm.br\/pro-reitorias\/prograd\/caed\/wp-json\/wp\/v2\/posts"}],"about":[{"href":"https:\/\/www.ufsm.br\/pro-reitorias\/prograd\/caed\/wp-json\/wp\/v2\/types\/post"}],"author":[{"embeddable":true,"href":"https:\/\/www.ufsm.br\/pro-reitorias\/prograd\/caed\/wp-json\/wp\/v2\/users\/252"}],"replies":[{"embeddable":true,"href":"https:\/\/www.ufsm.br\/pro-reitorias\/prograd\/caed\/wp-json\/wp\/v2\/comments?post=3429"}],"version-history":[{"count":0,"href":"https:\/\/www.ufsm.br\/pro-reitorias\/prograd\/caed\/wp-json\/wp\/v2\/posts\/3429\/revisions"}],"wp:attachment":[{"href":"https:\/\/www.ufsm.br\/pro-reitorias\/prograd\/caed\/wp-json\/wp\/v2\/media?parent=3429"}],"wp:term":[{"taxonomy":"category","embeddable":true,"href":"https:\/\/www.ufsm.br\/pro-reitorias\/prograd\/caed\/wp-json\/wp\/v2\/categories?post=3429"},{"taxonomy":"post_tag","embeddable":true,"href":"https:\/\/www.ufsm.br\/pro-reitorias\/prograd\/caed\/wp-json\/wp\/v2\/tags?post=3429"}],"curies":[{"name":"wp","href":"https:\/\/api.w.org\/{rel}","templated":true}]}}