{"id":3459,"date":"2020-09-21T19:32:17","date_gmt":"2020-09-21T22:32:17","guid":{"rendered":"https:\/\/www.ufsm.br\/orgaos-executivos\/caed\/?p=3459"},"modified":"2020-09-21T19:32:18","modified_gmt":"2020-09-21T22:32:18","slug":"palestra-como-esta-a-sua-comunicacao-no-meios-digitais","status":"publish","type":"post","link":"https:\/\/www.ufsm.br\/pro-reitorias\/prograd\/caed\/2020\/09\/21\/palestra-como-esta-a-sua-comunicacao-no-meios-digitais","title":{"rendered":"Palestra: &#8220;Como est\u00e1 a sua comunica\u00e7\u00e3o no meios digitais?&#8221;"},"content":{"rendered":"\n<p>A Universidade Federal de Santa Maria(UFSM)\/Coordenadoria de A\u00e7\u00f5es Educacionais(CAEd) divulga evento sobre comunica\u00e7\u00e3o nos meios digitais.\u00a0<\/p>\n<p style=\"font-weight: 400\">&#8220;Em tempos de intera\u00e7\u00e3o virtual \u00e9 necess\u00e1rio ser objetivo e ter clareza na sua comunica\u00e7\u00e3o.<\/p>\n<p style=\"font-weight: 400\">Como est\u00e1 a sua comunica\u00e7\u00e3o nos meios digitais?<\/p>\n<p style=\"font-weight: 400\">Vamos conversar sobre isso no dia 28 de setembro de 2020, \u00e0s 15h00min.<\/p>\n<p style=\"font-weight: 400\">Link para inscri\u00e7\u00e3o: <a href=\"https:\/\/forms.gle\/amewXudrX21JvodY6\" data-saferedirecturl=\"https:\/\/www.google.com\/url?q=https:\/\/forms.gle\/amewXudrX21JvodY6&amp;source=gmail&amp;ust=1600800007667000&amp;usg=AFQjCNE_foNc2_ztdZbrAgm76EC6zVzZjw\">https:\/\/forms.gle\/amewXudrX21JvodY6<\/a><\/p>\n<p style=\"font-weight: 400\"><strong>Descri\u00e7\u00e3o de imagem:<\/strong> cartaz virtual de divulga\u00e7\u00e3o para palestra. A imagem apresenta fundo em tom laranja. No canto superior esquerdo, h\u00e1 o logotipo comemorativo &#8220;UFSM 60 anos&#8221;, em azul escuro. No canto superior direito, l\u00ea-se &#8220;CAEd, Coordenadoria de A\u00e7\u00f5es Educacionais&#8221;, em letras brancas. No topo da imagem, est\u00e1 escrito &#8220;Como est\u00e1 a sua comunica\u00e7\u00e3o nos meios digitais?&#8221;, em letras brancas e,\u00a0 abaixo, &#8220;Em tempos de intera\u00e7\u00e3o virtual \u00e9 necess\u00e1rio ser objetivo e ter clareza na sua comunica\u00e7\u00e3o.&#8221;, em letras azuis. No centro da imagem, h\u00e1 a frase &#8220;Vamos conversar sobre isso no dia 28 de setembro \u00e0s 15h&#8221;, abaixo &#8220;Palestrante: &#8221; em letras azuis, e abaixo &#8220;Di\u00e9ssica Vargas-Lopes&#8221;, em letras brancas, e &#8220;Fonoaudi\u00f3loga e Doutora em Dist\u00farbio da Comunica\u00e7\u00e3o Humana (UFSM). Tradutora\/Int\u00e9rprete de Libras (UFSM)&#8221;, em letras azuis. Na parte inferior, h\u00e1 a ilustra\u00e7\u00e3o de um notebook sobre uma superf\u00edcie azul escura. Logo abaixo, l\u00ea-se \u201cInscri\u00e7\u00e3o via formul\u00e1rio\u201d, escrito em letras brancas&#8221;.\u00a0<\/p>\n<p><img fetchpriority=\"high\" decoding=\"async\" class=\"size-medium wp-image-3460 aligncenter\" src=\"https:\/\/www.ufsm.br\/app\/uploads\/sites\/391\/2020\/09\/Como-esta-a-sua-comunicacao-nos-meios-digitais-212x300.png\" alt=\"\" width=\"212\" height=\"300\" srcset=\"https:\/\/www.ufsm.br\/app\/uploads\/sites\/391\/2020\/09\/Como-esta-a-sua-comunicacao-nos-meios-digitais-212x300.png 212w, https:\/\/www.ufsm.br\/app\/uploads\/sites\/391\/2020\/09\/Como-esta-a-sua-comunicacao-nos-meios-digitais-724x1024.png 724w, https:\/\/www.ufsm.br\/app\/uploads\/sites\/391\/2020\/09\/Como-esta-a-sua-comunicacao-nos-meios-digitais-768x1086.png 768w, https:\/\/www.ufsm.br\/app\/uploads\/sites\/391\/2020\/09\/Como-esta-a-sua-comunicacao-nos-meios-digitais-1086x1536.png 1086w, https:\/\/www.ufsm.br\/app\/uploads\/sites\/391\/2020\/09\/Como-esta-a-sua-comunicacao-nos-meios-digitais-1448x2048.png 1448w, https:\/\/www.ufsm.br\/app\/uploads\/sites\/391\/2020\/09\/Como-esta-a-sua-comunicacao-nos-meios-digitais.png 1587w\" sizes=\"(max-width: 212px) 100vw, 212px\" \/><\/p>\n","protected":false},"excerpt":{"rendered":"<p>A Universidade Federal de Santa Maria(UFSM)\/Coordenadoria de A\u00e7\u00f5es Educacionais(CAEd) divulga evento sobre comunica\u00e7\u00e3o nos meios digitais.\u00a0 &#8220;Em tempos de intera\u00e7\u00e3o virtual \u00e9 necess\u00e1rio ser objetivo e ter clareza na sua comunica\u00e7\u00e3o. Como est\u00e1 a sua comunica\u00e7\u00e3o nos meios digitais? Vamos conversar sobre isso no dia 28 de setembro de 2020, \u00e0s 15h00min. Link para inscri\u00e7\u00e3o: [&hellip;]<\/p>\n","protected":false},"author":252,"featured_media":0,"comment_status":"closed","ping_status":"closed","sticky":false,"template":"","format":"standard","meta":{"footnotes":""},"categories":[1],"tags":[],"class_list":["post-3459","post","type-post","status-publish","format-standard","hentry","category-sem-categoria"],"acf":[],"_links":{"self":[{"href":"https:\/\/www.ufsm.br\/pro-reitorias\/prograd\/caed\/wp-json\/wp\/v2\/posts\/3459","targetHints":{"allow":["GET"]}}],"collection":[{"href":"https:\/\/www.ufsm.br\/pro-reitorias\/prograd\/caed\/wp-json\/wp\/v2\/posts"}],"about":[{"href":"https:\/\/www.ufsm.br\/pro-reitorias\/prograd\/caed\/wp-json\/wp\/v2\/types\/post"}],"author":[{"embeddable":true,"href":"https:\/\/www.ufsm.br\/pro-reitorias\/prograd\/caed\/wp-json\/wp\/v2\/users\/252"}],"replies":[{"embeddable":true,"href":"https:\/\/www.ufsm.br\/pro-reitorias\/prograd\/caed\/wp-json\/wp\/v2\/comments?post=3459"}],"version-history":[{"count":0,"href":"https:\/\/www.ufsm.br\/pro-reitorias\/prograd\/caed\/wp-json\/wp\/v2\/posts\/3459\/revisions"}],"wp:attachment":[{"href":"https:\/\/www.ufsm.br\/pro-reitorias\/prograd\/caed\/wp-json\/wp\/v2\/media?parent=3459"}],"wp:term":[{"taxonomy":"category","embeddable":true,"href":"https:\/\/www.ufsm.br\/pro-reitorias\/prograd\/caed\/wp-json\/wp\/v2\/categories?post=3459"},{"taxonomy":"post_tag","embeddable":true,"href":"https:\/\/www.ufsm.br\/pro-reitorias\/prograd\/caed\/wp-json\/wp\/v2\/tags?post=3459"}],"curies":[{"name":"wp","href":"https:\/\/api.w.org\/{rel}","templated":true}]}}