{"id":3464,"date":"2020-09-21T22:39:30","date_gmt":"2020-09-22T01:39:30","guid":{"rendered":"https:\/\/www.ufsm.br\/orgaos-executivos\/caed\/?p=3464"},"modified":"2020-09-21T22:39:31","modified_gmt":"2020-09-22T01:39:31","slug":"guia-sitios-tutoriais-e-orientacoes-para-os-sitios-institucionais","status":"publish","type":"post","link":"https:\/\/www.ufsm.br\/pro-reitorias\/prograd\/caed\/2020\/09\/21\/guia-sitios-tutoriais-e-orientacoes-para-os-sitios-institucionais","title":{"rendered":"Guia S\u00edtios &#8211; Tutoriais e Orienta\u00e7\u00f5es para os s\u00edtios institucionais"},"content":{"rendered":"\n<p>A Universidade Federal de Santa Maria(UFSM)\/Coordenadoria de A\u00e7\u00f5es Educacionais(CAEd) soma-se \u00e0 divulga\u00e7\u00e3o do Guia S\u00edtios, com tutoriais e orienta\u00e7\u00f5es para os s\u00edtios institucionais, no tocante aos seguintes t\u00f3picos:<\/p>\n<p>\u2013 Normas de padroniza\u00e7\u00e3o de acessibilidade e leiautes<em>;<\/em><\/p>\n<p>\u2013 Estruturas m\u00ednimas para os s\u00edtios dos setores vinculados \u00e0 Universidade;<\/p>\n<p>\u2013 V\u00eddeos e tutoriais para manuten\u00e7\u00e3o de s\u00edtios;<\/p>\n<p>\u2013 Dicas de produ\u00e7\u00e3o de conte\u00fado.\u00a0\u00a0<\/p>\n<p>Maiores informa\u00e7\u00f5es no link a seguir: <a href=\"https:\/\/www.ufsm.br\/orgaos-suplementares\/cpd\/sitios\/\">https:\/\/www.ufsm.br\/orgaos-suplementares\/cpd\/sitios\/<\/a><\/p>\n","protected":false},"excerpt":{"rendered":"<p>A Universidade Federal de Santa Maria(UFSM)\/Coordenadoria de A\u00e7\u00f5es Educacionais(CAEd) soma-se \u00e0 divulga\u00e7\u00e3o do Guia S\u00edtios, com tutoriais e orienta\u00e7\u00f5es para os s\u00edtios institucionais, no tocante aos seguintes t\u00f3picos: \u2013 Normas de padroniza\u00e7\u00e3o de acessibilidade e leiautes; \u2013 Estruturas m\u00ednimas para os s\u00edtios dos setores vinculados \u00e0 Universidade; \u2013 V\u00eddeos e tutoriais para manuten\u00e7\u00e3o de s\u00edtios; [&hellip;]<\/p>\n","protected":false},"author":252,"featured_media":0,"comment_status":"closed","ping_status":"closed","sticky":false,"template":"","format":"standard","meta":{"footnotes":""},"categories":[1],"tags":[],"class_list":["post-3464","post","type-post","status-publish","format-standard","hentry","category-sem-categoria"],"acf":[],"_links":{"self":[{"href":"https:\/\/www.ufsm.br\/pro-reitorias\/prograd\/caed\/wp-json\/wp\/v2\/posts\/3464","targetHints":{"allow":["GET"]}}],"collection":[{"href":"https:\/\/www.ufsm.br\/pro-reitorias\/prograd\/caed\/wp-json\/wp\/v2\/posts"}],"about":[{"href":"https:\/\/www.ufsm.br\/pro-reitorias\/prograd\/caed\/wp-json\/wp\/v2\/types\/post"}],"author":[{"embeddable":true,"href":"https:\/\/www.ufsm.br\/pro-reitorias\/prograd\/caed\/wp-json\/wp\/v2\/users\/252"}],"replies":[{"embeddable":true,"href":"https:\/\/www.ufsm.br\/pro-reitorias\/prograd\/caed\/wp-json\/wp\/v2\/comments?post=3464"}],"version-history":[{"count":0,"href":"https:\/\/www.ufsm.br\/pro-reitorias\/prograd\/caed\/wp-json\/wp\/v2\/posts\/3464\/revisions"}],"wp:attachment":[{"href":"https:\/\/www.ufsm.br\/pro-reitorias\/prograd\/caed\/wp-json\/wp\/v2\/media?parent=3464"}],"wp:term":[{"taxonomy":"category","embeddable":true,"href":"https:\/\/www.ufsm.br\/pro-reitorias\/prograd\/caed\/wp-json\/wp\/v2\/categories?post=3464"},{"taxonomy":"post_tag","embeddable":true,"href":"https:\/\/www.ufsm.br\/pro-reitorias\/prograd\/caed\/wp-json\/wp\/v2\/tags?post=3464"}],"curies":[{"name":"wp","href":"https:\/\/api.w.org\/{rel}","templated":true}]}}