{"id":3466,"date":"2020-09-21T22:46:14","date_gmt":"2020-09-22T01:46:14","guid":{"rendered":"https:\/\/www.ufsm.br\/orgaos-executivos\/caed\/?p=3466"},"modified":"2020-09-21T22:46:15","modified_gmt":"2020-09-22T01:46:15","slug":"guia-de-orientacoes-editoriais-da-ufsm-para-o-periodo-eleitoral-de-2020","status":"publish","type":"post","link":"https:\/\/www.ufsm.br\/pro-reitorias\/prograd\/caed\/2020\/09\/21\/guia-de-orientacoes-editoriais-da-ufsm-para-o-periodo-eleitoral-de-2020","title":{"rendered":"Guia de orienta\u00e7\u00f5es editoriais da UFSM para o per\u00edodo eleitoral de 2020"},"content":{"rendered":"\n<p>A Universidade Federal de Santa Maria (UFSM)\/Coordenadoria de A\u00e7\u00f5es Educacionais(CAEd) soma-se \u00e0 divulga\u00e7\u00e3o do guia de orienta\u00e7\u00f5es editoriais da UFSM para o per\u00edodo eleitoral de 2020.<\/p>\n<p>Maiores informa\u00e7\u00f5es no link: <a href=\"https:\/\/www.ufsm.br\/comunicacao\/guiamidiassociais\/guia-de-orientacoes-editoriais-para-periodo-eleitoral-2020\/\">https:\/\/www.ufsm.br\/comunicacao\/guiamidiassociais\/guia-de-orientacoes-editoriais-para-periodo-eleitoral-2020\/<\/a><\/p>\n","protected":false},"excerpt":{"rendered":"<p>A Universidade Federal de Santa Maria (UFSM)\/Coordenadoria de A\u00e7\u00f5es Educacionais(CAEd) soma-se \u00e0 divulga\u00e7\u00e3o do guia de orienta\u00e7\u00f5es editoriais da UFSM para o per\u00edodo eleitoral de 2020. Maiores informa\u00e7\u00f5es no link: https:\/\/www.ufsm.br\/comunicacao\/guiamidiassociais\/guia-de-orientacoes-editoriais-para-periodo-eleitoral-2020\/<\/p>\n","protected":false},"author":252,"featured_media":0,"comment_status":"closed","ping_status":"closed","sticky":false,"template":"","format":"standard","meta":{"footnotes":""},"categories":[1],"tags":[],"class_list":["post-3466","post","type-post","status-publish","format-standard","hentry","category-sem-categoria"],"acf":[],"_links":{"self":[{"href":"https:\/\/www.ufsm.br\/pro-reitorias\/prograd\/caed\/wp-json\/wp\/v2\/posts\/3466","targetHints":{"allow":["GET"]}}],"collection":[{"href":"https:\/\/www.ufsm.br\/pro-reitorias\/prograd\/caed\/wp-json\/wp\/v2\/posts"}],"about":[{"href":"https:\/\/www.ufsm.br\/pro-reitorias\/prograd\/caed\/wp-json\/wp\/v2\/types\/post"}],"author":[{"embeddable":true,"href":"https:\/\/www.ufsm.br\/pro-reitorias\/prograd\/caed\/wp-json\/wp\/v2\/users\/252"}],"replies":[{"embeddable":true,"href":"https:\/\/www.ufsm.br\/pro-reitorias\/prograd\/caed\/wp-json\/wp\/v2\/comments?post=3466"}],"version-history":[{"count":0,"href":"https:\/\/www.ufsm.br\/pro-reitorias\/prograd\/caed\/wp-json\/wp\/v2\/posts\/3466\/revisions"}],"wp:attachment":[{"href":"https:\/\/www.ufsm.br\/pro-reitorias\/prograd\/caed\/wp-json\/wp\/v2\/media?parent=3466"}],"wp:term":[{"taxonomy":"category","embeddable":true,"href":"https:\/\/www.ufsm.br\/pro-reitorias\/prograd\/caed\/wp-json\/wp\/v2\/categories?post=3466"},{"taxonomy":"post_tag","embeddable":true,"href":"https:\/\/www.ufsm.br\/pro-reitorias\/prograd\/caed\/wp-json\/wp\/v2\/tags?post=3466"}],"curies":[{"name":"wp","href":"https:\/\/api.w.org\/{rel}","templated":true}]}}