{"id":3467,"date":"2020-09-21T23:32:18","date_gmt":"2020-09-22T02:32:18","guid":{"rendered":"https:\/\/www.ufsm.br\/orgaos-executivos\/caed\/?p=3467"},"modified":"2020-09-21T23:32:19","modified_gmt":"2020-09-22T02:32:19","slug":"setembro-amarelo-2020-na-ufsm-webinar-estrategias-de-prevencao-ao-suicidio-no-contexto-da-pandemia-do-covid-19","status":"publish","type":"post","link":"https:\/\/www.ufsm.br\/pro-reitorias\/prograd\/caed\/2020\/09\/21\/setembro-amarelo-2020-na-ufsm-webinar-estrategias-de-prevencao-ao-suicidio-no-contexto-da-pandemia-do-covid-19","title":{"rendered":"SETEMBRO AMARELO 2020 NA UFSM &#8211; WEBINAR &#8220;ESTRAT\u00c9GIAS DE PREVEN\u00c7\u00c3O AO SUIC\u00cdDIO NO CONTEXTO DA PANDEMIA DO COVID-19&#8221;"},"content":{"rendered":"\n<p>A Universidade Federal de Santa Maria(UFSM)\/Coordenadoria de A\u00e7\u00f5es Educacionais (CAEd) soma-se \u00e0 divulga\u00e7\u00e3o dos eventos relativos \u00e0 campanha nacional de preven\u00e7\u00e3o do suic\u00eddio e valoriza\u00e7\u00e3o da vida, denominada Setembro Amarelo, na UFSM. A seguir, h\u00e1 o cronograma e um evento em destaque.\u00a0<\/p>\n<p>Cronograma: <a href=\"https:\/\/www.ufsm.br\/eventos\/setembroamarelo\">https:\/\/www.ufsm.br\/eventos\/setembroamarelo<\/a><\/p>\n<p><strong>DESCRI\u00c7\u00c3O DE IMAGEM: <\/strong>imagem em formato quadrado, com fundo dividido nas cores marrom (metade superior) e amarela (metade inferior). No \u00e2ngulo superior esquerdo, no interior de um destaque em amarelo, l\u00ea-se &#8220;SETEMBRO AMARELO&#8221;. Ao centro, em um imagem de folha branca, presa com fita crepe, l\u00eaem-se os dizeres &#8220;N\u00e3o \u00e9 drama\/N\u00e3o \u00e9 para chamar aten\u00e7\u00e3o\/N\u00e3o \u00e9 falta de Deus\/N\u00e3o \u00e9 frescura&#8221;, dispostos um abaixo do outro, em letas na cor verde oliva. Abaixo, l\u00ea-se &#8220;Voc\u00ea \u00e9 muito importante! Pe\u00e7a ajuda! Disque 188-CVV&#8221;. Na base da imagem, l\u00ea-se, em letras brancas, o seguinte: PET Enfermagem-UFSM\/PM&#8221;.\u00a0<\/p>\n<p><img fetchpriority=\"high\" decoding=\"async\" class=\"alignnone size-medium wp-image-3468\" src=\"https:\/\/www.ufsm.br\/app\/uploads\/sites\/391\/2020\/09\/setembro-amarelo-300x300.jpg\" alt=\"\" width=\"300\" height=\"300\" srcset=\"https:\/\/www.ufsm.br\/app\/uploads\/sites\/391\/2020\/09\/setembro-amarelo-300x300.jpg 300w, https:\/\/www.ufsm.br\/app\/uploads\/sites\/391\/2020\/09\/setembro-amarelo-150x150.jpg 150w, https:\/\/www.ufsm.br\/app\/uploads\/sites\/391\/2020\/09\/setembro-amarelo.jpg 763w\" sizes=\"(max-width: 300px) 100vw, 300px\" \/><\/p>\n<p><strong>DESCRI\u00c7\u00c3O DE IMAGEM:<\/strong> imagem em formato quadrado, com fundo na cor amarela. Na parte superior, centralizada, l\u00ea-se &#8220;WEBINAR&#8221;. Abaixo, tamb\u00e9m centralizado, l\u00ea-se &#8220;ESTRAT\u00c9GIAS DE PREVEN\u00c7\u00c3O AO SUIC\u00cdDIO NO CONTEXTO DA PANDEMIA COVID-19&#8221;. Abaixo, l\u00ea-se &#8220;Convidadas&#8221;. Na sequ\u00eancia, abaixo, dentro de c\u00edrculos, h\u00e1 as fotos das duas palestrantes: Enfermeira Ma. Soalnge M.S. Piovesan (mulher de pele clara, cabelos loiros at\u00e9 a altura do ombro, express\u00e3o sorridente e usando \u00f3culos de grau); Psic\u00f3loga Anelise Beheregaray (mulher de pele clara, cabelos castanhos, express\u00e3o sorridente e vestindo blusas de listras largas). Entre as fotos, h\u00e1 o la\u00e7o amarelo, s\u00edmbolo da campanha Setembro Amarelo. Abaixo, h\u00e1 informa\u00e7\u00f5es sobre a realiza\u00e7\u00e3o do evento: &#8220;Quinta-feira, 24 de Setembro&#8221;, &#8220;18 horas&#8221;, &#8220;Via Google Meet&#8221;. Na sequ\u00eancia, em sentido horizontal, l\u00ea-se: &#8220;OBS: Haver\u00e1 certifica\u00e7\u00e3o para quem seguir as instru\u00e7\u00f5es que est\u00e3o no post oficial no instagram do @petenfpm&#8221;. Por fim, na base da imagem, l\u00ea-se: &#8220;Organiza\u00e7\u00e3o Grupo PET Enfermagem e Grupo GENVULC-UFSM\/PM&#8221;.\u00a0<\/p>\n<p><img decoding=\"async\" class=\"alignnone size-medium wp-image-3469\" src=\"https:\/\/www.ufsm.br\/app\/uploads\/sites\/391\/2020\/09\/setembro-amarelo-2-297x300.jpg\" alt=\"\" width=\"297\" height=\"300\" srcset=\"https:\/\/www.ufsm.br\/app\/uploads\/sites\/391\/2020\/09\/setembro-amarelo-2-297x300.jpg 297w, https:\/\/www.ufsm.br\/app\/uploads\/sites\/391\/2020\/09\/setembro-amarelo-2.jpg 767w\" sizes=\"(max-width: 297px) 100vw, 297px\" \/><\/p>\n","protected":false},"excerpt":{"rendered":"<p>A Universidade Federal de Santa Maria(UFSM)\/Coordenadoria de A\u00e7\u00f5es Educacionais (CAEd) soma-se \u00e0 divulga\u00e7\u00e3o dos eventos relativos \u00e0 campanha nacional de preven\u00e7\u00e3o do suic\u00eddio e valoriza\u00e7\u00e3o da vida, denominada Setembro Amarelo, na UFSM. A seguir, h\u00e1 o cronograma e um evento em destaque.\u00a0 Cronograma: https:\/\/www.ufsm.br\/eventos\/setembroamarelo DESCRI\u00c7\u00c3O DE IMAGEM: imagem em formato quadrado, com fundo dividido nas [&hellip;]<\/p>\n","protected":false},"author":252,"featured_media":0,"comment_status":"closed","ping_status":"closed","sticky":false,"template":"","format":"standard","meta":{"footnotes":""},"categories":[1],"tags":[],"class_list":["post-3467","post","type-post","status-publish","format-standard","hentry","category-sem-categoria"],"acf":[],"_links":{"self":[{"href":"https:\/\/www.ufsm.br\/pro-reitorias\/prograd\/caed\/wp-json\/wp\/v2\/posts\/3467","targetHints":{"allow":["GET"]}}],"collection":[{"href":"https:\/\/www.ufsm.br\/pro-reitorias\/prograd\/caed\/wp-json\/wp\/v2\/posts"}],"about":[{"href":"https:\/\/www.ufsm.br\/pro-reitorias\/prograd\/caed\/wp-json\/wp\/v2\/types\/post"}],"author":[{"embeddable":true,"href":"https:\/\/www.ufsm.br\/pro-reitorias\/prograd\/caed\/wp-json\/wp\/v2\/users\/252"}],"replies":[{"embeddable":true,"href":"https:\/\/www.ufsm.br\/pro-reitorias\/prograd\/caed\/wp-json\/wp\/v2\/comments?post=3467"}],"version-history":[{"count":0,"href":"https:\/\/www.ufsm.br\/pro-reitorias\/prograd\/caed\/wp-json\/wp\/v2\/posts\/3467\/revisions"}],"wp:attachment":[{"href":"https:\/\/www.ufsm.br\/pro-reitorias\/prograd\/caed\/wp-json\/wp\/v2\/media?parent=3467"}],"wp:term":[{"taxonomy":"category","embeddable":true,"href":"https:\/\/www.ufsm.br\/pro-reitorias\/prograd\/caed\/wp-json\/wp\/v2\/categories?post=3467"},{"taxonomy":"post_tag","embeddable":true,"href":"https:\/\/www.ufsm.br\/pro-reitorias\/prograd\/caed\/wp-json\/wp\/v2\/tags?post=3467"}],"curies":[{"name":"wp","href":"https:\/\/api.w.org\/{rel}","templated":true}]}}