{"id":3470,"date":"2020-09-21T23:35:21","date_gmt":"2020-09-22T02:35:21","guid":{"rendered":"https:\/\/www.ufsm.br\/orgaos-executivos\/caed\/?p=3470"},"modified":"2020-09-21T23:35:22","modified_gmt":"2020-09-22T02:35:22","slug":"mes-da-ciberseguranca-na-ufsm","status":"publish","type":"post","link":"https:\/\/www.ufsm.br\/pro-reitorias\/prograd\/caed\/2020\/09\/21\/mes-da-ciberseguranca-na-ufsm","title":{"rendered":"M\u00eas da CIBERSEGURAN\u00c7A na UFSM"},"content":{"rendered":"\n<p>A Universidade Federal de Santa Maria(UFSM)\/Coordenadoria de A\u00e7\u00f5es Educacionais (CAEd)soma-se \u00e0 divulga\u00e7\u00e3o do M\u00eas da Ciberseguran\u00e7a na UFSM.\u00a0<\/p>\n<p><span style=\"font-weight: 400\">&#8220;Voc\u00ea quer contribuir para o M\u00eas da Ciberseguran\u00e7a na UFSM? Tem alguma d\u00favida a respeito desse tema? ?<\/span><\/p>\n<p><span style=\"font-weight: 400\">Responda este quiz para auxiliar o CPD &#8211; Centro de Processamento de Dados da UFSM na elabora\u00e7\u00e3o de dados e materiais a respeito dessa tem\u00e1tica t\u00e3o importante!<\/span><\/p>\n<p><span style=\"font-weight: 400\">Os resultados obtidos nortear\u00e3o a produ\u00e7\u00e3o de conte\u00fados referentes ao M\u00eas da #Ciberseguran\u00e7a na UFSM, em Outubro. Nos vemos l\u00e1!<\/span><\/p>\n<p><span style=\"font-weight: 400\">\u27a1\ufe0f Acesse: http:\/\/bit.ly\/quiz-ciberseguranca ?<\/span><\/p>\n<p><span style=\"font-weight: 400\">#M\u00easdaCiberseguran\u00e7a.<\/span><\/p>\n","protected":false},"excerpt":{"rendered":"<p>A Universidade Federal de Santa Maria(UFSM)\/Coordenadoria de A\u00e7\u00f5es Educacionais (CAEd)soma-se \u00e0 divulga\u00e7\u00e3o do M\u00eas da Ciberseguran\u00e7a na UFSM.\u00a0 &#8220;Voc\u00ea quer contribuir para o M\u00eas da Ciberseguran\u00e7a na UFSM? Tem alguma d\u00favida a respeito desse tema? ? Responda este quiz para auxiliar o CPD &#8211; Centro de Processamento de Dados da UFSM na elabora\u00e7\u00e3o de dados [&hellip;]<\/p>\n","protected":false},"author":252,"featured_media":0,"comment_status":"closed","ping_status":"closed","sticky":false,"template":"","format":"standard","meta":{"footnotes":""},"categories":[1],"tags":[],"class_list":["post-3470","post","type-post","status-publish","format-standard","hentry","category-sem-categoria"],"acf":[],"_links":{"self":[{"href":"https:\/\/www.ufsm.br\/pro-reitorias\/prograd\/caed\/wp-json\/wp\/v2\/posts\/3470","targetHints":{"allow":["GET"]}}],"collection":[{"href":"https:\/\/www.ufsm.br\/pro-reitorias\/prograd\/caed\/wp-json\/wp\/v2\/posts"}],"about":[{"href":"https:\/\/www.ufsm.br\/pro-reitorias\/prograd\/caed\/wp-json\/wp\/v2\/types\/post"}],"author":[{"embeddable":true,"href":"https:\/\/www.ufsm.br\/pro-reitorias\/prograd\/caed\/wp-json\/wp\/v2\/users\/252"}],"replies":[{"embeddable":true,"href":"https:\/\/www.ufsm.br\/pro-reitorias\/prograd\/caed\/wp-json\/wp\/v2\/comments?post=3470"}],"version-history":[{"count":0,"href":"https:\/\/www.ufsm.br\/pro-reitorias\/prograd\/caed\/wp-json\/wp\/v2\/posts\/3470\/revisions"}],"wp:attachment":[{"href":"https:\/\/www.ufsm.br\/pro-reitorias\/prograd\/caed\/wp-json\/wp\/v2\/media?parent=3470"}],"wp:term":[{"taxonomy":"category","embeddable":true,"href":"https:\/\/www.ufsm.br\/pro-reitorias\/prograd\/caed\/wp-json\/wp\/v2\/categories?post=3470"},{"taxonomy":"post_tag","embeddable":true,"href":"https:\/\/www.ufsm.br\/pro-reitorias\/prograd\/caed\/wp-json\/wp\/v2\/tags?post=3470"}],"curies":[{"name":"wp","href":"https:\/\/api.w.org\/{rel}","templated":true}]}}