{"id":3471,"date":"2020-09-21T23:41:50","date_gmt":"2020-09-22T02:41:50","guid":{"rendered":"https:\/\/www.ufsm.br\/orgaos-executivos\/caed\/?p=3471"},"modified":"2020-09-21T23:41:51","modified_gmt":"2020-09-22T02:41:51","slug":"inscricoes-para-o-processo-seletivo-de-especializacao-mestrado-doutorado-da-ufsm-no-segundo-semestre-de-2020","status":"publish","type":"post","link":"https:\/\/www.ufsm.br\/pro-reitorias\/prograd\/caed\/2020\/09\/21\/inscricoes-para-o-processo-seletivo-de-especializacao-mestrado-doutorado-da-ufsm-no-segundo-semestre-de-2020","title":{"rendered":"Inscri\u00e7\u00f5es para o processo seletivo de Especializa\u00e7\u00e3o, Mestrado, Doutorado da UFSM no segundo semestre de 2020"},"content":{"rendered":"\n<p>A Universidade Federal de Santa Maria(UFSM)\/Coordenadoria de A\u00e7\u00f5es Educacionais(CAEd) soma-se \u00e0 divulga\u00e7\u00e3o do abertura do processo seletivo para especializa\u00e7\u00e3o, mestrado e doutorado no segundo semestre de 2020.\u00a0<\/p>\n<p>Maiores informa\u00e7\u00f5es no link a seguir: <a href=\"https:\/\/www.ufsm.br\/2020\/09\/18\/abertas-as-inscricoes-para-o-processo-seletivo-de-mestrado-doutorado-e-especializacao-no-segundo-semestre\/\">https:\/\/www.ufsm.br\/2020\/09\/18\/abertas-as-inscricoes-para-o-processo-seletivo-de-mestrado-doutorado-e-especializacao-no-segundo-semestre\/<\/a><\/p>\n","protected":false},"excerpt":{"rendered":"<p>A Universidade Federal de Santa Maria(UFSM)\/Coordenadoria de A\u00e7\u00f5es Educacionais(CAEd) soma-se \u00e0 divulga\u00e7\u00e3o do abertura do processo seletivo para especializa\u00e7\u00e3o, mestrado e doutorado no segundo semestre de 2020.\u00a0 Maiores informa\u00e7\u00f5es no link a seguir: https:\/\/www.ufsm.br\/2020\/09\/18\/abertas-as-inscricoes-para-o-processo-seletivo-de-mestrado-doutorado-e-especializacao-no-segundo-semestre\/<\/p>\n","protected":false},"author":252,"featured_media":0,"comment_status":"closed","ping_status":"closed","sticky":false,"template":"","format":"standard","meta":{"footnotes":""},"categories":[1],"tags":[],"class_list":["post-3471","post","type-post","status-publish","format-standard","hentry","category-sem-categoria"],"acf":[],"_links":{"self":[{"href":"https:\/\/www.ufsm.br\/pro-reitorias\/prograd\/caed\/wp-json\/wp\/v2\/posts\/3471","targetHints":{"allow":["GET"]}}],"collection":[{"href":"https:\/\/www.ufsm.br\/pro-reitorias\/prograd\/caed\/wp-json\/wp\/v2\/posts"}],"about":[{"href":"https:\/\/www.ufsm.br\/pro-reitorias\/prograd\/caed\/wp-json\/wp\/v2\/types\/post"}],"author":[{"embeddable":true,"href":"https:\/\/www.ufsm.br\/pro-reitorias\/prograd\/caed\/wp-json\/wp\/v2\/users\/252"}],"replies":[{"embeddable":true,"href":"https:\/\/www.ufsm.br\/pro-reitorias\/prograd\/caed\/wp-json\/wp\/v2\/comments?post=3471"}],"version-history":[{"count":0,"href":"https:\/\/www.ufsm.br\/pro-reitorias\/prograd\/caed\/wp-json\/wp\/v2\/posts\/3471\/revisions"}],"wp:attachment":[{"href":"https:\/\/www.ufsm.br\/pro-reitorias\/prograd\/caed\/wp-json\/wp\/v2\/media?parent=3471"}],"wp:term":[{"taxonomy":"category","embeddable":true,"href":"https:\/\/www.ufsm.br\/pro-reitorias\/prograd\/caed\/wp-json\/wp\/v2\/categories?post=3471"},{"taxonomy":"post_tag","embeddable":true,"href":"https:\/\/www.ufsm.br\/pro-reitorias\/prograd\/caed\/wp-json\/wp\/v2\/tags?post=3471"}],"curies":[{"name":"wp","href":"https:\/\/api.w.org\/{rel}","templated":true}]}}