{"id":3472,"date":"2020-09-21T23:44:23","date_gmt":"2020-09-22T02:44:23","guid":{"rendered":"https:\/\/www.ufsm.br\/orgaos-executivos\/caed\/?p=3472"},"modified":"2020-09-21T23:45:00","modified_gmt":"2020-09-22T02:45:00","slug":"ufsm-oferta-864-vagas-nos-cursos-de-graduacao-presencial-para-reingresso-transferencias-externas-e-internas-e-portadores-de-diploma-superior","status":"publish","type":"post","link":"https:\/\/www.ufsm.br\/pro-reitorias\/prograd\/caed\/2020\/09\/21\/ufsm-oferta-864-vagas-nos-cursos-de-graduacao-presencial-para-reingresso-transferencias-externas-e-internas-e-portadores-de-diploma-superior","title":{"rendered":"UFSM oferta 864 vagas nos cursos de gradua\u00e7\u00e3o presencial para reingresso, transfer\u00eancias externas e internas e portadores de diploma superior"},"content":{"rendered":"\n<p>A Universidade Federal de Santa Maria(UFSM)\/Coordenadoria de A\u00e7\u00f5es Educacionais(CAEd) soma-se \u00e0 divulga\u00e7\u00e3o da oferta de vagas para ingressos variados nos cursos de gradua\u00e7\u00e3o presenciais.\u00a0<\/p>\n<p>Maiores informa\u00e7\u00f5es no link a seguir: <a href=\"https:\/\/www.ufsm.br\/pro-reitorias\/prograd\/2020\/09\/20\/ufsm-oferta-864-vagas-nos-cursos-de-graduacao-presencial-para-reingresso-transferencias-externas-e-internas-e-portadores-de-diploma-superior\/\">https:\/\/www.ufsm.br\/pro-reitorias\/prograd\/2020\/09\/20\/ufsm-oferta-864-vagas-nos-cursos-de-graduacao-presencial-para-reingresso-transferencias-externas-e-internas-e-portadores-de-diploma-superior\/<\/a><\/p>\n","protected":false},"excerpt":{"rendered":"<p>A Universidade Federal de Santa Maria(UFSM)\/Coordenadoria de A\u00e7\u00f5es Educacionais(CAEd) soma-se \u00e0 divulga\u00e7\u00e3o da oferta de vagas para ingressos variados nos cursos de gradua\u00e7\u00e3o presenciais.\u00a0 Maiores informa\u00e7\u00f5es no link a seguir: https:\/\/www.ufsm.br\/pro-reitorias\/prograd\/2020\/09\/20\/ufsm-oferta-864-vagas-nos-cursos-de-graduacao-presencial-para-reingresso-transferencias-externas-e-internas-e-portadores-de-diploma-superior\/<\/p>\n","protected":false},"author":252,"featured_media":0,"comment_status":"closed","ping_status":"closed","sticky":false,"template":"","format":"standard","meta":{"footnotes":""},"categories":[1],"tags":[],"class_list":["post-3472","post","type-post","status-publish","format-standard","hentry","category-sem-categoria"],"acf":[],"_links":{"self":[{"href":"https:\/\/www.ufsm.br\/pro-reitorias\/prograd\/caed\/wp-json\/wp\/v2\/posts\/3472","targetHints":{"allow":["GET"]}}],"collection":[{"href":"https:\/\/www.ufsm.br\/pro-reitorias\/prograd\/caed\/wp-json\/wp\/v2\/posts"}],"about":[{"href":"https:\/\/www.ufsm.br\/pro-reitorias\/prograd\/caed\/wp-json\/wp\/v2\/types\/post"}],"author":[{"embeddable":true,"href":"https:\/\/www.ufsm.br\/pro-reitorias\/prograd\/caed\/wp-json\/wp\/v2\/users\/252"}],"replies":[{"embeddable":true,"href":"https:\/\/www.ufsm.br\/pro-reitorias\/prograd\/caed\/wp-json\/wp\/v2\/comments?post=3472"}],"version-history":[{"count":0,"href":"https:\/\/www.ufsm.br\/pro-reitorias\/prograd\/caed\/wp-json\/wp\/v2\/posts\/3472\/revisions"}],"wp:attachment":[{"href":"https:\/\/www.ufsm.br\/pro-reitorias\/prograd\/caed\/wp-json\/wp\/v2\/media?parent=3472"}],"wp:term":[{"taxonomy":"category","embeddable":true,"href":"https:\/\/www.ufsm.br\/pro-reitorias\/prograd\/caed\/wp-json\/wp\/v2\/categories?post=3472"},{"taxonomy":"post_tag","embeddable":true,"href":"https:\/\/www.ufsm.br\/pro-reitorias\/prograd\/caed\/wp-json\/wp\/v2\/tags?post=3472"}],"curies":[{"name":"wp","href":"https:\/\/api.w.org\/{rel}","templated":true}]}}