{"id":3473,"date":"2020-09-21T23:48:04","date_gmt":"2020-09-22T02:48:04","guid":{"rendered":"https:\/\/www.ufsm.br\/orgaos-executivos\/caed\/?p=3473"},"modified":"2020-09-21T23:48:05","modified_gmt":"2020-09-22T02:48:05","slug":"35o-festival-internacional-de-inverno-da-ufsm","status":"publish","type":"post","link":"https:\/\/www.ufsm.br\/pro-reitorias\/prograd\/caed\/2020\/09\/21\/35o-festival-internacional-de-inverno-da-ufsm","title":{"rendered":"35\u00ba Festival Internacional de Inverno da UFSM"},"content":{"rendered":"\n<p>A Universidade Federal de Santa Maria (UFSM)\/Coordenadoria de A\u00e7\u00f5es Educacionais(CAEd) soma-se \u00e0 divulga\u00e7\u00e3o do 35\u00ba Festival Internacional de Inverno da UFSM, que ocorrer\u00e1 23 A 25\u00a0 de setembro de 2020, na modalidade on-line.\u00a0<\/p>\n<p>Maiores informa\u00e7\u00f5es no link a seguir: <a href=\"https:\/\/www.ufsm.br\/unidades-universitarias\/cal\/eventos\/35fiiufsm\/\">https:\/\/www.ufsm.br\/unidades-universitarias\/cal\/eventos\/35fiiufsm\/<\/a><\/p>\n","protected":false},"excerpt":{"rendered":"<p>A Universidade Federal de Santa Maria (UFSM)\/Coordenadoria de A\u00e7\u00f5es Educacionais(CAEd) soma-se \u00e0 divulga\u00e7\u00e3o do 35\u00ba Festival Internacional de Inverno da UFSM, que ocorrer\u00e1 23 A 25\u00a0 de setembro de 2020, na modalidade on-line.\u00a0 Maiores informa\u00e7\u00f5es no link a seguir: https:\/\/www.ufsm.br\/unidades-universitarias\/cal\/eventos\/35fiiufsm\/<\/p>\n","protected":false},"author":252,"featured_media":0,"comment_status":"closed","ping_status":"closed","sticky":false,"template":"","format":"standard","meta":{"footnotes":""},"categories":[1],"tags":[],"class_list":["post-3473","post","type-post","status-publish","format-standard","hentry","category-sem-categoria"],"acf":[],"_links":{"self":[{"href":"https:\/\/www.ufsm.br\/pro-reitorias\/prograd\/caed\/wp-json\/wp\/v2\/posts\/3473","targetHints":{"allow":["GET"]}}],"collection":[{"href":"https:\/\/www.ufsm.br\/pro-reitorias\/prograd\/caed\/wp-json\/wp\/v2\/posts"}],"about":[{"href":"https:\/\/www.ufsm.br\/pro-reitorias\/prograd\/caed\/wp-json\/wp\/v2\/types\/post"}],"author":[{"embeddable":true,"href":"https:\/\/www.ufsm.br\/pro-reitorias\/prograd\/caed\/wp-json\/wp\/v2\/users\/252"}],"replies":[{"embeddable":true,"href":"https:\/\/www.ufsm.br\/pro-reitorias\/prograd\/caed\/wp-json\/wp\/v2\/comments?post=3473"}],"version-history":[{"count":0,"href":"https:\/\/www.ufsm.br\/pro-reitorias\/prograd\/caed\/wp-json\/wp\/v2\/posts\/3473\/revisions"}],"wp:attachment":[{"href":"https:\/\/www.ufsm.br\/pro-reitorias\/prograd\/caed\/wp-json\/wp\/v2\/media?parent=3473"}],"wp:term":[{"taxonomy":"category","embeddable":true,"href":"https:\/\/www.ufsm.br\/pro-reitorias\/prograd\/caed\/wp-json\/wp\/v2\/categories?post=3473"},{"taxonomy":"post_tag","embeddable":true,"href":"https:\/\/www.ufsm.br\/pro-reitorias\/prograd\/caed\/wp-json\/wp\/v2\/tags?post=3473"}],"curies":[{"name":"wp","href":"https:\/\/api.w.org\/{rel}","templated":true}]}}