{"id":3474,"date":"2020-09-21T23:59:05","date_gmt":"2020-09-22T02:59:05","guid":{"rendered":"https:\/\/www.ufsm.br\/orgaos-executivos\/caed\/?p=3474"},"modified":"2020-09-21T23:59:06","modified_gmt":"2020-09-22T02:59:06","slug":"caminhos-do-saber-60-anos-da-ufsm-webinar-integracao-da-educacao-ibero-americana-uma-visao-universitaria","status":"publish","type":"post","link":"https:\/\/www.ufsm.br\/pro-reitorias\/prograd\/caed\/2020\/09\/21\/caminhos-do-saber-60-anos-da-ufsm-webinar-integracao-da-educacao-ibero-americana-uma-visao-universitaria","title":{"rendered":"Caminhos do Saber: 60 Anos da UFSM &#8211; Webinar Integra\u00e7\u00e3o da Educa\u00e7\u00e3o Ibero-americana &#8211; uma vis\u00e3o universit\u00e1ria"},"content":{"rendered":"\n<p>A Universidade Federal de Santa Maria(UFSM)\/Coordenadoria de A\u00e7\u00f5es Educacionais(CAEd) soma-se \u00e0 divulga\u00e7\u00e3o do webinar &#8220;Caminhos do Saber: 60 Anos da UFSM&#8221;, dia 23 de setembro de 2020, \u00e0s 17h00min, com transmiss\u00e3o via FAROL.\u00a0<\/p>\n<p>O evento contar\u00e1 com a participa\u00e7\u00e3o de Enrique Jos\u00e9 Mammarella, Presidente da AUGM e Reitor da Universidad Nacional del Litoral (UNL Argentina) e de Luiz Miguel Oosterbeek, Secret\u00e1rio do Conselho Internacional de Filosofia e Ci\u00eancias Humanas (CIPSH) da UNESCO e professor do Instituto Polit\u00e9cnico de Tomar, Portugal. A medica\u00e7\u00e3o do evento ficar\u00e1 a cargo do Professor Paulo Afonso Burmann, Reitor da UFSM.\u00a0<\/p>\n","protected":false},"excerpt":{"rendered":"<p>A Universidade Federal de Santa Maria(UFSM)\/Coordenadoria de A\u00e7\u00f5es Educacionais(CAEd) soma-se \u00e0 divulga\u00e7\u00e3o do webinar &#8220;Caminhos do Saber: 60 Anos da UFSM&#8221;, dia 23 de setembro de 2020, \u00e0s 17h00min, com transmiss\u00e3o via FAROL.\u00a0 O evento contar\u00e1 com a participa\u00e7\u00e3o de Enrique Jos\u00e9 Mammarella, Presidente da AUGM e Reitor da Universidad Nacional del Litoral (UNL Argentina) [&hellip;]<\/p>\n","protected":false},"author":252,"featured_media":0,"comment_status":"closed","ping_status":"closed","sticky":false,"template":"","format":"standard","meta":{"footnotes":""},"categories":[1],"tags":[],"class_list":["post-3474","post","type-post","status-publish","format-standard","hentry","category-sem-categoria"],"acf":[],"_links":{"self":[{"href":"https:\/\/www.ufsm.br\/pro-reitorias\/prograd\/caed\/wp-json\/wp\/v2\/posts\/3474","targetHints":{"allow":["GET"]}}],"collection":[{"href":"https:\/\/www.ufsm.br\/pro-reitorias\/prograd\/caed\/wp-json\/wp\/v2\/posts"}],"about":[{"href":"https:\/\/www.ufsm.br\/pro-reitorias\/prograd\/caed\/wp-json\/wp\/v2\/types\/post"}],"author":[{"embeddable":true,"href":"https:\/\/www.ufsm.br\/pro-reitorias\/prograd\/caed\/wp-json\/wp\/v2\/users\/252"}],"replies":[{"embeddable":true,"href":"https:\/\/www.ufsm.br\/pro-reitorias\/prograd\/caed\/wp-json\/wp\/v2\/comments?post=3474"}],"version-history":[{"count":0,"href":"https:\/\/www.ufsm.br\/pro-reitorias\/prograd\/caed\/wp-json\/wp\/v2\/posts\/3474\/revisions"}],"wp:attachment":[{"href":"https:\/\/www.ufsm.br\/pro-reitorias\/prograd\/caed\/wp-json\/wp\/v2\/media?parent=3474"}],"wp:term":[{"taxonomy":"category","embeddable":true,"href":"https:\/\/www.ufsm.br\/pro-reitorias\/prograd\/caed\/wp-json\/wp\/v2\/categories?post=3474"},{"taxonomy":"post_tag","embeddable":true,"href":"https:\/\/www.ufsm.br\/pro-reitorias\/prograd\/caed\/wp-json\/wp\/v2\/tags?post=3474"}],"curies":[{"name":"wp","href":"https:\/\/api.w.org\/{rel}","templated":true}]}}