{"id":3479,"date":"2020-09-23T18:42:21","date_gmt":"2020-09-23T21:42:21","guid":{"rendered":"https:\/\/www.ufsm.br\/orgaos-executivos\/caed\/?p=3479"},"modified":"2020-09-23T19:10:16","modified_gmt":"2020-09-23T22:10:16","slug":"palestra-acessibilidade-e-deficiencia-visual-a-importancia-da-descricao-de-imagem-e-da-audiodescricao","status":"publish","type":"post","link":"https:\/\/www.ufsm.br\/pro-reitorias\/prograd\/caed\/2020\/09\/23\/palestra-acessibilidade-e-deficiencia-visual-a-importancia-da-descricao-de-imagem-e-da-audiodescricao","title":{"rendered":"Palestra &#8211; Acessibilidade e Defici\u00eancia Visual: a import\u00e2ncia da descri\u00e7\u00e3o de imagem e da audiodescri\u00e7\u00e3o"},"content":{"rendered":"\n<p>A Universidade Federal de Santa Maria(UFSM)Coordenadoria de A\u00e7\u00f5es Educacionais(CAEd) convida para a palestra Acessibilidade e Defici\u00eancia Visual: a import\u00e2ncia da descri\u00e7\u00e3o de imagem e da audiodescri\u00e7\u00e3o, dia 30 de setembro, \u00e0s 14h00min.<\/p>\n<p>Inscri\u00e7\u00f5es no link : <a class=\"oajrlxb2 g5ia77u1 qu0x051f esr5mh6w e9989ue4 r7d6kgcz rq0escxv nhd2j8a9 nc684nl6 p7hjln8o kvgmc6g5 cxmmr5t8 oygrvhab hcukyx3x jb3vyjys rz4wbd8a qt6c0cv9 a8nywdso i1ao9s8h esuyzwwr f1sip0of lzcic4wl py34i1dx gpro0wi8\" role=\"link\" href=\"https:\/\/forms.gle\/WCMrDhvk8Er1YqeR8?fbclid=IwAR3dPwVWAy99QL_N86cmePPsns7q0fLROMR-5jRyc0S-ZWPIct_fPVwl0PQ\" target=\"_blank\" rel=\"nofollow noopener noreferrer\">https:\/\/forms.gle\/WCMrDhvk8Er1YqeR8<\/a><\/p>\n<p><strong>Descri\u00e7\u00e3o de imagem:<\/strong> cartaz virtual para divulga\u00e7\u00e3o de palestra. Na parte superior da imagem, h\u00e1 diversas ilustra\u00e7\u00f5es na cor branca: uma folha, um olho, um monitor de computador, um l\u00e1pis, um bal\u00e3o de conversa e uma l\u00e2mpada, formando duas filas de tr\u00eas, uma abaixo da outra. O fundo das figuras alterna entre azul e amarelo. Abaixo, est\u00e1 escrito: &#8220;Acessibilidade e defici\u00eancia visual: a import\u00e2ncia da Descri\u00e7\u00e3o de Imagem e da Audiodescri\u00e7\u00e3o&#8221; em letras azuis; abaixo, &#8220;Fonoaudi\u00f3loga Ana Paula Silva, Graduanda em Educa\u00e7\u00e3o Especial C\u00edntia Lopes, Jornalista Rubia Steffens&#8221;, tamb\u00e9m em letras azuis. Na parte inferior escrito, l\u00ea-se &#8220;Palestra 30\/09- 14h&#8221; e &#8220;Inscri\u00e7\u00f5es via formul\u00e1rio&#8221;, em letras e n\u00fameros azuis. No canto inferior esquerdo, h\u00e1 o logotipo comemorativo &#8220;UFSM 60 anos&#8221;, em azul escuro. No canto inferior direito, l\u00ea-se &#8220;CAEd Coordenadoria de a\u00e7\u00f5es educacionais&#8221; em preto. O fundo da imagem \u00e9 na cor branca.<\/p>\n<p><img fetchpriority=\"high\" decoding=\"async\" class=\"alignnone size-medium wp-image-3480 aligncenter\" src=\"https:\/\/www.ufsm.br\/app\/uploads\/sites\/391\/2020\/09\/acess-e-deficiencia-visual..-212x300.png\" alt=\"\" width=\"212\" height=\"300\" srcset=\"https:\/\/www.ufsm.br\/app\/uploads\/sites\/391\/2020\/09\/acess-e-deficiencia-visual..-212x300.png 212w, https:\/\/www.ufsm.br\/app\/uploads\/sites\/391\/2020\/09\/acess-e-deficiencia-visual..-724x1024.png 724w, https:\/\/www.ufsm.br\/app\/uploads\/sites\/391\/2020\/09\/acess-e-deficiencia-visual..-768x1086.png 768w, https:\/\/www.ufsm.br\/app\/uploads\/sites\/391\/2020\/09\/acess-e-deficiencia-visual..-1086x1536.png 1086w, https:\/\/www.ufsm.br\/app\/uploads\/sites\/391\/2020\/09\/acess-e-deficiencia-visual..-1448x2048.png 1448w, https:\/\/www.ufsm.br\/app\/uploads\/sites\/391\/2020\/09\/acess-e-deficiencia-visual...png 1587w\" sizes=\"(max-width: 212px) 100vw, 212px\" \/><\/p>\n","protected":false},"excerpt":{"rendered":"<p>A Universidade Federal de Santa Maria(UFSM)Coordenadoria de A\u00e7\u00f5es Educacionais(CAEd) convida para a palestra Acessibilidade e Defici\u00eancia Visual: a import\u00e2ncia da descri\u00e7\u00e3o de imagem e da audiodescri\u00e7\u00e3o, dia 30 de setembro, \u00e0s 14h00min. Inscri\u00e7\u00f5es no link : https:\/\/forms.gle\/WCMrDhvk8Er1YqeR8 Descri\u00e7\u00e3o de imagem: cartaz virtual para divulga\u00e7\u00e3o de palestra. Na parte superior da imagem, h\u00e1 diversas ilustra\u00e7\u00f5es na [&hellip;]<\/p>\n","protected":false},"author":252,"featured_media":0,"comment_status":"closed","ping_status":"closed","sticky":false,"template":"","format":"standard","meta":{"footnotes":""},"categories":[1],"tags":[],"class_list":["post-3479","post","type-post","status-publish","format-standard","hentry","category-sem-categoria"],"acf":[],"_links":{"self":[{"href":"https:\/\/www.ufsm.br\/pro-reitorias\/prograd\/caed\/wp-json\/wp\/v2\/posts\/3479","targetHints":{"allow":["GET"]}}],"collection":[{"href":"https:\/\/www.ufsm.br\/pro-reitorias\/prograd\/caed\/wp-json\/wp\/v2\/posts"}],"about":[{"href":"https:\/\/www.ufsm.br\/pro-reitorias\/prograd\/caed\/wp-json\/wp\/v2\/types\/post"}],"author":[{"embeddable":true,"href":"https:\/\/www.ufsm.br\/pro-reitorias\/prograd\/caed\/wp-json\/wp\/v2\/users\/252"}],"replies":[{"embeddable":true,"href":"https:\/\/www.ufsm.br\/pro-reitorias\/prograd\/caed\/wp-json\/wp\/v2\/comments?post=3479"}],"version-history":[{"count":0,"href":"https:\/\/www.ufsm.br\/pro-reitorias\/prograd\/caed\/wp-json\/wp\/v2\/posts\/3479\/revisions"}],"wp:attachment":[{"href":"https:\/\/www.ufsm.br\/pro-reitorias\/prograd\/caed\/wp-json\/wp\/v2\/media?parent=3479"}],"wp:term":[{"taxonomy":"category","embeddable":true,"href":"https:\/\/www.ufsm.br\/pro-reitorias\/prograd\/caed\/wp-json\/wp\/v2\/categories?post=3479"},{"taxonomy":"post_tag","embeddable":true,"href":"https:\/\/www.ufsm.br\/pro-reitorias\/prograd\/caed\/wp-json\/wp\/v2\/tags?post=3479"}],"curies":[{"name":"wp","href":"https:\/\/api.w.org\/{rel}","templated":true}]}}