{"id":3503,"date":"2020-09-29T22:18:39","date_gmt":"2020-09-30T01:18:39","guid":{"rendered":"https:\/\/www.ufsm.br\/orgaos-executivos\/caed\/?p=3503"},"modified":"2020-09-29T22:18:40","modified_gmt":"2020-09-30T01:18:40","slug":"live-covid-psiq-reapresentacao-da-tese-de-doutorado-o-incendio-da-boate-kiss-investigacao-da-relacao-entre-personalidade-psicopatologia-e-resiliencia","status":"publish","type":"post","link":"https:\/\/www.ufsm.br\/pro-reitorias\/prograd\/caed\/2020\/09\/29\/live-covid-psiq-reapresentacao-da-tese-de-doutorado-o-incendio-da-boate-kiss-investigacao-da-relacao-entre-personalidade-psicopatologia-e-resiliencia","title":{"rendered":"LIVE COVID Psiq: Reapresenta\u00e7\u00e3o da tese de doutorado \u201cO inc\u00eandio da boate Kiss: investiga\u00e7\u00e3o da rela\u00e7\u00e3o entre personalidade, psicopatologia e resili\u00eancia\u201d"},"content":{"rendered":"\n<p>A Universidade Federal de Santa Maria(UFSM)\/Coordenadoria de A\u00e7\u00f5es Educacionais(CAEd) e o projeto COVID Psiq convidam todos para assistirem \u00e0 reapresenta\u00e7\u00e3o da tese de doutorado \u201cO inc\u00eandio da boate Kiss: investiga\u00e7\u00e3o da rela\u00e7\u00e3o entre personalidade, psicopatologia e resili\u00eancia\u201d, com a participa\u00e7\u00e3o do Prof. Dr. Vitor Crestani Calegaro, dia <strong>01 de outubro de 2020, <\/strong>\u00e0s<strong> 14h00min.<\/strong><\/p>\n<p>O evento contar\u00e1 com certifica\u00e7\u00e3o.<\/p>\n<p>Inscri\u00e7\u00f5es pelo link a seguir: <a href=\"https:\/\/docs.google.com\/forms\/d\/e\/1FAIpQLSdx3-gdh0XR58zmjZh0mrMG8z9HxRxkgmrd6nmhBVuYuxYQpw\/viewform\">https:\/\/docs.google.com\/forms\/d\/e\/1FAIpQLSdx3-gdh0XR58zmjZh0mrMG8z9HxRxkgmrd6nmhBVuYuxYQpw\/viewform<\/a><\/p>\n<p>&#8220;Desastres como o inc\u00eandio da boate Kiss e a pandemia da COVID-19 podem desencadear diversas psicopatologias p\u00f3s-traum\u00e1ticas em indiv\u00edduos expostos, principalmente transtorno de estresse p\u00f3s-traum\u00e1tico (TEPT), depress\u00e3o e transtornos de ansiedade, levando a preju\u00edzo significativo na qualidade de vida. Por outro lado, h\u00e1 pessoas que conseguem recuperar a sa\u00fade mental ap\u00f3s um per\u00edodo breve de sofrimento, pois apresentam o tra\u00e7o de resili\u00eancia, caracter\u00edstica atribu\u00edda \u00e0 personalidade. Convidamos todos para participarem da live de reapresenta\u00e7\u00e3o da tese de doutorado \u201cO inc\u00eandio da boate Kiss: investiga\u00e7\u00e3o da rela\u00e7\u00e3o entre personalidade, psicopatologia e resili\u00eancia\u201d do Prof. Dr. Vitor Crestani Calegaro, que acontecer\u00e1 no dia 01 de outubro de 2020, \u00e0s 14h00min. O Prof. Dr. Vitor Crestani Calegaro, pesquisador respons\u00e1vel pelo projeto CovidPsiq, \u00e9 professor adjunto do Departamento de Neuropsiquiatria da Universidade Federal de Santa Maria, coordena o Ambulat\u00f3rio de Psiquiatria do Centro Integrado de Aten\u00e7\u00e3o \u00e0s V\u00edtimas de Acidentes (CIAVA), no Hospital Universit\u00e1rio de Santa Maria, e atua como m\u00e9dico psiquiatra na Coordenadoria de A\u00e7\u00f5es Educacionais (CAEd\/UFSM), prestando atendimento aos alunos da institui\u00e7\u00e3o. Sua tese foi desenvolvida no doutorado em Psiquiatria e Ci\u00eancias do Comportamento pela Universidade Federal do Rio Grande do Sul (defendida em 25\/10\/2019) e orientada pela Prof\u00aa Dr\u00aa L\u00facia Helena Machado Freitas. A tese pode ser acessada na \u00edntegra pelo link <a href=\"https:\/\/www.youtube.com\/redirect?q=https%3A%2F%2Flume.ufrgs.br%2Fhandle%2F10183%2F204283&amp;redir_token=QUFFLUhqbkJ1ZVM2SDlWTnBBclhuTDBKQ1BMcjZhNUhfZ3xBQ3Jtc0tsQXdmU3A2aTAyNTBvNUU1d01wZEFEa0hYbGFKLVhxc1RDUTZqUlU3UDJDUkNMTWx4V2pqcXhiT3pqN19wZm13QzBhM2ZOc0NnYVluSEllQm5ITFgwM1hfX0hkekJ1WkNtcS1Mdnl0QVlPcnFEMExIcw%3D%3D&amp;v=QK1UFn8_U5U&amp;event=video_description\">https:\/\/lume.ufrgs.br\/handle\/10183\/20&#8230;<\/a> <a href=\"https:\/\/www.youtube.com\/results?search_query=%23ufrgs\">#ufrgs<\/a> <a href=\"https:\/\/www.youtube.com\/results?search_query=%23ufsm\">#ufsm<\/a> <a href=\"https:\/\/www.youtube.com\/results?search_query=%23husm\">#husm<\/a> <a href=\"https:\/\/www.youtube.com\/results?search_query=%23covidpsiq\">#covidpsiq<\/a> <a href=\"https:\/\/www.youtube.com\/results?search_query=%23resiliencia\">#resiliencia<\/a>&#8220;<\/p>\n<p><strong>\u00a0<\/strong><strong>DESCRI\u00c7\u00c3O DE IMAGEM:\u00a0<\/strong>imagem em formato quadrado, com o fundo da imagem dividido diagonalmente, sendo a parte superior na cor bege e a parte inferior na cor roxa. No \u00e2ngulo superior esquerdo, l\u00ea-se a palavra \u201cLIVE com certifica\u00e7\u00e3o\u201d, em letras na cor roxa. \u00c0 direita, h\u00e1 o logotipo da ferramenta Google Meet, que consiste em um bal\u00e3o de fala na cor verde escura, tendo em seu interior a imagem de uma c\u00e2mera, na cor branca. Ao lado direito, h\u00e1 o logo do Projeto COVIDPsiq (rosto humano, de perfil, delineado na cor roxa, com a imagem de uma \u00e1rvore, cuja copa est\u00e1 no lugar do c\u00e9rebro). Abaixo deste, como base, h\u00e1 a denomina\u00e7\u00e3o COVIDPsiq. Ao lado direito desse, h\u00e1 o bras\u00e3o da Universidade Federal de Santa Maria (UFSM), formado pelos seguintes elementos:\u00a0tr\u00eas archotes de fogo, que simbolizam os tr\u00eas pilares da universidade: ensino, pesquisa e extens\u00e3o;\u00a0a flor-de-lis, simbolizando a purifica\u00e7\u00e3o, e os archotes com a chama do conhecimento, representando a luz que ilumina o caminho para a sabedoria;\u00a0o bras\u00e3o, denotando moral e respeito; a frase em latim \u201cSedes Sapientiae\u201d, que significa sede (lugar, casa) da sabedoria*. Como base do bras\u00e3o, h\u00e1 a sigla CAEd (Coordenadoria de A\u00e7\u00f5es Educacionais). Abaixo dos logos, em letras na cor roxa, l\u00ea-se o t\u00edtulo da live: \u201cApresenta\u00e7\u00e3o da tese de doutorado: O inc\u00eandio da boate Kiss: investiga\u00e7\u00e3o da rela\u00e7\u00e3o entre personalidade, psicopatologia e resili\u00eancia\u201d. No \u00e2ngulo inferior esquerdo, dentro de um c\u00edrculo com bordas na cor roxa, h\u00e1 a foto do ministrante, Prof. Dr. Vitor Crestani Calegaro, tratando de\u00a0homem de pele clara, cabelos curtos e castanhos e express\u00e3o sorridente. Usa \u00f3culos de grau e barba. Veste camisa social bege, blusa pull over, nas cores marrom e preta, e casaco preto. A identifica\u00e7\u00e3o encontra-se abaixo da foto, que est\u00e1 dividida entre as duas cores do fundo da imagem. \u00c0 direita da foto, no fundo de cor roxa, encontram-se as informa\u00e7\u00f5es sobre a realiza\u00e7\u00e3o da live: \u201c1\u00ba de outubro\u201d, \u201c14h00min\u201d, \u201cPara acompanhar, inscreva-se pelo link na descri\u00e7\u00e3o\u201d.\u00a0Fonte da descri\u00e7\u00e3o do bras\u00e3o da UFSM: Identidade Visual (<a href=\"https:\/\/www.ufsm.br\/identidade-institucional\/\">https:\/\/www.ufsm.br\/identidade-institucional\/<\/a>), em 29 de setembro de 2020.<\/p>\n<p><img fetchpriority=\"high\" decoding=\"async\" class=\"alignnone size-medium wp-image-3504 aligncenter\" src=\"https:\/\/www.ufsm.br\/app\/uploads\/sites\/391\/2020\/09\/14-LIVE-01-DE-OUTUBRO-DE-2020-300x300.jpg\" alt=\"\" width=\"300\" height=\"300\" srcset=\"https:\/\/www.ufsm.br\/app\/uploads\/sites\/391\/2020\/09\/14-LIVE-01-DE-OUTUBRO-DE-2020-300x300.jpg 300w, https:\/\/www.ufsm.br\/app\/uploads\/sites\/391\/2020\/09\/14-LIVE-01-DE-OUTUBRO-DE-2020-1024x1024.jpg 1024w, https:\/\/www.ufsm.br\/app\/uploads\/sites\/391\/2020\/09\/14-LIVE-01-DE-OUTUBRO-DE-2020-150x150.jpg 150w, https:\/\/www.ufsm.br\/app\/uploads\/sites\/391\/2020\/09\/14-LIVE-01-DE-OUTUBRO-DE-2020-768x768.jpg 768w, https:\/\/www.ufsm.br\/app\/uploads\/sites\/391\/2020\/09\/14-LIVE-01-DE-OUTUBRO-DE-2020.jpg 1080w\" sizes=\"(max-width: 300px) 100vw, 300px\" \/><\/p>\n<p>\u00a0<\/p>\n","protected":false},"excerpt":{"rendered":"<p>A Universidade Federal de Santa Maria(UFSM)\/Coordenadoria de A\u00e7\u00f5es Educacionais(CAEd) e o projeto COVID Psiq convidam todos para assistirem \u00e0 reapresenta\u00e7\u00e3o da tese de doutorado \u201cO inc\u00eandio da boate Kiss: investiga\u00e7\u00e3o da rela\u00e7\u00e3o entre personalidade, psicopatologia e resili\u00eancia\u201d, com a participa\u00e7\u00e3o do Prof. Dr. Vitor Crestani Calegaro, dia 01 de outubro de 2020, \u00e0s 14h00min. O [&hellip;]<\/p>\n","protected":false},"author":252,"featured_media":0,"comment_status":"closed","ping_status":"closed","sticky":false,"template":"","format":"standard","meta":{"footnotes":""},"categories":[1],"tags":[],"class_list":["post-3503","post","type-post","status-publish","format-standard","hentry","category-sem-categoria"],"acf":[],"_links":{"self":[{"href":"https:\/\/www.ufsm.br\/pro-reitorias\/prograd\/caed\/wp-json\/wp\/v2\/posts\/3503","targetHints":{"allow":["GET"]}}],"collection":[{"href":"https:\/\/www.ufsm.br\/pro-reitorias\/prograd\/caed\/wp-json\/wp\/v2\/posts"}],"about":[{"href":"https:\/\/www.ufsm.br\/pro-reitorias\/prograd\/caed\/wp-json\/wp\/v2\/types\/post"}],"author":[{"embeddable":true,"href":"https:\/\/www.ufsm.br\/pro-reitorias\/prograd\/caed\/wp-json\/wp\/v2\/users\/252"}],"replies":[{"embeddable":true,"href":"https:\/\/www.ufsm.br\/pro-reitorias\/prograd\/caed\/wp-json\/wp\/v2\/comments?post=3503"}],"version-history":[{"count":0,"href":"https:\/\/www.ufsm.br\/pro-reitorias\/prograd\/caed\/wp-json\/wp\/v2\/posts\/3503\/revisions"}],"wp:attachment":[{"href":"https:\/\/www.ufsm.br\/pro-reitorias\/prograd\/caed\/wp-json\/wp\/v2\/media?parent=3503"}],"wp:term":[{"taxonomy":"category","embeddable":true,"href":"https:\/\/www.ufsm.br\/pro-reitorias\/prograd\/caed\/wp-json\/wp\/v2\/categories?post=3503"},{"taxonomy":"post_tag","embeddable":true,"href":"https:\/\/www.ufsm.br\/pro-reitorias\/prograd\/caed\/wp-json\/wp\/v2\/tags?post=3503"}],"curies":[{"name":"wp","href":"https:\/\/api.w.org\/{rel}","templated":true}]}}