{"id":3505,"date":"2020-10-04T22:53:22","date_gmt":"2020-10-05T01:53:22","guid":{"rendered":"https:\/\/www.ufsm.br\/orgaos-executivos\/caed\/?p=3505"},"modified":"2020-10-04T22:53:23","modified_gmt":"2020-10-05T01:53:23","slug":"live-covid-psiq-dependencia-de-internet-em-tempos-de-pandemia","status":"publish","type":"post","link":"https:\/\/www.ufsm.br\/pro-reitorias\/prograd\/caed\/2020\/10\/04\/live-covid-psiq-dependencia-de-internet-em-tempos-de-pandemia","title":{"rendered":"LIVE COVID Psiq: &#8220;Depend\u00eancia de internet em tempos de pandemia&#8221;"},"content":{"rendered":"\n<p>A Universidade Federal de Santa Maria(UFSM)\/Coordenadoria de A\u00e7\u00f5es Educacionais(CAEd) e o projeto COVID Psiq convidam todos para assistirem \u00e0 live com a tem\u00e1tica <b>&#8220;Depend\u00eancia de internet em tempos de pandemia&#8221;, <\/b>a ser ministrada pelo psiquiatra Daniel Spritzer, pelo ortopedista e traumatologista Leonardo Waihrich Guterres, pelo oftalmologista Alvaro Garcia Rossi e pelo psiquiatra e Prof. Dr. Vitor Crestani Calegaro, <b>dia 06 de outubro de 2020, \u00e0s 20h00min.<\/b><\/p>\n<p>Para acompanhar, acesse o link <a href=\"https:\/\/youtu.be\/6y50dyMpbHo?fbclid=IwAR2VZlA_xT8L3lrDwhRuE00B_lqWv1lIxuZjOR7vHXv38NAFVI8_TlgVj2Y\" target=\"_blank\" rel=\"nofollow noopener noreferrer\" data-saferedirecturl=\"https:\/\/www.google.com\/url?q=https:\/\/youtu.be\/6y50dyMpbHo?fbclid%3DIwAR2VZlA_xT8L3lrDwhRuE00B_lqWv1lIxuZjOR7vHXv38NAFVI8_TlgVj2Y&amp;source=gmail&amp;ust=1601948752674000&amp;usg=AFQjCNEtSt9I5yB9aIkNndZrJc96EU8Lcw\">https:\/\/youtu.be\/6y50dyMpbHo<\/a> ou acesse o Facebook COVIDPsiq.<\/p>\n<p>Daniel Spritzer \u00e9 Psiquiatra da inf\u00e2ncia e adolesc\u00eancia pelo Hospital de Cl\u00ednicas de Porto Alegre (HCPA), Mestre e Doutorando em Psiquiatria pela Universidade Federal do Rio Grande do Sul (UFRGS) e Coordenador do Grupo de Estudos sobre Adi\u00e7\u00f5es Tecnol\u00f3gicas.<\/p>\n<p>Leonardo Waihrich Guterres \u00e9 M\u00e9dico Ortopedista e Traumatologista (UFSM e HUSM), especialista em Ombro e Cotovelo (IOT Passo Fundo). Atualmente, \u00e9 Professor de Anatomia e Ortopedia e Traumatologia do curso de Medicina da Universidade Franciscana (UFN).<\/p>\n<p>O Dr. Alvaro Garcia Rossi \u00e9 M\u00e9dico Oftalmologista (Faculdade de Ci\u00eancias M\u00e9dicas de Minas Gerais), possui Mestrado e Doutorado em Oftalmologia pela Faculdade de Medicina Ribeir\u00e3o Preto -USP e, atualmente, \u00e9 Professor Associado da UFSM e UFN.<\/p>\n<p>O Prof. Dr. Vitor Crestani Calegaro, pesquisador responsa\u0301vel pelo projeto CovidPsiq, e\u0301 professor adjunto do Departamento de Neuropsiquiatria da Universidade Federal de Santa Maria e atua como me\u0301dico psiquiatra na Coordenadoria de Ac\u0327o\u0303es Educacionais (CAEd\/UFSM) prestando atendimento aos alunos da instituic\u0327a\u0303o.<\/p>\n<div>\n<div dir=\"auto\">Esse evento est\u00e1 sendo promovido pela Coordenadoria de A\u00e7\u00f5es Educacionais &#8211; CAEd UFSM.<\/div>\n<div dir=\"auto\">\u00a0<\/div>\n<\/div>\n<div>\n<div dir=\"auto\"><a href=\"https:\/\/www.facebook.com\/hashtag\/coronavirus?__eep__=6&amp;__cft__[0]=AZXpKfoeEJQFx3uTlSp5msRFqDH3PnoGfTV2hM9UAugX0DVdOefFDeRJsu3NWk_Wg14IDwADMKbA-nz572qd_-zpnLIeX7d6lJmrOAiwPEGJglfwr4yaB6Y3B4T2XJjONE9XUsmmA4sp6MOd5nept8_7TA568UWXTjFxZZZnlYtDWbnthizbrP_bKAxmISv5pMo&amp;__tn__=*NK-R\" target=\"_blank\" rel=\"noopener noreferrer\" data-saferedirecturl=\"https:\/\/www.google.com\/url?q=https:\/\/www.facebook.com\/hashtag\/coronavirus?__eep__%3D6%26__cft__%5B0%5D%3DAZXpKfoeEJQFx3uTlSp5msRFqDH3PnoGfTV2hM9UAugX0DVdOefFDeRJsu3NWk_Wg14IDwADMKbA-nz572qd_-zpnLIeX7d6lJmrOAiwPEGJglfwr4yaB6Y3B4T2XJjONE9XUsmmA4sp6MOd5nept8_7TA568UWXTjFxZZZnlYtDWbnthizbrP_bKAxmISv5pMo%26__tn__%3D*NK-R&amp;source=gmail&amp;ust=1601948752674000&amp;usg=AFQjCNGT2SQ8-fVO7jU4XejCCzaUJstlMQ\">#coronavirus<\/a> <a href=\"https:\/\/www.facebook.com\/hashtag\/covid_19?__eep__=6&amp;__cft__[0]=AZXpKfoeEJQFx3uTlSp5msRFqDH3PnoGfTV2hM9UAugX0DVdOefFDeRJsu3NWk_Wg14IDwADMKbA-nz572qd_-zpnLIeX7d6lJmrOAiwPEGJglfwr4yaB6Y3B4T2XJjONE9XUsmmA4sp6MOd5nept8_7TA568UWXTjFxZZZnlYtDWbnthizbrP_bKAxmISv5pMo&amp;__tn__=*NK-R\" target=\"_blank\" rel=\"noopener noreferrer\" data-saferedirecturl=\"https:\/\/www.google.com\/url?q=https:\/\/www.facebook.com\/hashtag\/covid_19?__eep__%3D6%26__cft__%5B0%5D%3DAZXpKfoeEJQFx3uTlSp5msRFqDH3PnoGfTV2hM9UAugX0DVdOefFDeRJsu3NWk_Wg14IDwADMKbA-nz572qd_-zpnLIeX7d6lJmrOAiwPEGJglfwr4yaB6Y3B4T2XJjONE9XUsmmA4sp6MOd5nept8_7TA568UWXTjFxZZZnlYtDWbnthizbrP_bKAxmISv5pMo%26__tn__%3D*NK-R&amp;source=gmail&amp;ust=1601948752674000&amp;usg=AFQjCNETNg_0OAADQpD6_v9Eb1k_JJgIsQ\">#covid_19<\/a> <a href=\"https:\/\/www.facebook.com\/hashtag\/pandemia?__eep__=6&amp;__cft__[0]=AZXpKfoeEJQFx3uTlSp5msRFqDH3PnoGfTV2hM9UAugX0DVdOefFDeRJsu3NWk_Wg14IDwADMKbA-nz572qd_-zpnLIeX7d6lJmrOAiwPEGJglfwr4yaB6Y3B4T2XJjONE9XUsmmA4sp6MOd5nept8_7TA568UWXTjFxZZZnlYtDWbnthizbrP_bKAxmISv5pMo&amp;__tn__=*NK-R\" target=\"_blank\" rel=\"noopener noreferrer\" data-saferedirecturl=\"https:\/\/www.google.com\/url?q=https:\/\/www.facebook.com\/hashtag\/pandemia?__eep__%3D6%26__cft__%5B0%5D%3DAZXpKfoeEJQFx3uTlSp5msRFqDH3PnoGfTV2hM9UAugX0DVdOefFDeRJsu3NWk_Wg14IDwADMKbA-nz572qd_-zpnLIeX7d6lJmrOAiwPEGJglfwr4yaB6Y3B4T2XJjONE9XUsmmA4sp6MOd5nept8_7TA568UWXTjFxZZZnlYtDWbnthizbrP_bKAxmISv5pMo%26__tn__%3D*NK-R&amp;source=gmail&amp;ust=1601948752674000&amp;usg=AFQjCNEIT4z7Rawi4cy7wVetvyk8_ZEvAw\">#pandemia<\/a> <a href=\"https:\/\/www.facebook.com\/hashtag\/saudemental?__eep__=6&amp;__cft__[0]=AZXpKfoeEJQFx3uTlSp5msRFqDH3PnoGfTV2hM9UAugX0DVdOefFDeRJsu3NWk_Wg14IDwADMKbA-nz572qd_-zpnLIeX7d6lJmrOAiwPEGJglfwr4yaB6Y3B4T2XJjONE9XUsmmA4sp6MOd5nept8_7TA568UWXTjFxZZZnlYtDWbnthizbrP_bKAxmISv5pMo&amp;__tn__=*NK-R\" target=\"_blank\" rel=\"noopener noreferrer\" data-saferedirecturl=\"https:\/\/www.google.com\/url?q=https:\/\/www.facebook.com\/hashtag\/saudemental?__eep__%3D6%26__cft__%5B0%5D%3DAZXpKfoeEJQFx3uTlSp5msRFqDH3PnoGfTV2hM9UAugX0DVdOefFDeRJsu3NWk_Wg14IDwADMKbA-nz572qd_-zpnLIeX7d6lJmrOAiwPEGJglfwr4yaB6Y3B4T2XJjONE9XUsmmA4sp6MOd5nept8_7TA568UWXTjFxZZZnlYtDWbnthizbrP_bKAxmISv5pMo%26__tn__%3D*NK-R&amp;source=gmail&amp;ust=1601948752674000&amp;usg=AFQjCNHCmdFLZCxPhT4U-eZ4Zwd9a790vw\">#saudemental<\/a> <a href=\"https:\/\/www.facebook.com\/hashtag\/psiquiatria?__eep__=6&amp;__cft__[0]=AZXpKfoeEJQFx3uTlSp5msRFqDH3PnoGfTV2hM9UAugX0DVdOefFDeRJsu3NWk_Wg14IDwADMKbA-nz572qd_-zpnLIeX7d6lJmrOAiwPEGJglfwr4yaB6Y3B4T2XJjONE9XUsmmA4sp6MOd5nept8_7TA568UWXTjFxZZZnlYtDWbnthizbrP_bKAxmISv5pMo&amp;__tn__=*NK-R\" target=\"_blank\" rel=\"noopener noreferrer\" data-saferedirecturl=\"https:\/\/www.google.com\/url?q=https:\/\/www.facebook.com\/hashtag\/psiquiatria?__eep__%3D6%26__cft__%5B0%5D%3DAZXpKfoeEJQFx3uTlSp5msRFqDH3PnoGfTV2hM9UAugX0DVdOefFDeRJsu3NWk_Wg14IDwADMKbA-nz572qd_-zpnLIeX7d6lJmrOAiwPEGJglfwr4yaB6Y3B4T2XJjONE9XUsmmA4sp6MOd5nept8_7TA568UWXTjFxZZZnlYtDWbnthizbrP_bKAxmISv5pMo%26__tn__%3D*NK-R&amp;source=gmail&amp;ust=1601948752674000&amp;usg=AFQjCNHZBZGxdGpkfouDcuJcQ11WpJ1f5g\">#psiquiatria<\/a> <a href=\"https:\/\/www.facebook.com\/hashtag\/ufsm?__eep__=6&amp;__cft__[0]=AZXpKfoeEJQFx3uTlSp5msRFqDH3PnoGfTV2hM9UAugX0DVdOefFDeRJsu3NWk_Wg14IDwADMKbA-nz572qd_-zpnLIeX7d6lJmrOAiwPEGJglfwr4yaB6Y3B4T2XJjONE9XUsmmA4sp6MOd5nept8_7TA568UWXTjFxZZZnlYtDWbnthizbrP_bKAxmISv5pMo&amp;__tn__=*NK-R\" target=\"_blank\" rel=\"noopener noreferrer\" data-saferedirecturl=\"https:\/\/www.google.com\/url?q=https:\/\/www.facebook.com\/hashtag\/ufsm?__eep__%3D6%26__cft__%5B0%5D%3DAZXpKfoeEJQFx3uTlSp5msRFqDH3PnoGfTV2hM9UAugX0DVdOefFDeRJsu3NWk_Wg14IDwADMKbA-nz572qd_-zpnLIeX7d6lJmrOAiwPEGJglfwr4yaB6Y3B4T2XJjONE9XUsmmA4sp6MOd5nept8_7TA568UWXTjFxZZZnlYtDWbnthizbrP_bKAxmISv5pMo%26__tn__%3D*NK-R&amp;source=gmail&amp;ust=1601948752674000&amp;usg=AFQjCNFERXvb2kvPwUSXkmCFp-kb8axt2w\">#ufsm<\/a><\/div>\n<\/div>\n<div dir=\"auto\">\u00a0<\/div>\n<div dir=\"auto\"><strong style=\"font-size: inherit\">DESCRI\u00c7\u00c3O DE IMAGEM: <\/strong><span style=\"font-size: inherit\">imagem em formato quadrado, com o fundo da imagem na cor bege. No \u00e2ngulo superior esquerdo, l\u00ea-se \u201cLIVE\u201d, em letras mai\u00fasculas, na cor roxa. \u00c0 direita, na mesma linha horizontal, um abaixo do outro, h\u00e1 o logo do Facebook (quadrado azul, de \u00e2ngulos arredondados, com a letra F min\u00fascula ao centro, na cor branca) e o logo do Youtube (ret\u00e2ngulo vermelho, de \u00e2ngulos arredondadas, com um tri\u00e2ngulo branco ao centro, indicando \u00e0 direita). Em seguida, no mesmo sentido, h\u00e1 o logo do projeto COVID Psiq (rosto humano, de perfil, delineado na cor roxa, com a imagem de uma \u00e1rvore, cuja copa est\u00e1 no lugar do c\u00e9rebro) e o bras\u00e3o da Universidade Federal de Santa Maria (UFSM), formado pelos seguintes elementos: tr\u00eas archotes de fogo, que simbolizam os tr\u00eas pilares da universidade: ensino, pesquisa e extens\u00e3o; a flor-de-lis, simbolizando a purifica\u00e7\u00e3o, e os archotes com a chama do conhecimento, representando a luz que ilumina o caminho para a sabedoria; o bras\u00e3o, denotando moral e respeito; a frase em latim \u201cSedes Sapientiae\u201d, que significa sede (lugar, casa) da sabedoria*. Na base do bras\u00e3o, h\u00e1 a sigla CAEd (Coordenadoria de A\u00e7\u00f5es Educacionais). Abaixo, l\u00ea-se o t\u00edtulo da live, \u201cDepend\u00eancia de Internet em tempos de pandemia\u201d. Abaixo, em linha horizontal, dentro de c\u00edrculos na cor roxa, h\u00e1 as fotos dos ministrantes da live. No sentido da esquerda para a direita, primeiramente, h\u00e1 foto do Dr. Alvaro Garcia Rossi, m\u00e9dico oftalmologista, tratando-se de homem de pele clara, cabelo castanho, com um leve sorriso, usando \u00f3culos de grau, camisa social branca, gravata listrada e jaleco branco. Em seguida, h\u00e1 a foto de Leonardo Waihrich Guterres, m\u00e9dico ortopedista e traumatologista, tratando-se de homem de pele clara, barba e cabelos castanhos, usando \u00f3culos de grau, vestindo camisa social azul clara, gravata azul-marinho e jaleco branco. Na sequ\u00eancia, h\u00e1 a foto de Daniel Tornaim Spritzer, m\u00e9dico psiquiatra, tratando-se de homem de pele clara, barba e cabelo castanhos, usando \u00f3culos de grau e com express\u00e3o sorridente. Por \u00faltimo, h\u00e1 a foto do Dr. Vitor Crestani Calegaro, tratando de homem de pele clara, cabelos curtos e castanhos e express\u00e3o sorridente. Usa \u00f3culos de grau e barba. Veste camisa social bege, blusa pull over, nas cores marrom e preta, e casaco preto. A identifica\u00e7\u00e3o dos ministrantes encontra-se abaixo das respectivas fotografias. No \u00e2ngulo inferior esquerdo, h\u00e1 informa\u00e7\u00f5es sobre data e hor\u00e1rio de realiza\u00e7\u00e3o da live, \u201cDia 6 de outubro\u201d, \u201c20h00min\u201d. No \u00e2ngulo inferior direito, dentro de uma ondula\u00e7\u00e3o na cor roxa, l\u00eaem-se as informa\u00e7\u00f5es sobre o acesso \u00e0 transmiss\u00e3o da live: \u201cPara acompanhar, acesse youtube.com\/c\/covidpsiq ou nosso Facebook COVIDPsiq\u201d. Fonte da descri\u00e7\u00e3o do bras\u00e3o da UFSM: Identidade Visual (<\/span><a style=\"font-size: inherit\" href=\"https:\/\/www.ufsm.br\/identidade-institucional\/\">https:\/\/www.ufsm.br\/identidade-institucional\/<\/a><span style=\"font-size: inherit\">), em 04 de outubro de 2020.<\/span><\/div>\n<div dir=\"auto\">\u00a0<\/div>\n<div dir=\"auto\"><img fetchpriority=\"high\" decoding=\"async\" class=\"alignnone size-medium wp-image-3506 aligncenter\" src=\"https:\/\/www.ufsm.br\/app\/uploads\/sites\/391\/2020\/10\/15-LIVE-06-DE-OUTUBRO-DE-2020-300x300.jpg\" alt=\"\" width=\"300\" height=\"300\" srcset=\"https:\/\/www.ufsm.br\/app\/uploads\/sites\/391\/2020\/10\/15-LIVE-06-DE-OUTUBRO-DE-2020-300x300.jpg 300w, https:\/\/www.ufsm.br\/app\/uploads\/sites\/391\/2020\/10\/15-LIVE-06-DE-OUTUBRO-DE-2020-1024x1024.jpg 1024w, https:\/\/www.ufsm.br\/app\/uploads\/sites\/391\/2020\/10\/15-LIVE-06-DE-OUTUBRO-DE-2020-150x150.jpg 150w, https:\/\/www.ufsm.br\/app\/uploads\/sites\/391\/2020\/10\/15-LIVE-06-DE-OUTUBRO-DE-2020-768x768.jpg 768w, https:\/\/www.ufsm.br\/app\/uploads\/sites\/391\/2020\/10\/15-LIVE-06-DE-OUTUBRO-DE-2020.jpg 1080w\" sizes=\"(max-width: 300px) 100vw, 300px\" \/><\/div>\n","protected":false},"excerpt":{"rendered":"<p>A Universidade Federal de Santa Maria(UFSM)\/Coordenadoria de A\u00e7\u00f5es Educacionais(CAEd) e o projeto COVID Psiq convidam todos para assistirem \u00e0 live com a tem\u00e1tica &#8220;Depend\u00eancia de internet em tempos de pandemia&#8221;, a ser ministrada pelo psiquiatra Daniel Spritzer, pelo ortopedista e traumatologista Leonardo Waihrich Guterres, pelo oftalmologista Alvaro Garcia Rossi e pelo psiquiatra e Prof. Dr. [&hellip;]<\/p>\n","protected":false},"author":252,"featured_media":0,"comment_status":"closed","ping_status":"closed","sticky":false,"template":"","format":"standard","meta":{"footnotes":""},"categories":[1],"tags":[],"class_list":["post-3505","post","type-post","status-publish","format-standard","hentry","category-sem-categoria"],"acf":[],"_links":{"self":[{"href":"https:\/\/www.ufsm.br\/pro-reitorias\/prograd\/caed\/wp-json\/wp\/v2\/posts\/3505","targetHints":{"allow":["GET"]}}],"collection":[{"href":"https:\/\/www.ufsm.br\/pro-reitorias\/prograd\/caed\/wp-json\/wp\/v2\/posts"}],"about":[{"href":"https:\/\/www.ufsm.br\/pro-reitorias\/prograd\/caed\/wp-json\/wp\/v2\/types\/post"}],"author":[{"embeddable":true,"href":"https:\/\/www.ufsm.br\/pro-reitorias\/prograd\/caed\/wp-json\/wp\/v2\/users\/252"}],"replies":[{"embeddable":true,"href":"https:\/\/www.ufsm.br\/pro-reitorias\/prograd\/caed\/wp-json\/wp\/v2\/comments?post=3505"}],"version-history":[{"count":0,"href":"https:\/\/www.ufsm.br\/pro-reitorias\/prograd\/caed\/wp-json\/wp\/v2\/posts\/3505\/revisions"}],"wp:attachment":[{"href":"https:\/\/www.ufsm.br\/pro-reitorias\/prograd\/caed\/wp-json\/wp\/v2\/media?parent=3505"}],"wp:term":[{"taxonomy":"category","embeddable":true,"href":"https:\/\/www.ufsm.br\/pro-reitorias\/prograd\/caed\/wp-json\/wp\/v2\/categories?post=3505"},{"taxonomy":"post_tag","embeddable":true,"href":"https:\/\/www.ufsm.br\/pro-reitorias\/prograd\/caed\/wp-json\/wp\/v2\/tags?post=3505"}],"curies":[{"name":"wp","href":"https:\/\/api.w.org\/{rel}","templated":true}]}}