{"id":3507,"date":"2020-10-05T21:05:17","date_gmt":"2020-10-06T00:05:17","guid":{"rendered":"https:\/\/www.ufsm.br\/orgaos-executivos\/caed\/?p=3507"},"modified":"2020-10-05T21:05:18","modified_gmt":"2020-10-06T00:05:18","slug":"publicacao-do-livro-os-servicos-de-apoio-pedagogico-aos-discentes-no-ensino-superior-brasileiro-com-a-colaboracao-da-caed","status":"publish","type":"post","link":"https:\/\/www.ufsm.br\/pro-reitorias\/prograd\/caed\/2020\/10\/05\/publicacao-do-livro-os-servicos-de-apoio-pedagogico-aos-discentes-no-ensino-superior-brasileiro-com-a-colaboracao-da-caed","title":{"rendered":"Publica\u00e7\u00e3o do livro\u00a0&#8220;Os servi\u00e7os de apoio pedag\u00f3gico aos discentes no ensino superior brasileiro&#8221;, com a colabora\u00e7\u00e3o da CAEd"},"content":{"rendered":"\n<div><span style=\"font-family: arial, sans-serif;font-size: large\">A Universidade Federal de Santa Maria(UFSM)\/Coordenadoria de A\u00e7\u00f5es Educacionais(CAEd) divulga a publica\u00e7\u00e3o do livro\u00a0&#8220;Os servi\u00e7os de apoio pedag\u00f3gico aos discentes no ensino superior brasileiro&#8221;, publicado e\u00a0 dispon\u00edvel no site da editora, no link:\u00a0<a href=\"http:\/\/www.pedroejoaoeditores.com.br\/e-books1\" target=\"_blank\" rel=\"nofollow noopener noreferrer\" data-saferedirecturl=\"https:\/\/www.google.com\/url?q=http:\/\/www.pedroejoaoeditores.com.br\/e-books1&amp;source=gmail&amp;ust=1602019097971000&amp;usg=AFQjCNG5itz8Axb3ADfQ8_Kmeo4w0DtIBw\">http:\/\/www.pedroejoaoeditores.com.br\/e-books1<\/a><\/span><\/div>\n<div>\u00a0<\/div>\n<div><span style=\"font-family: arial, sans-serif;font-size: large\">O\u00a0<b>lan\u00e7amento oficial da obra\u00a0<\/b>ser\u00e1 no dia 06\/10\/20, das 14h00min \u00e0s 16h00min, via YouTube, no Canal da Faculdade de Educa\u00e7\u00e3o da Universidade Estadual de Campinas (Unicamp).\u00a0 \u00a0<\/span><\/div>\n<div>\u00a0<\/div>\n<div><span style=\"font-family: arial, sans-serif;font-size: large\">O livro originou-se de uma iniciativa da Universidade Estadual de Campinas (Unicamp), que possui um servi\u00e7o semelhante ao da UFSM, referente ao apoio pedag\u00f3gico no ensino superior. Por meio de um convite a outras institui\u00e7\u00f5es federais de ensino (IFES) brasileiras, o trabalho resultou num material sobre apoio pedag\u00f3gico no ensino superior, no qual &#8220;s\u00e3o apresentadas diferentes experi\u00eancias de apoio pedag\u00f3gico, oito desenvolvidas em universidades federais brasileiras, uma em uma universidade estadual, uma em uma universidade confessional e outra em uma universidade estrangeira&#8221;<\/span><\/div>\n<div>\n<div><span style=\"font-family: arial, sans-serif;font-size: large\">\u00a0<\/span><\/div>\n<div><span style=\"font-family: arial, sans-serif;font-size: large\"><span style=\"color: #383838\">O<\/span>\u00a0texto de apresenta\u00e7\u00e3o relativo \u00e0 Coordenadoria de A\u00e7\u00f5es Educacionais (CAEd) foi redigido pela professora S\u00edlvia Maria de Oliveira Pav\u00e3o e pela pedagoga Bruna Pereira Alves Fiorin, conforme segue: .<\/span><\/div>\n<div><span style=\"font-family: arial, sans-serif;font-size: large\">\u00a0<\/span><\/div>\n<div>\n<div><span style=\"font-family: arial, sans-serif;font-size: large\">&#8220;Fiorin; Pav\u00e3o apresentam as a\u00e7\u00f5es desenvolvidas no N\u00facleo de Apoio \u00e0 Aprendizagem da Coordenadoria de A\u00e7\u00f5es Educacionais (CAED), da Universidade Federal de Santa Maria (UFSM). O objetivo do N\u00facleo \u00e9 intervir nas quest\u00f5es que interferem na aprendizagem, no desempenho acad\u00eamico e na perman\u00eancia na universidade. A universidade possui servi\u00e7os de apoio pedag\u00f3gico para os estudantes desde a d\u00e9cada de 1970, quando passou a contar com o Servi\u00e7o de Orienta\u00e7\u00e3o Educacional. Desde ent\u00e3o, o servi\u00e7o passou por mudan\u00e7as e, desde 2016, o atendimento institucional aos estudantes \u00e9 realizado pelo CAED, que agrega o N\u00facleo de Acessibilidade, o N\u00facleo de A\u00e7\u00f5es Afirmativas e o N\u00facleo de Apoio \u00e0 Aprendizagem, que \u00e9 foco do cap\u00edtulo 7. O trabalho do n\u00facleo tem como fundamento te\u00f3rico-pr\u00e1tico a abordagem interdisciplinar e apoia-se no trip\u00e9 ensino-pesquisa-extens\u00e3o,\u00a0oferecendo atendimentos individuais e coletivos, grupos terap\u00eauticos, grupo de monitoria dentre outras a\u00e7\u00f5es&#8221;.\u00a0\u00a0<\/span><\/div>\n<\/div>\n<\/div>\n","protected":false},"excerpt":{"rendered":"<p>A Universidade Federal de Santa Maria(UFSM)\/Coordenadoria de A\u00e7\u00f5es Educacionais(CAEd) divulga a publica\u00e7\u00e3o do livro\u00a0&#8220;Os servi\u00e7os de apoio pedag\u00f3gico aos discentes no ensino superior brasileiro&#8221;, publicado e\u00a0 dispon\u00edvel no site da editora, no link:\u00a0http:\/\/www.pedroejoaoeditores.com.br\/e-books1 \u00a0 O\u00a0lan\u00e7amento oficial da obra\u00a0ser\u00e1 no dia 06\/10\/20, das 14h00min \u00e0s 16h00min, via YouTube, no Canal da Faculdade de Educa\u00e7\u00e3o da Universidade [&hellip;]<\/p>\n","protected":false},"author":252,"featured_media":0,"comment_status":"closed","ping_status":"closed","sticky":false,"template":"","format":"standard","meta":{"footnotes":""},"categories":[1],"tags":[],"class_list":["post-3507","post","type-post","status-publish","format-standard","hentry","category-sem-categoria"],"acf":[],"_links":{"self":[{"href":"https:\/\/www.ufsm.br\/pro-reitorias\/prograd\/caed\/wp-json\/wp\/v2\/posts\/3507","targetHints":{"allow":["GET"]}}],"collection":[{"href":"https:\/\/www.ufsm.br\/pro-reitorias\/prograd\/caed\/wp-json\/wp\/v2\/posts"}],"about":[{"href":"https:\/\/www.ufsm.br\/pro-reitorias\/prograd\/caed\/wp-json\/wp\/v2\/types\/post"}],"author":[{"embeddable":true,"href":"https:\/\/www.ufsm.br\/pro-reitorias\/prograd\/caed\/wp-json\/wp\/v2\/users\/252"}],"replies":[{"embeddable":true,"href":"https:\/\/www.ufsm.br\/pro-reitorias\/prograd\/caed\/wp-json\/wp\/v2\/comments?post=3507"}],"version-history":[{"count":0,"href":"https:\/\/www.ufsm.br\/pro-reitorias\/prograd\/caed\/wp-json\/wp\/v2\/posts\/3507\/revisions"}],"wp:attachment":[{"href":"https:\/\/www.ufsm.br\/pro-reitorias\/prograd\/caed\/wp-json\/wp\/v2\/media?parent=3507"}],"wp:term":[{"taxonomy":"category","embeddable":true,"href":"https:\/\/www.ufsm.br\/pro-reitorias\/prograd\/caed\/wp-json\/wp\/v2\/categories?post=3507"},{"taxonomy":"post_tag","embeddable":true,"href":"https:\/\/www.ufsm.br\/pro-reitorias\/prograd\/caed\/wp-json\/wp\/v2\/tags?post=3507"}],"curies":[{"name":"wp","href":"https:\/\/api.w.org\/{rel}","templated":true}]}}