{"id":3508,"date":"2020-10-10T19:44:01","date_gmt":"2020-10-10T22:44:01","guid":{"rendered":"https:\/\/www.ufsm.br\/orgaos-executivos\/caed\/?p=3508"},"modified":"2020-10-10T19:44:03","modified_gmt":"2020-10-10T22:44:03","slug":"jornada-academica-integrada-jai-programacao","status":"publish","type":"post","link":"https:\/\/www.ufsm.br\/pro-reitorias\/prograd\/caed\/2020\/10\/10\/jornada-academica-integrada-jai-programacao","title":{"rendered":"JORNADA ACAD\u00caMICA INTEGRADA (JAI) &#8211; PROGRAMA\u00c7\u00c3O"},"content":{"rendered":"\n<p>A Universidade Federal de Santa Maria(UFSM)\/Coordenadoria de A\u00e7\u00f5es Educacionais(CAEd) soma-se a divulga\u00e7\u00e3o dos eventos relativos \u00e0 Jornada Acad\u00eamica Integrada (JAI), que ocorrer\u00e1 na modalide online, do dia 19 a 23 de outubro de 2020.<\/p>\n<p>Maiores informa\u00e7\u00f5es podem ser acessadas no link a seguir: <a href=\"https:\/\/www.ufsm.br\/pro-reitorias\/prpgp\/jai\/eventos\/jai2020\/\">https:\/\/www.ufsm.br\/pro-reitorias\/prpgp\/jai\/eventos\/jai2020\/<\/a><\/p>\n","protected":false},"excerpt":{"rendered":"<p>A Universidade Federal de Santa Maria(UFSM)\/Coordenadoria de A\u00e7\u00f5es Educacionais(CAEd) soma-se a divulga\u00e7\u00e3o dos eventos relativos \u00e0 Jornada Acad\u00eamica Integrada (JAI), que ocorrer\u00e1 na modalide online, do dia 19 a 23 de outubro de 2020. Maiores informa\u00e7\u00f5es podem ser acessadas no link a seguir: https:\/\/www.ufsm.br\/pro-reitorias\/prpgp\/jai\/eventos\/jai2020\/<\/p>\n","protected":false},"author":252,"featured_media":0,"comment_status":"closed","ping_status":"closed","sticky":false,"template":"","format":"standard","meta":{"footnotes":""},"categories":[1],"tags":[],"class_list":["post-3508","post","type-post","status-publish","format-standard","hentry","category-sem-categoria"],"acf":[],"_links":{"self":[{"href":"https:\/\/www.ufsm.br\/pro-reitorias\/prograd\/caed\/wp-json\/wp\/v2\/posts\/3508","targetHints":{"allow":["GET"]}}],"collection":[{"href":"https:\/\/www.ufsm.br\/pro-reitorias\/prograd\/caed\/wp-json\/wp\/v2\/posts"}],"about":[{"href":"https:\/\/www.ufsm.br\/pro-reitorias\/prograd\/caed\/wp-json\/wp\/v2\/types\/post"}],"author":[{"embeddable":true,"href":"https:\/\/www.ufsm.br\/pro-reitorias\/prograd\/caed\/wp-json\/wp\/v2\/users\/252"}],"replies":[{"embeddable":true,"href":"https:\/\/www.ufsm.br\/pro-reitorias\/prograd\/caed\/wp-json\/wp\/v2\/comments?post=3508"}],"version-history":[{"count":0,"href":"https:\/\/www.ufsm.br\/pro-reitorias\/prograd\/caed\/wp-json\/wp\/v2\/posts\/3508\/revisions"}],"wp:attachment":[{"href":"https:\/\/www.ufsm.br\/pro-reitorias\/prograd\/caed\/wp-json\/wp\/v2\/media?parent=3508"}],"wp:term":[{"taxonomy":"category","embeddable":true,"href":"https:\/\/www.ufsm.br\/pro-reitorias\/prograd\/caed\/wp-json\/wp\/v2\/categories?post=3508"},{"taxonomy":"post_tag","embeddable":true,"href":"https:\/\/www.ufsm.br\/pro-reitorias\/prograd\/caed\/wp-json\/wp\/v2\/tags?post=3508"}],"curies":[{"name":"wp","href":"https:\/\/api.w.org\/{rel}","templated":true}]}}