{"id":3509,"date":"2020-10-10T19:46:55","date_gmt":"2020-10-10T22:46:55","guid":{"rendered":"https:\/\/www.ufsm.br\/orgaos-executivos\/caed\/?p=3509"},"modified":"2020-10-10T19:46:56","modified_gmt":"2020-10-10T22:46:56","slug":"calourada-2020-ii-programacao","status":"publish","type":"post","link":"https:\/\/www.ufsm.br\/pro-reitorias\/prograd\/caed\/2020\/10\/10\/calourada-2020-ii-programacao","title":{"rendered":"CALOURADA 2020\/II &#8211; PROGRAMA\u00c7\u00c3O"},"content":{"rendered":"\n<p>A Universidade Federal de Santa Maria (UFSM)\/Coordenadoria de A\u00e7\u00f5es Educacionais (CAEd) soma-se \u00e0 divulga\u00e7\u00e3o do evento Calourada 2020\/II.<\/p>\n<p><b>CALOURADA UFSM 2020\/2\u00a0<\/b><\/p>\n<p><b>06\/10 &#8211; <\/b><span style=\"font-weight: 400\">Rematr\u00edcula<\/span><\/p>\n<p><b>09\/10 &#8211;\u00a0 <\/b><span style=\"font-weight: 400\">Portal do Aluno<\/span><\/p>\n<p><b>12\/10 &#8211; <\/b><span style=\"font-weight: 400\">Trancamento total e parcial<\/span><\/p>\n<p><b>14\/10 &#8211; <\/b><span style=\"font-weight: 400\">Ajuste matr\u00edcula web<\/span><\/p>\n<p><b>15\/10 &#8211; <\/b><span style=\"font-weight: 400\">Filtro<\/span><\/p>\n<p><b>16\/10 &#8211; <\/b><span style=\"font-weight: 400\">Segundo ajuste de matr\u00edcula<\/span><\/p>\n<p><b>19\/10 &#8211; <\/b><span style=\"font-weight: 400\">Pluralidades sejam bem-vindos<\/span><\/p>\n<p><b>19\/10 &#8211; <\/b><span style=\"font-weight: 400\">Capa<\/span><\/p>\n<p><b>20\/10 &#8211; <\/b><span style=\"font-weight: 400\">RU e CEU<\/span><\/p>\n<p><b>21\/10 &#8211;<\/b><span style=\"font-weight: 400\"> Estamos conectados a um mundo<\/span><\/p>\n<p><b>23\/10 &#8211;<\/b><span style=\"font-weight: 400\"> Matr\u00edcula extracurricular<\/span><\/p>\n<p><b>26\/10 &#8211;<\/b><span style=\"font-weight: 400\"> Moodle<\/span><\/p>\n<p><span style=\"font-weight: 400\">______________________________________________________________________<\/span><\/p>\n<p><span style=\"font-weight: 400\">\u00a0<\/span><\/p>\n<p><b>Rematr\u00edcula:<\/b><\/p>\n<p><span style=\"font-weight: 400\">? Calourada 2020\/2 UFSM \u2013 Aqui dentro cabe o mundo! ?<\/span><\/p>\n<p><span style=\"font-weight: 400\">? Al\u00f4, estudante! Amanh\u00e3 (7) \u00e9 uma data importante para voc\u00ea, pois \u00e9 dia de solicitar matr\u00edcula referente ao 2\u00ba semestre letivo de 2020 &#8211; #REDE. Se voc\u00ea \u00e9 veterano(a) de Gradua\u00e7\u00e3o ou P\u00f3s-gradua\u00e7\u00e3o, chegou o per\u00edodo para fazer sua #rematr\u00edcula, via Portal do Aluno, de 7 a 13\/10. N\u00e3o perde o prazo, viu?\u2800\u2800\u2800<\/span><\/p>\n<p><span style=\"font-weight: 400\">#CalouradaUFSM #AquiDentroCabeOMundo #SouUFSM #60anosUFSM<\/span><\/p>\n<p><span style=\"font-weight: 400\">______________________________________________________________________<\/span><\/p>\n<p><b>Portal do Aluno:<\/b><\/p>\n<p><span style=\"font-weight: 400\">? Calourada 2020\/2 UFSM \u2013 Aqui dentro cabe o mundo! ?\u2800\u2800\u2800\u2800\u2800\u2800\u2800\u2800\u2800<\/span><\/p>\n<p><span style=\"font-weight: 400\">? T\u00e1 chegando agora na UFSM? Ent\u00e3o se liga que esse post \u00e9 especialmente para voc\u00ea! O Portal do Aluno \u00e9 o lugar onde voc\u00ea vai encontrar as principais informa\u00e7\u00f5es da sua vida acad\u00eamica. Para acessar, saiba que o login ser\u00e1 o n\u00famero da sua matr\u00edcula, e a senha a data do seu nascimento no formato DDMMAAAA. Por exemplo: 01091989, para nascido em 01\/09\/1989.\u2800\u2800\u2800\u2800<\/span><\/p>\n<p><span style=\"font-weight: 400\">O n\u00famero de matr\u00edcula e a senha s\u00e3o enviados para o e-mail informado na sua confirma\u00e7\u00e3o da vaga. Caso n\u00e3o tenha recebido esse e-mail na caixa de entrada, verifique a caixa de spam, ou acesse o Portal de Confirma\u00e7\u00e3o de Vaga e consulte seu n\u00famero de matr\u00edcula. Para mais informa\u00e7\u00f5es, entre em contato com a Secretaria do seu respectivo curso de Gradua\u00e7\u00e3o ou P\u00f3s-Gradua\u00e7\u00e3o. F\u00e1cil, n\u00e9?\u2800\u2800\u2800\u2800<\/span><\/p>\n<p><span style=\"font-weight: 400\">#CalouradaUFSM #AquiDentroCabeOMundo #SouUFSM #60anosUFSM<\/span><\/p>\n<p><span style=\"font-weight: 400\">______________________________________________________________________<\/span><\/p>\n<p><b>Trancamento total e parcial:<\/b><\/p>\n<p><span style=\"font-weight: 400\">? Calourada 2020\/2 UFSM \u2013 Aqui dentro cabe o mundo! ?\u2800\u2800\u2800\u2800<\/span><\/p>\n<p><span style=\"font-weight: 400\">\u26a0\ufe0f Se voc\u00ea est\u00e1 pensando em trancar alguma disciplina ou todo o curso, pare agora o que est\u00e1 fazendo e leia esse post. O per\u00edodo para solicita\u00e7\u00e3o de #trancamento total do semestre ou trancamento parcial (disciplinas), referente ao 2\u00ba semestre letivo de 2020 &#8211; #REDE, \u00e9 de 07\/10 a 20\/11, via Portal do Aluno.\u2800\u2800\u2800\u2800\u2800\u2800<\/span><\/p>\n<p><span style=\"font-weight: 400\">#CalouradaUFSM #AquiDentroCabeOMundo #SouUFSM #60anosUFSM<\/span><\/p>\n<p><span style=\"font-weight: 400\">______________________________________________________________________<\/span><\/p>\n<p><b>Ajuste matr\u00edcula web:<\/b><\/p>\n<p><span style=\"font-weight: 400\">? Calourada 2020\/2 UFSM \u2013 Aqui dentro cabe o mundo! ?\u2800\u2800\u2800\u2800<\/span><\/p>\n<p><span style=\"font-weight: 400\">\u2705 Ficou sem alguma disciplina que voc\u00ea queria muito? Calma, temos a solu\u00e7\u00e3o! Voc\u00ea tem entre amanh\u00e3 e sexta-feira (15 e 16) para fazer o ajuste de matr\u00edcula via web, pelo Portal do #DERCA, referente ao 2\u00ba semestre letivo de 2020 &#8211; #REDE. \u00c9 a sua chance de tirar ou acrescentar disciplinas para cursar neste semestre. Aproveita!\u2800\u2800\u2800\u2800<\/span><\/p>\n<p><span style=\"font-weight: 400\">#CalouradaUFSM #AquiDentroCabeOMundo #SouUFSM #60anosUFSM<\/span><\/p>\n<p><span style=\"font-weight: 400\">______________________________________________________________________<\/span><\/p>\n<p><b>Filtro:<\/b><\/p>\n<p><span style=\"font-weight: 400\">#CalouradaUFSM #AquiDentroCabeOMundo #SouUFSM<\/span><span style=\"font-weight: 400\"> #60anosUFSM<\/span><\/p>\n<p><span style=\"font-weight: 400\">______________________________________________________________________<\/span><\/p>\n<p><b>Segundo ajuste de matr\u00edcula:<\/b><\/p>\n<p><span style=\"font-weight: 400\">? Calourada 2020\/2 UFSM \u2013 Aqui dentro cabe o mundo! ?<\/span><\/p>\n<p><span style=\"font-weight: 400\">\u27a1<\/span><span style=\"font-weight: 400\"> Sua grade de hor\u00e1rios ainda n\u00e3o est\u00e1 do jeito que voc\u00ea quer? Ainda d\u00e1 tempo de arrumar!<\/span><span style=\"font-weight: 400\"> De <\/span><span style=\"font-weight: 400\">19 a 30 (segunda a sexta-feira) ocorre o per\u00edodo para ajuste de matr\u00edcula dos alunos de Gradua\u00e7\u00e3o e P\u00f3s-Gradua\u00e7\u00e3o, por e-mail \u00e0 Coordena\u00e7\u00e3o de Curso, referente ao 2\u00ba semestre letivo de 2020 &#8211; #REDE, e o lan\u00e7amento do ajuste no #SIE. \u00c9 um segundo ajuste, para deixar sua grade perfeita.\u2800\u2800\u2800\u2800\u2800<\/span><\/p>\n<p><span style=\"font-weight: 400\">#CalouradaUFSM #AquiDentroCabeOMundo #SouUFSM #60anosUFSM<\/span><\/p>\n<p><span style=\"font-weight: 400\">______________________________________________________________________<\/span><\/p>\n<p><b>Pluralidades &#8211; sejam bem-vindos:<\/b><\/p>\n<p><span style=\"font-weight: 400\">? Calourada 2020\/2 UFSM \u2013 Aqui dentro cabe o mundo! ?\u2800\u2800\u2800\u2800<\/span><\/p>\n<p><span style=\"font-weight: 400\">Estamos todos conectados e base dessa integra\u00e7\u00e3o \u00e9 o respeito!\u2800\u2800<\/span><\/p>\n<p><span style=\"font-weight: 400\">#CalouradaUFSM #AquiDentroCabeOMundo #SouUFSM #60anosUFSM<\/span><\/p>\n<p><span style=\"font-weight: 400\">______________________________________________________________________<\/span><\/p>\n<p><b>Capa:<\/b><\/p>\n<p><span style=\"font-weight: 400\">#CalouradaUFSM #AquiDentroCabeOMundo #SouUFSM<\/span><span style=\"font-weight: 400\"> #60anosUFSM<\/span><\/p>\n<p><span style=\"font-weight: 400\">______________________________________________________________________<\/span><\/p>\n<p><b>RU e CEU:<\/b><\/p>\n<p><span style=\"font-weight: 400\">? Calourada 2020\/2 UFSM \u2013 Aqui dentro cabe o mundo! ?\u2800\u2800\u2800<\/span><\/p>\n<p><span style=\"font-weight: 400\">?\ufe0f Aten\u00e7\u00e3o, estudante! Recado importante sobre #RU e #CEU: Em virtude da pandemia, os RUs est\u00e3o fechados, a moradia provis\u00f3ria interditada e n\u00e3o \u00e9 poss\u00edvel o retorno para a Casa do Estudante. O Benef\u00edcio Socioecon\u00f4mico (#BSE) ser\u00e1 disponibilizado por meio de editais de aux\u00edlio \u00e0 internet, aquisi\u00e7\u00e3o de equipamentos e bolsas em projetos de ensino, pesquisa e extens\u00e3o. Acompanhe as not\u00edcias no site ufsm.br\/prae e fique por dentro de como participar dos editais e conseguir benef\u00edcios.<\/span><\/p>\n<p><span style=\"font-weight: 400\">#CalouradaUFSM #AquiDentroCabeOMundo #SouUFSM #60anosUFSM<\/span><\/p>\n<p><span style=\"font-weight: 400\">______________________________________________________________________<\/span><\/p>\n<p><b>Estamos conectados a um mundo:<\/b><\/p>\n<p><span style=\"font-weight: 400\">? Calourada 2020\/2 UFSM \u2013 Aqui dentro cabe o mundo! ?<\/span><\/p>\n<p><span style=\"font-weight: 400\">Estamos todos conectados e base dessa integra\u00e7\u00e3o \u00e9 o respeito!\u2800\u2800\u2800<\/span><\/p>\n<p><span style=\"font-weight: 400\">#CalouradaUFSM #AquiDentroCabeOMundo #SouUFSM #60anosUFSM<\/span><\/p>\n<p><span style=\"font-weight: 400\">______________________________________________________________________<\/span><\/p>\n<p><b>Matr\u00edcula extracurricular:<\/b><\/p>\n<p><span style=\"font-weight: 400\">? Calourada 2020\/2 UFSM \u2013 Aqui dentro cabe o mundo! ?\u2800\u2800\u2800\u2800\u2800<\/span><\/p>\n<p><span style=\"font-weight: 400\">Quer cursar disciplinas de outros cursos? Ent\u00e3o presta aten\u00e7\u00e3o no per\u00edodo para solicita\u00e7\u00e3o de matr\u00edcula #extracurricular. Nos dias 26 e 27\/10 (segunda e ter\u00e7a-feira) ocorre o per\u00edodo para requerer autoriza\u00e7\u00e3o para matr\u00edcula em disciplina ofertada por outro curso, referente ao 2\u00ba semestre letivo de 2020 &#8211; #REDE.<\/span><\/p>\n<p><span style=\"font-weight: 400\">Primeiro voc\u00ea dever\u00e1 verificar quais disciplinas gostaria de fazer no semestre, agrupar todas as disciplinas de um mesmo Curso em um pedido e enviar um e-mail a sua Coordena\u00e7\u00e3o de Curso com o seu nome completo, n\u00famero de matr\u00edcula, curso de interesse e todos os nomes e c\u00f3digos das disciplinas que pretende cursar. A sua Coordena\u00e7\u00e3o de Curso avaliar\u00e1 o pedido e, se aprov\u00e1-lo, encaminhar\u00e1 \u00e0 Coordena\u00e7\u00e3o que est\u00e1 ofertando as disciplinas, para an\u00e1lise e efetiva\u00e7\u00e3o da matr\u00edcula, se for aceita. Tendo em vista que os e-mails s\u00e3o encaminhados entre as Coordena\u00e7\u00f5es, o aluno que pretender matr\u00edcula em cursos diferentes dever\u00e1 mandar mais de um e-mail a sua Coordena\u00e7\u00e3o, sempre agrupando as disciplinas de interesse por curso em um \u00fanico e-mail para permitir o encaminhamento correto dos e-mails \u00e0s Coordena\u00e7\u00f5es competentes. Entre os dias 30\/10 e 03\/11 ser\u00e1 o per\u00edodo de avalia\u00e7\u00e3o dos pedidos das coordena\u00e7\u00f5es e lan\u00e7amento no #SIE das matr\u00edculas extracurriculares.\u2800\u2800\u2800<\/span><\/p>\n<p><span style=\"font-weight: 400\">#CalouradaUFSM #AquiDentroCabeOMundo #SouUFSM #60anosUFSM<\/span><\/p>\n<p><span style=\"font-weight: 400\">______________________________________________________________________<\/span><\/p>\n<p><b>Moodle:<\/b><\/p>\n<p><span style=\"font-weight: 400\">? Calourada 2020\/2 UFSM \u2013 Aqui dentro cabe o mundo! ?<\/span><\/p>\n<p><span style=\"font-weight: 400\">? O #Moodle \u00e9 uma das plataformas mais importantes para os estudantes da UFSM. \u00c9 l\u00e1 que estar\u00e3o todos os materiais relativos \u00e0s suas disciplinas. Para acessar o Moodle, saiba seu login (matr\u00edcula) e senha de primeiro acesso (para #calouros), que \u00e9 sua data de anivers\u00e1rio sem barras, sempre 8 d\u00edgitos (DDMMAAAA). Geralmente o n\u00famero de matr\u00edcula come\u00e7a com o ano de ingresso no curso; exemplo: 201320139. A senha do estudante no Moodle ser\u00e1 sempre igual \u00e0 senha do estudante no Portal do Aluno. Se o estudante alterar a senha no Portal do Aluno, a mesma tamb\u00e9m ser\u00e1 alterada no ambiente Moodle. Qualquer d\u00favida veja mais #tutoriais em: https:\/\/www.ufsm.br\/orgaos-suplementares\/nte\/ambientes-moodle\/#moodle_presencial<\/span><\/p>\n<p><span style=\"font-weight: 400\">#CalouradaUFSM #AquiDentroCabeOMundo #SouUFSM #60anosUFSM<\/span><\/p>\n<p><span style=\"font-weight: 400\">______________________________________________________________________<\/span><\/p>\n<p>\u00a0<\/p>\n","protected":false},"excerpt":{"rendered":"<p>A Universidade Federal de Santa Maria (UFSM)\/Coordenadoria de A\u00e7\u00f5es Educacionais (CAEd) soma-se \u00e0 divulga\u00e7\u00e3o do evento Calourada 2020\/II. CALOURADA UFSM 2020\/2\u00a0 06\/10 &#8211; Rematr\u00edcula 09\/10 &#8211;\u00a0 Portal do Aluno 12\/10 &#8211; Trancamento total e parcial 14\/10 &#8211; Ajuste matr\u00edcula web 15\/10 &#8211; Filtro 16\/10 &#8211; Segundo ajuste de matr\u00edcula 19\/10 &#8211; Pluralidades sejam bem-vindos 19\/10 [&hellip;]<\/p>\n","protected":false},"author":252,"featured_media":0,"comment_status":"closed","ping_status":"closed","sticky":false,"template":"","format":"standard","meta":{"footnotes":""},"categories":[1],"tags":[],"class_list":["post-3509","post","type-post","status-publish","format-standard","hentry","category-sem-categoria"],"acf":[],"_links":{"self":[{"href":"https:\/\/www.ufsm.br\/pro-reitorias\/prograd\/caed\/wp-json\/wp\/v2\/posts\/3509","targetHints":{"allow":["GET"]}}],"collection":[{"href":"https:\/\/www.ufsm.br\/pro-reitorias\/prograd\/caed\/wp-json\/wp\/v2\/posts"}],"about":[{"href":"https:\/\/www.ufsm.br\/pro-reitorias\/prograd\/caed\/wp-json\/wp\/v2\/types\/post"}],"author":[{"embeddable":true,"href":"https:\/\/www.ufsm.br\/pro-reitorias\/prograd\/caed\/wp-json\/wp\/v2\/users\/252"}],"replies":[{"embeddable":true,"href":"https:\/\/www.ufsm.br\/pro-reitorias\/prograd\/caed\/wp-json\/wp\/v2\/comments?post=3509"}],"version-history":[{"count":0,"href":"https:\/\/www.ufsm.br\/pro-reitorias\/prograd\/caed\/wp-json\/wp\/v2\/posts\/3509\/revisions"}],"wp:attachment":[{"href":"https:\/\/www.ufsm.br\/pro-reitorias\/prograd\/caed\/wp-json\/wp\/v2\/media?parent=3509"}],"wp:term":[{"taxonomy":"category","embeddable":true,"href":"https:\/\/www.ufsm.br\/pro-reitorias\/prograd\/caed\/wp-json\/wp\/v2\/categories?post=3509"},{"taxonomy":"post_tag","embeddable":true,"href":"https:\/\/www.ufsm.br\/pro-reitorias\/prograd\/caed\/wp-json\/wp\/v2\/tags?post=3509"}],"curies":[{"name":"wp","href":"https:\/\/api.w.org\/{rel}","templated":true}]}}