{"id":3510,"date":"2020-10-10T20:26:56","date_gmt":"2020-10-10T23:26:56","guid":{"rendered":"https:\/\/www.ufsm.br\/orgaos-executivos\/caed\/?p=3510"},"modified":"2020-10-10T20:26:59","modified_gmt":"2020-10-10T23:26:59","slug":"campanha-outubro-rosa-2020","status":"publish","type":"post","link":"https:\/\/www.ufsm.br\/pro-reitorias\/prograd\/caed\/2020\/10\/10\/campanha-outubro-rosa-2020","title":{"rendered":"Campanha Outubro Rosa 2020"},"content":{"rendered":"\n<p>A Universidade Federal de Santa Maria(UFSM)\/Coordenadoria de A\u00e7\u00f5es Educacionais(CAEd) soma-se \u00e0 divulga\u00e7\u00e3o da campanha de conscientiza\u00e7\u00e3o sobre o c\u00e2ncer de mama, denominada Outubro Rosa.\u00a0<\/p>\n<p>O Outubro Rosa \u00e9 um movimento internacional de conscientiza\u00e7\u00e3o para o controle do c\u00e2ncer de mama. Foi criado no in\u00edcio da d\u00e9cada de 1990, pela Funda\u00e7\u00e3o Susan G. Komen for the Cure, com o objetivo de compartilhar informa\u00e7\u00f5es e promover a conscientiza\u00e7\u00e3o sobre a doen\u00e7a, proporcionar maior acesso aos servi\u00e7os de diagn\u00f3stico e de tratamento e contribuir para a redu\u00e7\u00e3o da mortalidade. Neste m\u00eas, vamos falar sobre como prevenir o c\u00e2ncer de mama e sobre outros cuidados com a sa\u00fade da mulher.\u00a0<br \/>#OutubroRosa #SouUFSM.<\/p>\n<p><strong>Descri\u00e7\u00e3o da imagem:<\/strong> imagem horizontal, nas cores salm\u00e3o, rosa e azul. H\u00e1 a foto, em preto e branco, do rosto de mulher e o seguinte texto: Outubro Rosa. Sa\u00fade da Mulher. # Precisamos Prevenir.<\/p>\n<p><img decoding=\"async\" class=\"alignnone size-medium wp-image-3511 aligncenter\" src=\"https:\/\/www.ufsm.br\/app\/uploads\/sites\/391\/2020\/10\/1-300x109.jpg\" alt=\"\" width=\"300\" height=\"109\" srcset=\"https:\/\/www.ufsm.br\/app\/uploads\/sites\/391\/2020\/10\/1-300x109.jpg 300w, https:\/\/www.ufsm.br\/app\/uploads\/sites\/391\/2020\/10\/1-768x280.jpg 768w, https:\/\/www.ufsm.br\/app\/uploads\/sites\/391\/2020\/10\/1.jpg 851w\" sizes=\"(max-width: 300px) 100vw, 300px\" \/><\/p>\n<p>Al\u00e9m dos cuidados ginecol\u00f3gicos, a sa\u00fade da mulher requer aten\u00e7\u00e3o em outros aspectos. Entendendo a situa\u00e7\u00e3o de desigualdade social relacionada ao g\u00eanero, a atua\u00e7\u00e3o da Se\u00e7\u00e3o de Sa\u00fade da Mulher do Governo do Estado do RS criou os seguintes eixos:<br \/>a) Sa\u00fade sexual, considerando a identidade de g\u00eanero, sexualidade, diversidade, preven\u00e7\u00e3o e tratamento das infec\u00e7\u00f5es sexualmente transmiss\u00edveis, assim como, as doen\u00e7as ginecol\u00f3gicas;<br \/>b) Sa\u00fade reprodutiva, com \u00eanfase na melhoria da aten\u00e7\u00e3o obst\u00e9trica, no planejamento reprodutivo e na aten\u00e7\u00e3o ao abortamento;<br \/>c) O enfrentamento \u00e0 viol\u00eancia dom\u00e9stica e viol\u00eancia sexual;<br \/>d) Aten\u00e7\u00e3o ao c\u00e2ncer de mama e colo do \u00fatero.<br \/>O Hospital S\u00edrio-Liban\u00eas sugere cinco cuidados com a sa\u00fade da mulher:<br \/>Tempo pra si para relaxar e fazer o que gosta;<br \/>Estilo de vida saud\u00e1vel com alimenta\u00e7\u00e3o balanceada e atividade f\u00edsica regular;<br \/>Dormir bem;<br \/>Aten\u00e7\u00e3o com as doen\u00e7as cardiovasculares;<br \/>Avalia\u00e7\u00f5es peri\u00f3dicas de sa\u00fade.<br \/>#OutubroRosa.<\/p>\n<p><strong>Descri\u00e7\u00e3o da imagem: <\/strong>imagem quadrada, nas cores rosa, laranja e branca, com foto em preto e branco, do rosto de mulher, com o seguinte texto: Sa\u00fade Geral da Mulher.<\/p>\n<p><img fetchpriority=\"high\" decoding=\"async\" class=\"alignnone size-medium wp-image-3512 aligncenter\" src=\"https:\/\/www.ufsm.br\/app\/uploads\/sites\/391\/2020\/10\/2-300x300.jpg\" alt=\"\" width=\"300\" height=\"300\" srcset=\"https:\/\/www.ufsm.br\/app\/uploads\/sites\/391\/2020\/10\/2-300x300.jpg 300w, https:\/\/www.ufsm.br\/app\/uploads\/sites\/391\/2020\/10\/2-1024x1024.jpg 1024w, https:\/\/www.ufsm.br\/app\/uploads\/sites\/391\/2020\/10\/2-150x150.jpg 150w, https:\/\/www.ufsm.br\/app\/uploads\/sites\/391\/2020\/10\/2-768x768.jpg 768w, https:\/\/www.ufsm.br\/app\/uploads\/sites\/391\/2020\/10\/2.jpg 1080w\" sizes=\"(max-width: 300px) 100vw, 300px\" \/><\/p>\n<p>\u00a0<\/p>\n<p>Existem diversas formas de preven\u00e7\u00e3o para o c\u00e2ncer de mama, a saber:<br \/>&#8211; Praticar atividade f\u00edsica;<br \/>&#8211; Alimentar-se de forma saud\u00e1vel;<br \/>&#8211; Manter o peso corporal adequado;<br \/>&#8211; Evitar o consumo de bebidas alco\u00f3licas;<br \/>&#8211; Amamentar;<br \/>&#8211; Evitar uso de horm\u00f4nios sint\u00e9ticos, como anticoncepcionais e terapias de reposi\u00e7\u00e3o hormonal.<br \/><br \/>Al\u00e9m disso, \u00e9 importante fazer o autoexame, tocando a pr\u00f3pria mama em busca de sintomas, como os descritos a seguir: n\u00f3dulo (caro\u00e7o) fixo e geralmente indolor; pele da mama avermelhada, retra\u00edda ou parecida com casca de laranja; altera\u00e7\u00f5es no bico do peito (mamilo); pequenos n\u00f3dulos nas axilas ou no pesco\u00e7o; sa\u00edda espont\u00e2nea de l\u00edquido anormal pelos mamilos. Fique atenta e consulte um ginecologista regularmente.<br \/>Informa\u00e7\u00f5es: Instituto Nacional do C\u00e2ncer (INCA).<br \/>#OutubroRosa.<\/p>\n<p><strong>Descri\u00e7\u00e3o da imagem:<\/strong> imagem quadrada lil\u00e1s, nas cores laranja e branca, com foto de uma mulher, em preto e branco, com o seguinte texto: Como prevenir o c\u00e2ncer de mama?<\/p>\n<p><img decoding=\"async\" class=\"alignnone size-medium wp-image-3513 aligncenter\" src=\"https:\/\/www.ufsm.br\/app\/uploads\/sites\/391\/2020\/10\/3-300x300.jpg\" alt=\"\" width=\"300\" height=\"300\" srcset=\"https:\/\/www.ufsm.br\/app\/uploads\/sites\/391\/2020\/10\/3-300x300.jpg 300w, https:\/\/www.ufsm.br\/app\/uploads\/sites\/391\/2020\/10\/3-1024x1024.jpg 1024w, https:\/\/www.ufsm.br\/app\/uploads\/sites\/391\/2020\/10\/3-150x150.jpg 150w, https:\/\/www.ufsm.br\/app\/uploads\/sites\/391\/2020\/10\/3-768x768.jpg 768w, https:\/\/www.ufsm.br\/app\/uploads\/sites\/391\/2020\/10\/3.jpg 1080w\" sizes=\"(max-width: 300px) 100vw, 300px\" \/><\/p>\n<p>Outro cuidado constante na sa\u00fade da mulher \u00e9 a preven\u00e7\u00e3o do c\u00e2ncer do colo do \u00fatero. Voc\u00ea sabia que a Organiza\u00e7\u00e3o Mundial da Sa\u00fade (OMS) lan\u00e7ou recentemente um guia para acabar com esse c\u00e2ncer at\u00e9 2030? As formas mais comuns de preven\u00e7\u00e3o s\u00e3o as seguintes:<br \/>&#8211; Vacina\u00e7\u00e3o do HPV;<br \/>&#8211; Rastreamento de les\u00f5es pr\u00e9-cancerosas com exame ginecol\u00f3gico Papanicolau; Tratamento precoce.<br \/>&#8211; Informa\u00e7\u00f5es: Sa\u00fade Abril e OMS.<br \/>#OutubroRosa<\/p>\n<div class=\"dcs-a-dcs-r-dcs-pi-dcs-qi dcs-a-dcs-qb-dcs-hb-dcs-xk-dcs-hk-dcs-yk dcs-a-dcs-qb dcs-a-dcs-r-dcs-ub dcs-a-dcs-r-dcs-ub-dcs-ed\" role=\"listitem\" aria-label=\"Caixa de di\u00e1logo de coment\u00e1rios. Status do coment\u00e1rio: Aberto. Autor: Unidade de Comunica\u00e7\u00e3o Integrada UFSM. 0 resposta.\">\n<div class=\"dcs-a-dcs-qb-dcs-nc\">\n<div class=\"dcs-a-dcs-qb-dcs-c dcs-a-dcs-r-dcs-zl\">\n<div class=\"dcs-a-dcs-r-dcs-yo\">\n<div class=\"dcs-a-dcs-nd dcs-a-dcs-nb-dcs-rf dcs-a-dcs-nb-dcs-md\">\n<div class=\"dcs-a-dcs-mh-dcs-nb\">\n<div class=\"dcs-a-dcs-nb-dcs-cn\">\n<div class=\"dcs-a-dcs-nb-dcs-hg dcs-a-dcs-nd-dcs-hg\" dir=\"ltr\"><strong>Descri\u00e7\u00e3o da imagem:<\/strong> imagem quadrada, nas cores laranja, rosa e branca, com foto de duas mulheres, em preto e branco, como o seguinte texto: Como prevenir o c\u00e2ncer do colo de \u00fatero?<\/div>\n<div dir=\"ltr\"><img loading=\"lazy\" decoding=\"async\" class=\"alignnone size-medium wp-image-3514 aligncenter\" src=\"https:\/\/www.ufsm.br\/app\/uploads\/sites\/391\/2020\/10\/4-300x300.jpg\" alt=\"\" width=\"300\" height=\"300\" srcset=\"https:\/\/www.ufsm.br\/app\/uploads\/sites\/391\/2020\/10\/4-300x300.jpg 300w, https:\/\/www.ufsm.br\/app\/uploads\/sites\/391\/2020\/10\/4-1024x1024.jpg 1024w, https:\/\/www.ufsm.br\/app\/uploads\/sites\/391\/2020\/10\/4-150x150.jpg 150w, https:\/\/www.ufsm.br\/app\/uploads\/sites\/391\/2020\/10\/4-768x768.jpg 768w, https:\/\/www.ufsm.br\/app\/uploads\/sites\/391\/2020\/10\/4.jpg 1080w\" sizes=\"(max-width: 300px) 100vw, 300px\" \/><\/div>\n<div dir=\"ltr\">\u00a0<\/div>\n<div dir=\"ltr\">A sa\u00fade da mulher tamb\u00e9m perpassa a sexualidade da mulher l\u00e9sbica. A egressa de Publicidade e Propaganda, Nicolle Sartor, produziu o Guia Velcro Seguro, sobre sa\u00fade sexual para mulheres l\u00e9sbicas e bissexuais com vulva, produzido e ilustrado por ela, como projeto final de gradua\u00e7\u00e3o, sob a orienta\u00e7\u00e3o da professora Juliana Petermann.<br \/>O guia fala sobre vulva, prazer, doen\u00e7as e infec\u00e7\u00f5es sexualmente transmiss\u00edveis, exames e preven\u00e7\u00e3o. Confira! #OutubroRosa<br \/><a href=\"https:\/\/www.google.com\/url?q=https:\/\/revistatrip.uol.com.br\/tpm\/nicolle-sartor-cria-cartilha-sobre-sexo-seguro-entre-mulheres-com-vulva&amp;sa=D&amp;ust=1602375414817000&amp;usg=AFQjCNFs2S7gVe_TwKb5KTQoP9oDhxrS3Q\" target=\"_blank\" rel=\"noopener noreferrer\" data-rawhref=\"https:\/\/revistatrip.uol.com.br\/tpm\/nicolle-sartor-cria-cartilha-sobre-sexo-seguro-entre-mulheres-com-vulva\">https:\/\/revistatrip.uol.com.br\/tpm\/nicolle-sartor-cria-cartilha-sobre-sexo-seguro-entre-mulheres-com-vulva<\/a><\/div>\n<\/div>\n<\/div>\n<div dir=\"ltr\">\u00a0<\/div>\n<div dir=\"ltr\"><strong>Descri\u00e7\u00e3o da imagem:<\/strong> imagem quadrada, nas cores verde, laranja e branca, com a foto de duas mulheres, em preto e branco, e o seguinte texto: Guia do Velcro Seguro e a sa\u00fade da mulher l\u00e9sbica.\u00a0<\/div>\n<\/div>\n<div dir=\"ltr\">\u00a0<\/div>\n<div class=\"dcs-a-dcs-nd dcs-a-dcs-nb-dcs-rf dcs-a-dcs-nb-dcs-md\">\n<div dir=\"ltr\">\u00a0<\/div>\n<div dir=\"ltr\"><img loading=\"lazy\" decoding=\"async\" class=\"alignnone size-medium wp-image-3515 aligncenter\" src=\"https:\/\/www.ufsm.br\/app\/uploads\/sites\/391\/2020\/10\/5-300x300.jpg\" alt=\"\" width=\"300\" height=\"300\" srcset=\"https:\/\/www.ufsm.br\/app\/uploads\/sites\/391\/2020\/10\/5-300x300.jpg 300w, https:\/\/www.ufsm.br\/app\/uploads\/sites\/391\/2020\/10\/5-1024x1024.jpg 1024w, https:\/\/www.ufsm.br\/app\/uploads\/sites\/391\/2020\/10\/5-150x150.jpg 150w, https:\/\/www.ufsm.br\/app\/uploads\/sites\/391\/2020\/10\/5-768x768.jpg 768w, https:\/\/www.ufsm.br\/app\/uploads\/sites\/391\/2020\/10\/5.jpg 1080w\" sizes=\"(max-width: 300px) 100vw, 300px\" \/><\/div>\n<div dir=\"ltr\">\u00a0<\/div>\n<\/div>\n<\/div>\n<div dir=\"ltr\" style=\"text-align: center\"><strong>Outubro Rosa 2020: ato de cuidado com a sa\u00fade da mulher.<\/strong><\/div>\n<div dir=\"ltr\">\u00a0<\/div>\n<\/div>\n<\/div>\n<\/div>\n<div dir=\"ltr\"><strong>Descri\u00e7\u00e3o de imagem:\u00a0<\/strong>imagem quadrada, com fundo na cor rosa, com efeito quadriculado. Ao centro, h\u00e1 o bras\u00e3o da Universidade Federal de Santa Maria (UFSM), formado pelos seguintes elementos: tr\u00eas archotes de fogo, que simbolizam os tr\u00eas pilares da universidade: ensino, pesquisa e extens\u00e3o; a flor-de-lis, simbolizando a purifica\u00e7\u00e3o, e os archotes com a chama do conhecimento, representando a luz que ilumina o caminho para a sabedoria; o bras\u00e3o, denotando moral e respeito; a frase em latim \u201cSedes Sapientiae\u201d, que significa sede (lugar, casa) da sabedoria*. <span style=\"font-size: inherit\">Fonte da descri\u00e7\u00e3o do bras\u00e3o: Identidade Visual (<\/span><a style=\"font-size: inherit\" href=\"https:\/\/www.ufsm.br\/identidade-institucional\/\">https:\/\/www.ufsm.br\/identidade-institucional\/<\/a><span style=\"font-size: inherit\">), em 10 de outubro de 2020.<\/span><\/div>\n<div dir=\"ltr\">\u00a0<\/div>\n<div dir=\"ltr\"><img loading=\"lazy\" decoding=\"async\" class=\"alignnone size-medium wp-image-3516 aligncenter\" src=\"https:\/\/www.ufsm.br\/app\/uploads\/sites\/391\/2020\/10\/6-300x300.jpg\" alt=\"\" width=\"300\" height=\"300\" srcset=\"https:\/\/www.ufsm.br\/app\/uploads\/sites\/391\/2020\/10\/6-300x300.jpg 300w, https:\/\/www.ufsm.br\/app\/uploads\/sites\/391\/2020\/10\/6-1024x1024.jpg 1024w, https:\/\/www.ufsm.br\/app\/uploads\/sites\/391\/2020\/10\/6-150x150.jpg 150w, https:\/\/www.ufsm.br\/app\/uploads\/sites\/391\/2020\/10\/6-768x768.jpg 768w, https:\/\/www.ufsm.br\/app\/uploads\/sites\/391\/2020\/10\/6.jpg 1200w\" sizes=\"(max-width: 300px) 100vw, 300px\" \/><\/div>\n<div class=\"dcs-a-dcs-r-dcs-pi-dcs-qi dcs-a-dcs-qb-dcs-hb-dcs-xk-dcs-hk-dcs-yk dcs-a-dcs-qb dcs-a-dcs-r-dcs-ub dcs-a-dcs-r-dcs-ub-dcs-ed\" role=\"listitem\" aria-label=\"Caixa de di\u00e1logo de coment\u00e1rios. Status do coment\u00e1rio: Aberto. Autor: Unidade de Comunica\u00e7\u00e3o Integrada UFSM. 0 resposta.\">\n<div class=\"dcs-a-dcs-qb-dcs-nc\">\n<div class=\"dcs-a-dcs-qb-dcs-c dcs-a-dcs-r-dcs-zl\">\n<div dir=\"ltr\">\u00a0<\/div>\n<\/div>\n<\/div>\n<\/div>\n<div class=\"dcs-a-dcs-jm-dcs-uf\">\u00a0<\/div>\n<div class=\"dcs-a-dcs-r-dcs-pi-dcs-qi dcs-a-dcs-qb-dcs-hb-dcs-xk-dcs-hk-dcs-yk dcs-a-dcs-qb\" role=\"listitem\" aria-label=\"Caixa de di\u00e1logo de coment\u00e1rios. Status do coment\u00e1rio: Aberto. Autor: Unidade de Comunica\u00e7\u00e3o Integrada UFSM. 0 resposta.\">\n<div class=\"dcs-a-dcs-qb-dcs-nc\">\n<div class=\"dcs-a-dcs-qb-dcs-c dcs-a-dcs-r-dcs-zl\">\n<div class=\"dcs-a-dcs-r-dcs-yo\">\n<div class=\"dcs-a-dcs-nd dcs-a-dcs-nb-dcs-rf dcs-a-dcs-nb-dcs-md\">\n<div class=\"dcs-a-dcs-nd-dcs-xi\">\u00a0<\/div>\n<\/div>\n<\/div>\n<\/div>\n<\/div>\n<\/div>\n<p>\u00a0<\/p>\n","protected":false},"excerpt":{"rendered":"<p>A Universidade Federal de Santa Maria(UFSM)\/Coordenadoria de A\u00e7\u00f5es Educacionais(CAEd) soma-se \u00e0 divulga\u00e7\u00e3o da campanha de conscientiza\u00e7\u00e3o sobre o c\u00e2ncer de mama, denominada Outubro Rosa.\u00a0 O Outubro Rosa \u00e9 um movimento internacional de conscientiza\u00e7\u00e3o para o controle do c\u00e2ncer de mama. Foi criado no in\u00edcio da d\u00e9cada de 1990, pela Funda\u00e7\u00e3o Susan G. Komen for the [&hellip;]<\/p>\n","protected":false},"author":252,"featured_media":0,"comment_status":"closed","ping_status":"closed","sticky":false,"template":"","format":"standard","meta":{"footnotes":""},"categories":[1],"tags":[],"class_list":["post-3510","post","type-post","status-publish","format-standard","hentry","category-sem-categoria"],"acf":[],"_links":{"self":[{"href":"https:\/\/www.ufsm.br\/pro-reitorias\/prograd\/caed\/wp-json\/wp\/v2\/posts\/3510","targetHints":{"allow":["GET"]}}],"collection":[{"href":"https:\/\/www.ufsm.br\/pro-reitorias\/prograd\/caed\/wp-json\/wp\/v2\/posts"}],"about":[{"href":"https:\/\/www.ufsm.br\/pro-reitorias\/prograd\/caed\/wp-json\/wp\/v2\/types\/post"}],"author":[{"embeddable":true,"href":"https:\/\/www.ufsm.br\/pro-reitorias\/prograd\/caed\/wp-json\/wp\/v2\/users\/252"}],"replies":[{"embeddable":true,"href":"https:\/\/www.ufsm.br\/pro-reitorias\/prograd\/caed\/wp-json\/wp\/v2\/comments?post=3510"}],"version-history":[{"count":0,"href":"https:\/\/www.ufsm.br\/pro-reitorias\/prograd\/caed\/wp-json\/wp\/v2\/posts\/3510\/revisions"}],"wp:attachment":[{"href":"https:\/\/www.ufsm.br\/pro-reitorias\/prograd\/caed\/wp-json\/wp\/v2\/media?parent=3510"}],"wp:term":[{"taxonomy":"category","embeddable":true,"href":"https:\/\/www.ufsm.br\/pro-reitorias\/prograd\/caed\/wp-json\/wp\/v2\/categories?post=3510"},{"taxonomy":"post_tag","embeddable":true,"href":"https:\/\/www.ufsm.br\/pro-reitorias\/prograd\/caed\/wp-json\/wp\/v2\/tags?post=3510"}],"curies":[{"name":"wp","href":"https:\/\/api.w.org\/{rel}","templated":true}]}}