{"id":3517,"date":"2020-10-11T21:52:26","date_gmt":"2020-10-12T00:52:26","guid":{"rendered":"https:\/\/www.ufsm.br\/orgaos-executivos\/caed\/?p=3517"},"modified":"2020-10-11T21:52:28","modified_gmt":"2020-10-12T00:52:28","slug":"live-covid-psiq-relacionamentos-amorosos-e-vida-sexual-na-pandemia","status":"publish","type":"post","link":"https:\/\/www.ufsm.br\/pro-reitorias\/prograd\/caed\/2020\/10\/11\/live-covid-psiq-relacionamentos-amorosos-e-vida-sexual-na-pandemia","title":{"rendered":"LIVE COVID PSIQ: &#8220;Relacionamentos amorosos e vida sexual na pandemia&#8221;"},"content":{"rendered":"\n<p>A Universidade Federal de Santa Maria(UFSM)\/Coordenadoria de A\u00e7\u00f5es Educacionais(CAEd) e o projeto COVID Psiq convidam todos para assistirem \u00e0 live com a tem\u00e1tica &#8220;Relacionamentos amorosos e vida sexual na pandemia&#8221;, pela m\u00e9dica psicanalista Patr\u00edcia Fabr\u00edcio Lago, pela psic\u00f3loga Lina Wainberg, pela jornalista Juliana Motta e pelo Prof. Dr. Vitor Crestani Calegaro, dia 13 de outubro, \u00e0s 20h00min.<\/p>\n<div>\n<div dir=\"auto\">Patr\u00edcia Fabr\u00edcio Lago possui gradua\u00e7\u00e3o em Medicina e em Psican\u00e1lise. Atualmente, \u00e9 Psiquiatra e Psicanalista, Colaboradora do Centro de Estudos Luiz Guedes e Professora Colaboradora da Estudos Integrados de Psicoterapia Psicanal\u00edtica.<\/div>\n<div dir=\"auto\">\u00a0<\/div>\n<\/div>\n<div>\n<div dir=\"auto\">Lina Wainberg possui gradua\u00e7\u00e3o em Psicologia, Mestrado em Sexologia e Doutorado em Psicologia. Atualmente, \u00e9 integrante do comit\u00ea de Sexualidade da Sociedade de Psicologia do Rio Grande do Sul e Diretora de Titula\u00e7\u00e3o da Sociedade Brasileira em Sexualidade Humana, al\u00e9m de docente da Wainer Psicologia Cognitiva e coordenadora Curso de Especializa\u00e7\u00e3o em Sexualidade Humana no CEFI.<\/div>\n<div dir=\"auto\">\u00a0<\/div>\n<\/div>\n<div>\n<div dir=\"auto\">Juliana Motta \u00e9 jornalista formada pela Universidade Federal de Santa Maria (UFSM) e, atualmente, \u00e9 doutoranda e Mestre pelo Programa de P\u00f3s-gradua\u00e7\u00e3o em Comunica\u00e7\u00e3o Midi\u00e1tica da UFSM.<\/div>\n<div dir=\"auto\">\u00a0<\/div>\n<\/div>\n<div>\n<div dir=\"auto\">O Prof. Dr. Vitor Crestani Calegaro, pesquisador responsa\u0301vel pelo projeto CovidPsiq, e\u0301 professor adjunto do Departamento de Neuropsiquiatria da UFSM e atua como me\u0301dico psiquiatra na Coordenadoria de Ac\u0327o\u0303es Educacionais (CAEd\/UFSM), prestando atendimento aos alunos da instituic\u0327a\u0303o.<\/div>\n<div dir=\"auto\">\u00a0<\/div>\n<\/div>\n<div>\n<div dir=\"auto\">Esse evento est\u00e1 sendo promovido pela Coordenadoria de A\u00e7\u00f5es Educacionais &#8211; CAEd UFSM.<\/div>\n<div dir=\"auto\">\u00a0<\/div>\n<\/div>\n<div>\n<div dir=\"auto\">Para acompanhar, acesse o link <a href=\"https:\/\/l.facebook.com\/l.php?u=https%3A%2F%2Fyoutu.be%2F-f5qfl7WAwk%3Ffbclid%3DIwAR2eFCVEEdg1QYtR7A5yxLz6J7rEMQs4rYP8lSleQA_XWqtcUxAd0NXGYaA&amp;h=AT1Gmd0jvlfCHZUE3fxN2xKBaGVn-9LjylEj5otlibVHeD0iAuwGmM6MA-k6l5-Ih6WA0tA_j2k0VL1taaia3mMVoYI6SR7ZjWaJt5vD4ujj3-jV-vr3Oj7Xvw5DRlhNbx7lTAzo8BJ_D9hK8dte&amp;__tn__=-UK-R&amp;c[0]=AT1xtNYndAjE5QBN18aGWDJ9qAJvlROG3wNc-0Jbsp5NxdPlPtmLSajIeesyEH9-dO_2tDcwH9Ql-0SHTG5Qa_kmODQsXlzccF2mlzVGX1OZrhg_GZl8ppUtP3gBr-atFsEtgljOM63lWxzVm7XWFQfp11r8ot20LPKDFJT145TUGB5LHFrCUBidtg\" target=\"_blank\" rel=\"nofollow noopener noreferrer\" data-saferedirecturl=\"https:\/\/www.google.com\/url?q=https:\/\/l.facebook.com\/l.php?u%3Dhttps%253A%252F%252Fyoutu.be%252F-f5qfl7WAwk%253Ffbclid%253DIwAR2eFCVEEdg1QYtR7A5yxLz6J7rEMQs4rYP8lSleQA_XWqtcUxAd0NXGYaA%26h%3DAT1Gmd0jvlfCHZUE3fxN2xKBaGVn-9LjylEj5otlibVHeD0iAuwGmM6MA-k6l5-Ih6WA0tA_j2k0VL1taaia3mMVoYI6SR7ZjWaJt5vD4ujj3-jV-vr3Oj7Xvw5DRlhNbx7lTAzo8BJ_D9hK8dte%26__tn__%3D-UK-R%26c%5B0%5D%3DAT1xtNYndAjE5QBN18aGWDJ9qAJvlROG3wNc-0Jbsp5NxdPlPtmLSajIeesyEH9-dO_2tDcwH9Ql-0SHTG5Qa_kmODQsXlzccF2mlzVGX1OZrhg_GZl8ppUtP3gBr-atFsEtgljOM63lWxzVm7XWFQfp11r8ot20LPKDFJT145TUGB5LHFrCUBidtg&amp;source=gmail&amp;ust=1602550153393000&amp;usg=AFQjCNHpi-jJ7bPVOzpInhNjZoKGKEetoQ\">https:\/\/youtu.be\/-f5qfl7WAwk<\/a> ou acesse o Facebook COVIDPsiq.<\/div>\n<div dir=\"auto\">\u00a0<\/div>\n<\/div>\n<div>\n<div dir=\"auto\"><a href=\"https:\/\/www.facebook.com\/hashtag\/coronavirus?__eep__=6&amp;__cft__[0]=AZVUIRDOnaesk6V8yfoXHmWka1ugKVEX-kqtklYrGSsZmlo4eeCDlR_NSysFy1hLNeJg7s_WifUxXXZHjkU9Owpoqabxr2ftg64lZlPQOHflt1yTgq38H613ocrmQfbvYjHdk7PFt_qnTQbgDfNWh7_JDnxyd3XIMee-I9VHA7nu8cChaF3SN2nkmBJbl3qgDls&amp;__tn__=*NK-R\" target=\"_blank\" rel=\"noopener noreferrer\" data-saferedirecturl=\"https:\/\/www.google.com\/url?q=https:\/\/www.facebook.com\/hashtag\/coronavirus?__eep__%3D6%26__cft__%5B0%5D%3DAZVUIRDOnaesk6V8yfoXHmWka1ugKVEX-kqtklYrGSsZmlo4eeCDlR_NSysFy1hLNeJg7s_WifUxXXZHjkU9Owpoqabxr2ftg64lZlPQOHflt1yTgq38H613ocrmQfbvYjHdk7PFt_qnTQbgDfNWh7_JDnxyd3XIMee-I9VHA7nu8cChaF3SN2nkmBJbl3qgDls%26__tn__%3D*NK-R&amp;source=gmail&amp;ust=1602550153394000&amp;usg=AFQjCNGuWms_l1aiCU27z1HMXyhjBt_PKQ\">#coronavirus<\/a> <a href=\"https:\/\/www.facebook.com\/hashtag\/covid_19?__eep__=6&amp;__cft__[0]=AZVUIRDOnaesk6V8yfoXHmWka1ugKVEX-kqtklYrGSsZmlo4eeCDlR_NSysFy1hLNeJg7s_WifUxXXZHjkU9Owpoqabxr2ftg64lZlPQOHflt1yTgq38H613ocrmQfbvYjHdk7PFt_qnTQbgDfNWh7_JDnxyd3XIMee-I9VHA7nu8cChaF3SN2nkmBJbl3qgDls&amp;__tn__=*NK-R\" target=\"_blank\" rel=\"noopener noreferrer\" data-saferedirecturl=\"https:\/\/www.google.com\/url?q=https:\/\/www.facebook.com\/hashtag\/covid_19?__eep__%3D6%26__cft__%5B0%5D%3DAZVUIRDOnaesk6V8yfoXHmWka1ugKVEX-kqtklYrGSsZmlo4eeCDlR_NSysFy1hLNeJg7s_WifUxXXZHjkU9Owpoqabxr2ftg64lZlPQOHflt1yTgq38H613ocrmQfbvYjHdk7PFt_qnTQbgDfNWh7_JDnxyd3XIMee-I9VHA7nu8cChaF3SN2nkmBJbl3qgDls%26__tn__%3D*NK-R&amp;source=gmail&amp;ust=1602550153394000&amp;usg=AFQjCNFajH6DuUV2UgeP9hzCl5lUmIiDmQ\">#covid_19<\/a> <a href=\"https:\/\/www.facebook.com\/hashtag\/pandemia?__eep__=6&amp;__cft__[0]=AZVUIRDOnaesk6V8yfoXHmWka1ugKVEX-kqtklYrGSsZmlo4eeCDlR_NSysFy1hLNeJg7s_WifUxXXZHjkU9Owpoqabxr2ftg64lZlPQOHflt1yTgq38H613ocrmQfbvYjHdk7PFt_qnTQbgDfNWh7_JDnxyd3XIMee-I9VHA7nu8cChaF3SN2nkmBJbl3qgDls&amp;__tn__=*NK-R\" target=\"_blank\" rel=\"noopener noreferrer\" data-saferedirecturl=\"https:\/\/www.google.com\/url?q=https:\/\/www.facebook.com\/hashtag\/pandemia?__eep__%3D6%26__cft__%5B0%5D%3DAZVUIRDOnaesk6V8yfoXHmWka1ugKVEX-kqtklYrGSsZmlo4eeCDlR_NSysFy1hLNeJg7s_WifUxXXZHjkU9Owpoqabxr2ftg64lZlPQOHflt1yTgq38H613ocrmQfbvYjHdk7PFt_qnTQbgDfNWh7_JDnxyd3XIMee-I9VHA7nu8cChaF3SN2nkmBJbl3qgDls%26__tn__%3D*NK-R&amp;source=gmail&amp;ust=1602550153394000&amp;usg=AFQjCNHvo13Sba6QtY3X9QCsfq24KAUqZg\">#pandemia<\/a> <a href=\"https:\/\/www.facebook.com\/hashtag\/saudemental?__eep__=6&amp;__cft__[0]=AZVUIRDOnaesk6V8yfoXHmWka1ugKVEX-kqtklYrGSsZmlo4eeCDlR_NSysFy1hLNeJg7s_WifUxXXZHjkU9Owpoqabxr2ftg64lZlPQOHflt1yTgq38H613ocrmQfbvYjHdk7PFt_qnTQbgDfNWh7_JDnxyd3XIMee-I9VHA7nu8cChaF3SN2nkmBJbl3qgDls&amp;__tn__=*NK-R\" target=\"_blank\" rel=\"noopener noreferrer\" data-saferedirecturl=\"https:\/\/www.google.com\/url?q=https:\/\/www.facebook.com\/hashtag\/saudemental?__eep__%3D6%26__cft__%5B0%5D%3DAZVUIRDOnaesk6V8yfoXHmWka1ugKVEX-kqtklYrGSsZmlo4eeCDlR_NSysFy1hLNeJg7s_WifUxXXZHjkU9Owpoqabxr2ftg64lZlPQOHflt1yTgq38H613ocrmQfbvYjHdk7PFt_qnTQbgDfNWh7_JDnxyd3XIMee-I9VHA7nu8cChaF3SN2nkmBJbl3qgDls%26__tn__%3D*NK-R&amp;source=gmail&amp;ust=1602550153394000&amp;usg=AFQjCNEQhFVPrgzqtBltkYQSWcORujZ9Nw\">#saudemental<\/a> <a href=\"https:\/\/www.facebook.com\/hashtag\/psiquiatria?__eep__=6&amp;__cft__[0]=AZVUIRDOnaesk6V8yfoXHmWka1ugKVEX-kqtklYrGSsZmlo4eeCDlR_NSysFy1hLNeJg7s_WifUxXXZHjkU9Owpoqabxr2ftg64lZlPQOHflt1yTgq38H613ocrmQfbvYjHdk7PFt_qnTQbgDfNWh7_JDnxyd3XIMee-I9VHA7nu8cChaF3SN2nkmBJbl3qgDls&amp;__tn__=*NK-R\" target=\"_blank\" rel=\"noopener noreferrer\" data-saferedirecturl=\"https:\/\/www.google.com\/url?q=https:\/\/www.facebook.com\/hashtag\/psiquiatria?__eep__%3D6%26__cft__%5B0%5D%3DAZVUIRDOnaesk6V8yfoXHmWka1ugKVEX-kqtklYrGSsZmlo4eeCDlR_NSysFy1hLNeJg7s_WifUxXXZHjkU9Owpoqabxr2ftg64lZlPQOHflt1yTgq38H613ocrmQfbvYjHdk7PFt_qnTQbgDfNWh7_JDnxyd3XIMee-I9VHA7nu8cChaF3SN2nkmBJbl3qgDls%26__tn__%3D*NK-R&amp;source=gmail&amp;ust=1602550153394000&amp;usg=AFQjCNEtODoXOhH1BCmJ9vlw6zhGh-qQRg\">#psiquiatria<\/a> <a href=\"https:\/\/www.facebook.com\/hashtag\/ufsm?__eep__=6&amp;__cft__[0]=AZVUIRDOnaesk6V8yfoXHmWka1ugKVEX-kqtklYrGSsZmlo4eeCDlR_NSysFy1hLNeJg7s_WifUxXXZHjkU9Owpoqabxr2ftg64lZlPQOHflt1yTgq38H613ocrmQfbvYjHdk7PFt_qnTQbgDfNWh7_JDnxyd3XIMee-I9VHA7nu8cChaF3SN2nkmBJbl3qgDls&amp;__tn__=*NK-R\" target=\"_blank\" rel=\"noopener noreferrer\" data-saferedirecturl=\"https:\/\/www.google.com\/url?q=https:\/\/www.facebook.com\/hashtag\/ufsm?__eep__%3D6%26__cft__%5B0%5D%3DAZVUIRDOnaesk6V8yfoXHmWka1ugKVEX-kqtklYrGSsZmlo4eeCDlR_NSysFy1hLNeJg7s_WifUxXXZHjkU9Owpoqabxr2ftg64lZlPQOHflt1yTgq38H613ocrmQfbvYjHdk7PFt_qnTQbgDfNWh7_JDnxyd3XIMee-I9VHA7nu8cChaF3SN2nkmBJbl3qgDls%26__tn__%3D*NK-R&amp;source=gmail&amp;ust=1602550153394000&amp;usg=AFQjCNEZ-yuGGZAR3Zk6GqMJW_ZeHPo1Qw\">#ufsm<\/a><\/div>\n<div dir=\"auto\">\u00a0<\/div>\n<div dir=\"auto\">\n<p><b>DESCRI\u00c7\u00c3O DE IMAGEM: <\/b>imagem em formato quadrado, com o fundo da imagem na cor bege, com bordas formadas por duas linhas paralelas, na cor roxa. Os quatro \u00e2ngulos t\u00eam forma c\u00f4ncava. No \u00e2ngulo superior esquerdo, l\u00ea-se \u201cLIVE\u201d,em letras mai\u00fasculas, na cor roxa. \u00c0 direita, na mesma linha horizontal, um abaixo do outro, h\u00e1 o logo do Facebook (quadrado azul, de \u00e2ngulos arredondados, com a letra F min\u00fascula ao centro, na cor branca) e o logo do Youtube (ret\u00e2ngulo vermelho, de \u00e2ngulos arredondadas, com um tri\u00e2ngulo branco ao centro, indicando \u00e0 direita). Em seguida, no mesmo sentido, h\u00e1 o logo do projeto COVID Psiq (rosto humano, de perfil, delineado na cor roxa, com a imagem de uma \u00e1rvore, cuja copa est\u00e1 no lugar do c\u00e9rebro) e o bras\u00e3o da Universidade Federal de Santa Maria (UFSM), formado pelos seguintes elementos: tr\u00eas archotes de fogo, que simbolizam os tr\u00eas pilares da universidade: ensino, pesquisa e extens\u00e3o; a flor-de-lis, simbolizando a purifica\u00e7\u00e3o, e os archotes com a chama do conhecimento, representando a luz que ilumina o caminho para a sabedoria; o bras\u00e3o, denotando moral e respeito; a frase em latim \u201cSedes Sapientiae\u201d, que significa sede (lugar, casa) da sabedoria*. Na base do bras\u00e3o, h\u00e1 a sigla CAEd (Coordenadoria de A\u00e7\u00f5es Educacionais). Abaixo, l\u00ea-se o t\u00edtulo da live, \u201cRelacionamentos amorosos e vida sexual na pandemia\u201d. Abaixo, em linha horizontal, dentro de c\u00edrculos na cor roxa, h\u00e1 as fotos dos ministrantes da live. No sentido da esquerda para a direita, primeiramente, h\u00e1 a foto de Patr\u00edcia Fabr\u00edcio Lago, psiquiatra e psicanalista. Trata-se de mulher de pele clara, cabelos loiros na altura do queixo, express\u00e3o sorridente e vestindo blusa preta. Em seguida, h\u00e1 a foto de Lina Wainberg, psic\u00f3loga. Trata-se de mulher de pele clara, cabelos loiros repicados na altura do pesco\u00e7o, express\u00e3o sorridente e vestindo blusa branca. A seguir, encontra-se a foto de Juliana Motta, jornalista, mulher de pele clara, cabelos loiros e lisos at\u00e9 os ombros, com um leve sorriso e vestindo blusa lil\u00e1s. Por fim, h\u00e1 a fotodo Prof. Dr. Vitor Crestani Calegaro, m\u00e9dico psiquiatra, tratando de homem de pele clara, cabelos curtos e castanhos e express\u00e3o sorridente. Usa \u00f3culos de grau e barba. Veste camisa social bege, blusa pull over, nas cores marrom e preta, e casaco preto. A identifica\u00e7\u00e3o dos ministrantes encontra-se abaixo das respectivas fotografias. Abaixo, centralizado, h\u00e1 informa\u00e7\u00f5es sobre data e hor\u00e1rio de realiza\u00e7\u00e3o da live, \u201cDia 13 de outubro\u201d, \u201c20h00min\u201d. Na base da imagem, l\u00eaem-se as informa\u00e7\u00f5es sobre o acesso \u00e0 transmiss\u00e3o da live: \u201cPara acompanhar, acesse <a href=\"http:\/\/youtube.com\/c\/covidpsiq\" target=\"_blank\" rel=\"noopener noreferrer\" data-saferedirecturl=\"https:\/\/www.google.com\/url?q=http:\/\/youtube.com\/c\/covidpsiq&amp;source=gmail&amp;ust=1602550153394000&amp;usg=AFQjCNGBcm2Gt9R3gfP0x5ZfqfEV6p_v_A\">youtube.com\/c\/covidpsiq<\/a> ou nosso Facebook COVIDPsiq\u201d.*Fonte da descri\u00e7\u00e3o do bras\u00e3o da UFSM: Identidade Visual (<a href=\"https:\/\/www.ufsm.br\/identidade-institucional\/\" target=\"_blank\" rel=\"noopener noreferrer\" data-saferedirecturl=\"https:\/\/www.google.com\/url?q=https:\/\/www.ufsm.br\/identidade-institucional\/&amp;source=gmail&amp;ust=1602550153394000&amp;usg=AFQjCNHzoKmK6SqzJFlD9N-7FZj5ecVG8Q\">https:\/\/www.ufsm.br\/identidade-institucional\/<\/a>), em 11 de outubro de 2020.<\/p>\n<p><img fetchpriority=\"high\" decoding=\"async\" class=\"alignnone size-medium wp-image-3518 aligncenter\" src=\"https:\/\/www.ufsm.br\/app\/uploads\/sites\/391\/2020\/10\/16-LIVE-13-DE-OUTUBRO-DE-2020-300x300.jpg\" alt=\"\" width=\"300\" height=\"300\" srcset=\"https:\/\/www.ufsm.br\/app\/uploads\/sites\/391\/2020\/10\/16-LIVE-13-DE-OUTUBRO-DE-2020-300x300.jpg 300w, https:\/\/www.ufsm.br\/app\/uploads\/sites\/391\/2020\/10\/16-LIVE-13-DE-OUTUBRO-DE-2020-1024x1024.jpg 1024w, https:\/\/www.ufsm.br\/app\/uploads\/sites\/391\/2020\/10\/16-LIVE-13-DE-OUTUBRO-DE-2020-150x150.jpg 150w, https:\/\/www.ufsm.br\/app\/uploads\/sites\/391\/2020\/10\/16-LIVE-13-DE-OUTUBRO-DE-2020-768x768.jpg 768w, https:\/\/www.ufsm.br\/app\/uploads\/sites\/391\/2020\/10\/16-LIVE-13-DE-OUTUBRO-DE-2020.jpg 1080w\" sizes=\"(max-width: 300px) 100vw, 300px\" \/><\/p>\n<\/div>\n<\/div>\n","protected":false},"excerpt":{"rendered":"<p>A Universidade Federal de Santa Maria(UFSM)\/Coordenadoria de A\u00e7\u00f5es Educacionais(CAEd) e o projeto COVID Psiq convidam todos para assistirem \u00e0 live com a tem\u00e1tica &#8220;Relacionamentos amorosos e vida sexual na pandemia&#8221;, pela m\u00e9dica psicanalista Patr\u00edcia Fabr\u00edcio Lago, pela psic\u00f3loga Lina Wainberg, pela jornalista Juliana Motta e pelo Prof. Dr. Vitor Crestani Calegaro, dia 13 de outubro, [&hellip;]<\/p>\n","protected":false},"author":252,"featured_media":0,"comment_status":"closed","ping_status":"closed","sticky":false,"template":"","format":"standard","meta":{"footnotes":""},"categories":[1],"tags":[],"class_list":["post-3517","post","type-post","status-publish","format-standard","hentry","category-sem-categoria"],"acf":[],"_links":{"self":[{"href":"https:\/\/www.ufsm.br\/pro-reitorias\/prograd\/caed\/wp-json\/wp\/v2\/posts\/3517","targetHints":{"allow":["GET"]}}],"collection":[{"href":"https:\/\/www.ufsm.br\/pro-reitorias\/prograd\/caed\/wp-json\/wp\/v2\/posts"}],"about":[{"href":"https:\/\/www.ufsm.br\/pro-reitorias\/prograd\/caed\/wp-json\/wp\/v2\/types\/post"}],"author":[{"embeddable":true,"href":"https:\/\/www.ufsm.br\/pro-reitorias\/prograd\/caed\/wp-json\/wp\/v2\/users\/252"}],"replies":[{"embeddable":true,"href":"https:\/\/www.ufsm.br\/pro-reitorias\/prograd\/caed\/wp-json\/wp\/v2\/comments?post=3517"}],"version-history":[{"count":0,"href":"https:\/\/www.ufsm.br\/pro-reitorias\/prograd\/caed\/wp-json\/wp\/v2\/posts\/3517\/revisions"}],"wp:attachment":[{"href":"https:\/\/www.ufsm.br\/pro-reitorias\/prograd\/caed\/wp-json\/wp\/v2\/media?parent=3517"}],"wp:term":[{"taxonomy":"category","embeddable":true,"href":"https:\/\/www.ufsm.br\/pro-reitorias\/prograd\/caed\/wp-json\/wp\/v2\/categories?post=3517"},{"taxonomy":"post_tag","embeddable":true,"href":"https:\/\/www.ufsm.br\/pro-reitorias\/prograd\/caed\/wp-json\/wp\/v2\/tags?post=3517"}],"curies":[{"name":"wp","href":"https:\/\/api.w.org\/{rel}","templated":true}]}}