{"id":3524,"date":"2020-10-18T21:21:14","date_gmt":"2020-10-19T00:21:14","guid":{"rendered":"https:\/\/www.ufsm.br\/orgaos-executivos\/caed\/?p=3524"},"modified":"2020-10-18T21:33:14","modified_gmt":"2020-10-19T00:33:14","slug":"live-covid-psiq-live-covid-psiq-violencia-no-contexto-da-pandemia","status":"publish","type":"post","link":"https:\/\/www.ufsm.br\/pro-reitorias\/prograd\/caed\/2020\/10\/18\/live-covid-psiq-live-covid-psiq-violencia-no-contexto-da-pandemia","title":{"rendered":"LIVE COVID Psiq: \u201cVIOL\u00caNCIA NO CONTEXTO DA PANDEMIA&#8221;"},"content":{"rendered":"\n<p>A Universidade Federal de Santa Maria(UFSM)\/Coordenadoria de A\u00e7\u00f5es Educacionais(CAEd) e o projeto COVID Psiq convidam todos para assistirem \u00e0 live com a tem\u00e1tica \u201cViol\u00eancia no contexto da pandemia&#8221;, <strong>dia 20 de outubro, ter\u00e7a-feira, \u00e0s 20h00min.<\/strong><\/p>\n<p>A Profa. Dra. Andrea de Abreu Feij\u00f3 de Mello possui doutorado em Ci\u00eancias M\u00e9dicas pela UNIFESP, com bolsa sandu\u00edche da Capes na Brown University, e p\u00f3s doutorado no Departamento de Psiquiatria da UNIFESP. \u00c9 m\u00e9dica concursada da Escola Paulista de Medicina e professora afiliada do Departamento de Psiquiatria da UNIFESP, al\u00e9m de coordenar o PROVE. Tamb\u00e9m \u00e9 professora de psiquiatria na Faculdade Israelita de Ci\u00eancias da Sa\u00fade Albert Einstein.<\/p>\n<p>D\u00e9bora Aparecida Dias \u00e9 Delegada de Pol\u00edcia na Pol\u00edcia Civil do Estado do Rio Grande do Sul, atuando na Delegacia Especializada ao Atendimento \u00e0 Mulher, al\u00e9m de ser titular da Delegacia de Prote\u00e7\u00e3o ao Idoso e Combate \u00e0 Intoler\u00e2ncia. \u00c9 Mestranda e Doutoranda em Ci\u00eancias Jur\u00eddicas pela Universidade Aut\u00f4noma de Lisboa.<\/p>\n<p>Alcina Juliana Soares Barros possui resid\u00eancia m\u00e9dica em Psiquiatria e resid\u00eancia m\u00e9dica em Psiquiatria Forense. \u00c9 Doutora em Psiquiatria pela Universidade Federal do Rio Grande do Sul. Atualmente, \u00e9 Diretora Cient\u00edfica da Associa\u00e7\u00e3o de Psiquiatria Cyro Martins, CCYM, em Porto Alegre.<\/p>\n<p>Juliana Motta \u00e9 jornalista formada pela Universidade Federal de Santa Maria (UFSM) e, atualmente, \u00e9 mestre e doutoranda pelo Programa de P\u00f3s-gradua\u00e7\u00e3o em Comunica\u00e7\u00e3o Midi\u00e1tica da UFSM.<\/p>\n<p>O Prof. Dr. Vitor Crestani Calegaro, pesquisador responsa\u0301vel pelo projeto CovidPsiq, e\u0301 professor adjunto do Departamento de Neuropsiquiatria da UFSM e atua como me\u0301dico psiquiatra na Coordenadoria de Ac\u0327o\u0303es Educacionais (CAEd\/UFSM), prestando atendimento aos alunos da instituic\u0327a\u0303o.<\/p>\n<p>Esse evento est\u00e1 sendo promovido pela Coordenadoria de A\u00e7\u00f5es Educacionais &#8211; CAEd UFSM.<\/p>\n<p>Para acompanhar, acesse o link <a href=\"https:\/\/youtu.be\/mE3nteJPDmc?fbclid=IwAR3EAJh2vmKWOdAOUSa1X_WFIVykkqJxW09c4n2sLCxmxBk2VXbG0CoGe6M\" data-saferedirecturl=\"https:\/\/www.google.com\/url?q=https:\/\/youtu.be\/mE3nteJPDmc?fbclid%3DIwAR3EAJh2vmKWOdAOUSa1X_WFIVykkqJxW09c4n2sLCxmxBk2VXbG0CoGe6M&amp;source=gmail&amp;ust=1603152847191000&amp;usg=AFQjCNF7No0mkVBbWWBOld3gxeb1bYrdvQ\">https:\/\/youtu.be\/mE3nteJPDmc<\/a> ou acesse o Facebook COVIDPsiq.<\/p>\n<p><a href=\"https:\/\/www.facebook.com\/hashtag\/coronavirus?__eep__=6&amp;__cft__[0]=AZWL_DoOqAGW_1l_Hty5RhIJfhtKZg2JWBgtQPgiQF4wy_Q0eqhsoAhEHzsbx60bQaBZC1C1GYEWbcEuI7yBI4N0Z_aiPcCJIE-wS3hWClS6jXnfMVcE7TcRxH5tHErC-D3LkwcQnvmj2Vgk39Z6WtTUmLZ_IxgJCf96Oys1lUbU0IqmLmsbaILsKXCoHeit8D0&amp;__tn__=*NK-R\" data-saferedirecturl=\"https:\/\/www.google.com\/url?q=https:\/\/www.facebook.com\/hashtag\/coronavirus?__eep__%3D6%26__cft__%5B0%5D%3DAZWL_DoOqAGW_1l_Hty5RhIJfhtKZg2JWBgtQPgiQF4wy_Q0eqhsoAhEHzsbx60bQaBZC1C1GYEWbcEuI7yBI4N0Z_aiPcCJIE-wS3hWClS6jXnfMVcE7TcRxH5tHErC-D3LkwcQnvmj2Vgk39Z6WtTUmLZ_IxgJCf96Oys1lUbU0IqmLmsbaILsKXCoHeit8D0%26__tn__%3D*NK-R&amp;source=gmail&amp;ust=1603152847191000&amp;usg=AFQjCNEE-PoH9bdYWBPPPxm0yuvWFAI62Q\">#coronavirus<\/a> <a href=\"https:\/\/www.facebook.com\/hashtag\/covid_19?__eep__=6&amp;__cft__[0]=AZWL_DoOqAGW_1l_Hty5RhIJfhtKZg2JWBgtQPgiQF4wy_Q0eqhsoAhEHzsbx60bQaBZC1C1GYEWbcEuI7yBI4N0Z_aiPcCJIE-wS3hWClS6jXnfMVcE7TcRxH5tHErC-D3LkwcQnvmj2Vgk39Z6WtTUmLZ_IxgJCf96Oys1lUbU0IqmLmsbaILsKXCoHeit8D0&amp;__tn__=*NK-R\" data-saferedirecturl=\"https:\/\/www.google.com\/url?q=https:\/\/www.facebook.com\/hashtag\/covid_19?__eep__%3D6%26__cft__%5B0%5D%3DAZWL_DoOqAGW_1l_Hty5RhIJfhtKZg2JWBgtQPgiQF4wy_Q0eqhsoAhEHzsbx60bQaBZC1C1GYEWbcEuI7yBI4N0Z_aiPcCJIE-wS3hWClS6jXnfMVcE7TcRxH5tHErC-D3LkwcQnvmj2Vgk39Z6WtTUmLZ_IxgJCf96Oys1lUbU0IqmLmsbaILsKXCoHeit8D0%26__tn__%3D*NK-R&amp;source=gmail&amp;ust=1603152847191000&amp;usg=AFQjCNH2VjkM7JyU0tvvEg5MBu_Zz4l7Jw\">#covid_19<\/a> <a href=\"https:\/\/www.facebook.com\/hashtag\/pandemia?__eep__=6&amp;__cft__[0]=AZWL_DoOqAGW_1l_Hty5RhIJfhtKZg2JWBgtQPgiQF4wy_Q0eqhsoAhEHzsbx60bQaBZC1C1GYEWbcEuI7yBI4N0Z_aiPcCJIE-wS3hWClS6jXnfMVcE7TcRxH5tHErC-D3LkwcQnvmj2Vgk39Z6WtTUmLZ_IxgJCf96Oys1lUbU0IqmLmsbaILsKXCoHeit8D0&amp;__tn__=*NK-R\" data-saferedirecturl=\"https:\/\/www.google.com\/url?q=https:\/\/www.facebook.com\/hashtag\/pandemia?__eep__%3D6%26__cft__%5B0%5D%3DAZWL_DoOqAGW_1l_Hty5RhIJfhtKZg2JWBgtQPgiQF4wy_Q0eqhsoAhEHzsbx60bQaBZC1C1GYEWbcEuI7yBI4N0Z_aiPcCJIE-wS3hWClS6jXnfMVcE7TcRxH5tHErC-D3LkwcQnvmj2Vgk39Z6WtTUmLZ_IxgJCf96Oys1lUbU0IqmLmsbaILsKXCoHeit8D0%26__tn__%3D*NK-R&amp;source=gmail&amp;ust=1603152847191000&amp;usg=AFQjCNFgFYLJRz9DhuadZ5AurG0MUDDMxg\">#pandemia<\/a> <a href=\"https:\/\/www.facebook.com\/hashtag\/saudemental?__eep__=6&amp;__cft__[0]=AZWL_DoOqAGW_1l_Hty5RhIJfhtKZg2JWBgtQPgiQF4wy_Q0eqhsoAhEHzsbx60bQaBZC1C1GYEWbcEuI7yBI4N0Z_aiPcCJIE-wS3hWClS6jXnfMVcE7TcRxH5tHErC-D3LkwcQnvmj2Vgk39Z6WtTUmLZ_IxgJCf96Oys1lUbU0IqmLmsbaILsKXCoHeit8D0&amp;__tn__=*NK-R\" data-saferedirecturl=\"https:\/\/www.google.com\/url?q=https:\/\/www.facebook.com\/hashtag\/saudemental?__eep__%3D6%26__cft__%5B0%5D%3DAZWL_DoOqAGW_1l_Hty5RhIJfhtKZg2JWBgtQPgiQF4wy_Q0eqhsoAhEHzsbx60bQaBZC1C1GYEWbcEuI7yBI4N0Z_aiPcCJIE-wS3hWClS6jXnfMVcE7TcRxH5tHErC-D3LkwcQnvmj2Vgk39Z6WtTUmLZ_IxgJCf96Oys1lUbU0IqmLmsbaILsKXCoHeit8D0%26__tn__%3D*NK-R&amp;source=gmail&amp;ust=1603152847191000&amp;usg=AFQjCNFDoLrV-u-JV2qJ9tS0SnuHRs3wpA\">#saudemental<\/a> <a href=\"https:\/\/www.facebook.com\/hashtag\/psiquiatria?__eep__=6&amp;__cft__[0]=AZWL_DoOqAGW_1l_Hty5RhIJfhtKZg2JWBgtQPgiQF4wy_Q0eqhsoAhEHzsbx60bQaBZC1C1GYEWbcEuI7yBI4N0Z_aiPcCJIE-wS3hWClS6jXnfMVcE7TcRxH5tHErC-D3LkwcQnvmj2Vgk39Z6WtTUmLZ_IxgJCf96Oys1lUbU0IqmLmsbaILsKXCoHeit8D0&amp;__tn__=*NK-R\" data-saferedirecturl=\"https:\/\/www.google.com\/url?q=https:\/\/www.facebook.com\/hashtag\/psiquiatria?__eep__%3D6%26__cft__%5B0%5D%3DAZWL_DoOqAGW_1l_Hty5RhIJfhtKZg2JWBgtQPgiQF4wy_Q0eqhsoAhEHzsbx60bQaBZC1C1GYEWbcEuI7yBI4N0Z_aiPcCJIE-wS3hWClS6jXnfMVcE7TcRxH5tHErC-D3LkwcQnvmj2Vgk39Z6WtTUmLZ_IxgJCf96Oys1lUbU0IqmLmsbaILsKXCoHeit8D0%26__tn__%3D*NK-R&amp;source=gmail&amp;ust=1603152847191000&amp;usg=AFQjCNEflasTJjwHbP6uwP6ZBx1wyL3Z7Q\">#psiquiatria<\/a> <a href=\"https:\/\/www.facebook.com\/hashtag\/ufsm?__eep__=6&amp;__cft__[0]=AZWL_DoOqAGW_1l_Hty5RhIJfhtKZg2JWBgtQPgiQF4wy_Q0eqhsoAhEHzsbx60bQaBZC1C1GYEWbcEuI7yBI4N0Z_aiPcCJIE-wS3hWClS6jXnfMVcE7TcRxH5tHErC-D3LkwcQnvmj2Vgk39Z6WtTUmLZ_IxgJCf96Oys1lUbU0IqmLmsbaILsKXCoHeit8D0&amp;__tn__=*NK-R\" data-saferedirecturl=\"https:\/\/www.google.com\/url?q=https:\/\/www.facebook.com\/hashtag\/ufsm?__eep__%3D6%26__cft__%5B0%5D%3DAZWL_DoOqAGW_1l_Hty5RhIJfhtKZg2JWBgtQPgiQF4wy_Q0eqhsoAhEHzsbx60bQaBZC1C1GYEWbcEuI7yBI4N0Z_aiPcCJIE-wS3hWClS6jXnfMVcE7TcRxH5tHErC-D3LkwcQnvmj2Vgk39Z6WtTUmLZ_IxgJCf96Oys1lUbU0IqmLmsbaILsKXCoHeit8D0%26__tn__%3D*NK-R&amp;source=gmail&amp;ust=1603152847191000&amp;usg=AFQjCNFA740qlCTazVc5vqAlpRYDAvY30A\">#ufsm<\/a><\/p>\n<p><strong>DESCRI\u00c7\u00c3O DA IMAGEM I (em anexo): <\/strong>imagem em formato quadrado, com fundo na cor bege. No \u00e2ngulo superior esquerdo e no \u00e2ngulo inferior direito, h\u00e1 uma arte gr\u00e1fica, formada por uma linha circular e um n\u00facleo, ambos na cor roxa. Na parte superior, l\u00ea-se \u201cLIVE\u201d, em letras mai\u00fasculas, na cor roxa. \u00c0 direita, na mesma linha horizontal, um abaixo do outro, h\u00e1 o logo do Facebook (quadrado azul, de \u00e2ngulos arredondados, com a letra F min\u00fascula ao centro, na cor branca) e o logo do Youtube (ret\u00e2ngulo vermelho, de \u00e2ngulos arredondadas, com um tri\u00e2ngulo branco ao centro, indicando \u00e0 direita). Em seguida, no mesmo sentido, h\u00e1 o logo do projeto COVID Psiq (rosto humano, de perfil, delineado na cor roxa, com a imagem de uma \u00e1rvore, cuja copa est\u00e1 no lugar do c\u00e9rebro) e o bras\u00e3o da Universidade Federal de Santa Maria (UFSM), formado pelos seguintes elementos: tr\u00eas archotes de fogo, que simbolizam os tr\u00eas pilares da universidade: ensino, pesquisa e extens\u00e3o; a flor-de-lis, simbolizando a purifica\u00e7\u00e3o, e os archotes com a chama do conhecimento, representando a luz que ilumina o caminho para a sabedoria; o bras\u00e3o, denotando moral e respeito; a frase em latim \u201cSedes Sapientiae\u201d, que significa sede (lugar, casa) da sabedoria*. Na base do bras\u00e3o, h\u00e1 a sigla CAEd (Coordenadoria de A\u00e7\u00f5es Educacionais). Abaixo, l\u00ea-se o t\u00edtulo da live, \u201cViol\u00eancia no contexto da pandemia\u201d. Abaixo, centralizadas, distribu\u00eddas em duas linhas, h\u00e1 as informa\u00e7\u00f5es sobre data e hor\u00e1rio do evento, \u201cDia 20 de outubro\u201d, \u201c20h\u201d. Na base da imagem, l\u00eaem-se as informa\u00e7\u00f5es sobre o acesso \u00e0 transmiss\u00e3o da live: \u201cPara acompanhar, acesse <a href=\"http:\/\/youtube.com\/c\/covidpsiq\" data-saferedirecturl=\"https:\/\/www.google.com\/url?q=http:\/\/youtube.com\/c\/covidpsiq&amp;source=gmail&amp;ust=1603152847192000&amp;usg=AFQjCNHrBYGoh7v2d5fo-zeCvwRI3Xns4g\">youtube.com\/c\/covidpsiq<\/a> ou nosso Facebook COVIDPsiq\u201d. *Fonte da descri\u00e7\u00e3o do bras\u00e3o da UFSM: Identidade Visual (<a href=\"https:\/\/www.ufsm.br\/identidade-institucional\/\" data-saferedirecturl=\"https:\/\/www.google.com\/url?q=https:\/\/www.ufsm.br\/identidade-institucional\/&amp;source=gmail&amp;ust=1603152847192000&amp;usg=AFQjCNFWR6kjNrqOLUKhB1aLKWcP1aF57w\">https:\/\/www.ufsm.br\/identidade-institucional\/<\/a>), em 11 de outubro de 2020.<\/p>\n<p><img fetchpriority=\"high\" decoding=\"async\" class=\"alignnone size-medium wp-image-3525 aligncenter\" src=\"https:\/\/www.ufsm.br\/app\/uploads\/sites\/391\/2020\/10\/LIVE-20-DE-OUTUBRO-DE-2020-I-300x300.jpg\" alt=\"\" width=\"300\" height=\"300\" srcset=\"https:\/\/www.ufsm.br\/app\/uploads\/sites\/391\/2020\/10\/LIVE-20-DE-OUTUBRO-DE-2020-I-300x300.jpg 300w, https:\/\/www.ufsm.br\/app\/uploads\/sites\/391\/2020\/10\/LIVE-20-DE-OUTUBRO-DE-2020-I-1024x1024.jpg 1024w, https:\/\/www.ufsm.br\/app\/uploads\/sites\/391\/2020\/10\/LIVE-20-DE-OUTUBRO-DE-2020-I-150x150.jpg 150w, https:\/\/www.ufsm.br\/app\/uploads\/sites\/391\/2020\/10\/LIVE-20-DE-OUTUBRO-DE-2020-I-768x768.jpg 768w, https:\/\/www.ufsm.br\/app\/uploads\/sites\/391\/2020\/10\/LIVE-20-DE-OUTUBRO-DE-2020-I.jpg 1080w\" sizes=\"(max-width: 300px) 100vw, 300px\" \/><\/p>\n<p><strong>DESCRI\u00c7\u00c3O DA IMAGEM II (em anexo): <\/strong>imagem em formato quadrado, com fundo na cor bege. No \u00e2ngulo superior esquerdo e no \u00e2ngulo inferior direito, h\u00e1 uma arte gr\u00e1fica, formada por uma linha circular e um n\u00facleo, ambos na cor roxa. Na parte superior, em letras mai\u00fasculas, na cor roxa, l\u00ea-se: \u201cPARTICIPANTES\u201d. Abaixo, dentro de c\u00edrculos, com bordas roxas, h\u00e1 as fotos dos ministrantes da live. No sentido da esquerda para a direita, na primeira linha de distribui\u00e7\u00e3o, h\u00e1 a foto da Profa. Dra. Andrea Feij\u00f3 de Mello, psiquiatra, tratando-se de mulher de pele branca, cabelos lisos, castanhos e na altura do pesco\u00e7o, express\u00e3o sorridente, vestindo blusa e cardig\u00e3 brancos. Em seguida, h\u00e1 a foto de D\u00e9bora Aparecida Dias, delegada de pol\u00edcia, tratando-se de mulher de pele clara, cabelos lisos e loiros, com franja, express\u00e3o sorridente e vestindo blusa preta. Na sequ\u00eancia, h\u00e1 a foto de Alcina Juliana Soares Barros, psiquiatra forense, tratando-se de mulher de pele clara, cabelos loiros, vestindo blusa e cardig\u00e3 brancos. Abaixo, da esquerda para a direita, h\u00e1 a foto de Juliana Motta, jornalista, tratando-se de mulher de pele clara, cabelos loiros e lisos at\u00e9 os ombros, com um leve sorriso e vestindo blusa lil\u00e1s. \u00c0 direita, h\u00e1 a foto do Prof. Dr. Vitor Crestani Calegaro, psiquiatra, tratando de homem de pele clara, cabelos curtos e castanhos e express\u00e3o sorridente. Usa \u00f3culos de grau e barba. Veste camisa social bege, blusa pull over, nas cores marrom e preta, e casaco preto. A identifica\u00e7\u00e3o dos ministrantes encontra-se abaixo das respectivas fotografias.<\/p>\n<p>\u00a0<\/p>\n<p><img decoding=\"async\" class=\"size-medium wp-image-3526 aligncenter\" src=\"https:\/\/www.ufsm.br\/app\/uploads\/sites\/391\/2020\/10\/LIVE-20-DE-OUTUBRO-DE-2020-II-300x300.jpg\" alt=\"\" width=\"300\" height=\"300\" srcset=\"https:\/\/www.ufsm.br\/app\/uploads\/sites\/391\/2020\/10\/LIVE-20-DE-OUTUBRO-DE-2020-II-300x300.jpg 300w, https:\/\/www.ufsm.br\/app\/uploads\/sites\/391\/2020\/10\/LIVE-20-DE-OUTUBRO-DE-2020-II-1024x1024.jpg 1024w, https:\/\/www.ufsm.br\/app\/uploads\/sites\/391\/2020\/10\/LIVE-20-DE-OUTUBRO-DE-2020-II-150x150.jpg 150w, https:\/\/www.ufsm.br\/app\/uploads\/sites\/391\/2020\/10\/LIVE-20-DE-OUTUBRO-DE-2020-II-768x768.jpg 768w, https:\/\/www.ufsm.br\/app\/uploads\/sites\/391\/2020\/10\/LIVE-20-DE-OUTUBRO-DE-2020-II.jpg 1080w\" sizes=\"(max-width: 300px) 100vw, 300px\" \/><\/p>\n","protected":false},"excerpt":{"rendered":"<p>A Universidade Federal de Santa Maria(UFSM)\/Coordenadoria de A\u00e7\u00f5es Educacionais(CAEd) e o projeto COVID Psiq convidam todos para assistirem \u00e0 live com a tem\u00e1tica \u201cViol\u00eancia no contexto da pandemia&#8221;, dia 20 de outubro, ter\u00e7a-feira, \u00e0s 20h00min. A Profa. Dra. Andrea de Abreu Feij\u00f3 de Mello possui doutorado em Ci\u00eancias M\u00e9dicas pela UNIFESP, com bolsa sandu\u00edche da [&hellip;]<\/p>\n","protected":false},"author":252,"featured_media":0,"comment_status":"closed","ping_status":"closed","sticky":false,"template":"","format":"standard","meta":{"footnotes":""},"categories":[1],"tags":[],"class_list":["post-3524","post","type-post","status-publish","format-standard","hentry","category-sem-categoria"],"acf":[],"_links":{"self":[{"href":"https:\/\/www.ufsm.br\/pro-reitorias\/prograd\/caed\/wp-json\/wp\/v2\/posts\/3524","targetHints":{"allow":["GET"]}}],"collection":[{"href":"https:\/\/www.ufsm.br\/pro-reitorias\/prograd\/caed\/wp-json\/wp\/v2\/posts"}],"about":[{"href":"https:\/\/www.ufsm.br\/pro-reitorias\/prograd\/caed\/wp-json\/wp\/v2\/types\/post"}],"author":[{"embeddable":true,"href":"https:\/\/www.ufsm.br\/pro-reitorias\/prograd\/caed\/wp-json\/wp\/v2\/users\/252"}],"replies":[{"embeddable":true,"href":"https:\/\/www.ufsm.br\/pro-reitorias\/prograd\/caed\/wp-json\/wp\/v2\/comments?post=3524"}],"version-history":[{"count":0,"href":"https:\/\/www.ufsm.br\/pro-reitorias\/prograd\/caed\/wp-json\/wp\/v2\/posts\/3524\/revisions"}],"wp:attachment":[{"href":"https:\/\/www.ufsm.br\/pro-reitorias\/prograd\/caed\/wp-json\/wp\/v2\/media?parent=3524"}],"wp:term":[{"taxonomy":"category","embeddable":true,"href":"https:\/\/www.ufsm.br\/pro-reitorias\/prograd\/caed\/wp-json\/wp\/v2\/categories?post=3524"},{"taxonomy":"post_tag","embeddable":true,"href":"https:\/\/www.ufsm.br\/pro-reitorias\/prograd\/caed\/wp-json\/wp\/v2\/tags?post=3524"}],"curies":[{"name":"wp","href":"https:\/\/api.w.org\/{rel}","templated":true}]}}