{"id":3538,"date":"2020-10-22T21:01:13","date_gmt":"2020-10-23T00:01:13","guid":{"rendered":"https:\/\/www.ufsm.br\/orgaos-executivos\/caed\/?p=3538"},"modified":"2020-10-22T21:01:17","modified_gmt":"2020-10-23T00:01:17","slug":"semana-do-servidor-2020","status":"publish","type":"post","link":"https:\/\/www.ufsm.br\/pro-reitorias\/prograd\/caed\/2020\/10\/22\/semana-do-servidor-2020","title":{"rendered":"Semana do Servidor 2020"},"content":{"rendered":"\n<p>A Universidade Federal de Santa Maria(UFSM)\/Coordenadoria de A\u00e7\u00f5es Educacionais(CAEd) divulga a Semana do Servidor 2020, que ocorrer\u00e1 de 26 de outubro a 06 de novembro de 2020, no modalidade on-line. Maiores informa\u00e7\u00f5es podem ser acessadas no link a seguir.<\/p>\n<p><blockquote class=\"wp-embedded-content\" data-secret=\"goismeZ2Lu\"><a href=\"https:\/\/www.ufsm.br\/pro-reitorias\/progep\/eventos\/semanadoservidor2020\">Semana do Servidor P\u00fablico 2020<\/a><\/blockquote><iframe class=\"wp-embedded-content\" sandbox=\"allow-scripts\" security=\"restricted\" style=\"position: absolute; clip: rect(1px, 1px, 1px, 1px);\" title=\"&#8220;Semana do Servidor P\u00fablico 2020&#8221; &#8212; PROGEP\" src=\"https:\/\/www.ufsm.br\/pro-reitorias\/progep\/eventos\/semanadoservidor2020\/embed#?secret=cO8id9k9YW#?secret=goismeZ2Lu\" data-secret=\"goismeZ2Lu\" width=\"500\" height=\"282\" frameborder=\"0\" marginwidth=\"0\" marginheight=\"0\" scrolling=\"no\"><\/iframe><\/p>\n","protected":false},"excerpt":{"rendered":"<p>A Universidade Federal de Santa Maria(UFSM)\/Coordenadoria de A\u00e7\u00f5es Educacionais(CAEd) divulga a Semana do Servidor 2020, que ocorrer\u00e1 de 26 de outubro a 06 de novembro de 2020, no modalidade on-line. Maiores informa\u00e7\u00f5es podem ser acessadas no link a seguir. Semana do Servidor P\u00fablico 2020<\/p>\n","protected":false},"author":252,"featured_media":0,"comment_status":"closed","ping_status":"closed","sticky":false,"template":"","format":"standard","meta":{"footnotes":""},"categories":[1],"tags":[],"class_list":["post-3538","post","type-post","status-publish","format-standard","hentry","category-sem-categoria"],"acf":[],"_links":{"self":[{"href":"https:\/\/www.ufsm.br\/pro-reitorias\/prograd\/caed\/wp-json\/wp\/v2\/posts\/3538","targetHints":{"allow":["GET"]}}],"collection":[{"href":"https:\/\/www.ufsm.br\/pro-reitorias\/prograd\/caed\/wp-json\/wp\/v2\/posts"}],"about":[{"href":"https:\/\/www.ufsm.br\/pro-reitorias\/prograd\/caed\/wp-json\/wp\/v2\/types\/post"}],"author":[{"embeddable":true,"href":"https:\/\/www.ufsm.br\/pro-reitorias\/prograd\/caed\/wp-json\/wp\/v2\/users\/252"}],"replies":[{"embeddable":true,"href":"https:\/\/www.ufsm.br\/pro-reitorias\/prograd\/caed\/wp-json\/wp\/v2\/comments?post=3538"}],"version-history":[{"count":0,"href":"https:\/\/www.ufsm.br\/pro-reitorias\/prograd\/caed\/wp-json\/wp\/v2\/posts\/3538\/revisions"}],"wp:attachment":[{"href":"https:\/\/www.ufsm.br\/pro-reitorias\/prograd\/caed\/wp-json\/wp\/v2\/media?parent=3538"}],"wp:term":[{"taxonomy":"category","embeddable":true,"href":"https:\/\/www.ufsm.br\/pro-reitorias\/prograd\/caed\/wp-json\/wp\/v2\/categories?post=3538"},{"taxonomy":"post_tag","embeddable":true,"href":"https:\/\/www.ufsm.br\/pro-reitorias\/prograd\/caed\/wp-json\/wp\/v2\/tags?post=3538"}],"curies":[{"name":"wp","href":"https:\/\/api.w.org\/{rel}","templated":true}]}}