{"id":3539,"date":"2020-10-22T21:15:40","date_gmt":"2020-10-23T00:15:40","guid":{"rendered":"https:\/\/www.ufsm.br\/orgaos-executivos\/caed\/?p=3539"},"modified":"2020-10-22T21:31:25","modified_gmt":"2020-10-23T00:31:25","slug":"roda-de-conversa-dificuldades-e-transtornos-de-aprendizagem-na-educacao-profissional-e-superior-alternativas-e-adaptacoes-pedagogicas","status":"publish","type":"post","link":"https:\/\/www.ufsm.br\/pro-reitorias\/prograd\/caed\/2020\/10\/22\/roda-de-conversa-dificuldades-e-transtornos-de-aprendizagem-na-educacao-profissional-e-superior-alternativas-e-adaptacoes-pedagogicas","title":{"rendered":"Roda-de-conversa &#8211; Dificuldades e Transtornos de Aprendizagem na Educa\u00e7\u00e3o Profissional e Superior: Alternativas e Adapta\u00e7\u00f5es Pedag\u00f3gicas"},"content":{"rendered":"\n<p>A Universidade Federal de Santa Maria(UFSM)\/Coordenadoria de A\u00e7\u00f5es Educacionais(CAEd) convida para a roda-de-conversa intitulada Dificuldades e Transtornos de Aprendizagem na Educa\u00e7\u00e3o Profissional e Superior: Alternativas e Adapta\u00e7\u00f5es Pedag\u00f3gicas, a ser realizada <strong>dia 28 de outubro de 2020, \u00e0s 14h20min.\u00a0<\/strong><\/p>\n<p>Inscri\u00e7\u00f5es via formul\u00e1rio: <a href=\"https:\/\/forms.gle\/kGCEmfimZPYvQS2j7\" target=\"_blank\" rel=\"noopener noreferrer\" data-saferedirecturl=\"https:\/\/www.google.com\/url?q=https:\/\/forms.gle\/kGCEmfimZPYvQS2j7&amp;source=gmail&amp;ust=1603492022006000&amp;usg=AFQjCNFpAZHwac12eIO6VwG36bX7tECffQ\">https:\/\/forms.gle\/kGCEmfimZPYvQS2j7<\/a><\/p>\n<p style=\"text-align: left\"><strong>Descri\u00e7\u00e3o de imagem:<\/strong> No centro da imagem, est\u00e1 escrito \u201cRoda de Conversa\u201d e, abaixo, \u201cDificuldades e Transtornos de Aprendizagem na Educa\u00e7\u00e3o Profissional e Superior: alternativas e adapta\u00e7\u00f5es pedag\u00f3gicas\u201d em letras pretas. Ao fundo, h\u00e1 a imagem de um jovem rapaz, de perfil esquerdo, negro de cabelos curtos, usando camiseta preta, \u00f3culos de grau e rel\u00f3gio preto no punho esquerdo. Est\u00e1 com o cotovelo esquerdo apoiado sobre uma mesa e a m\u00e3o sobre a boca, enquanto realiza a leitura de um livro. O fundo da parte superior \u00e9 branco. Na parte inferior esquerda da imagem, est\u00e1 escrito em cinza escuro \u201cEducadoras especiais: Tarci\u00e9li Martins e Daiane Pereira\u201d; ao lado direito, l\u00ea-se \u201cConvidada: Leonora Carolina Soares Dornelles\u201d. O fundo da imagem \u00e9 em tom salm\u00e3o. Abaixo, centralizados, est\u00e3o a data e a hora do evento \u201c28\/10 \u201314h\u201d, escritos na cor branca. Logo abaixo, l\u00ea-se \u201cinscri\u00e7\u00f5es via formul\u00e1rio\u201d, em letras pretas, e h\u00e1 o logotipo comemorativo \u201cUFSM 60 anos\u201d, em azul, \u00e0 esquerda. \u00c0 direita, l\u00ea-se \u201cCAED Coordenadoria de A\u00e7\u00f5es Educacionais\u201d, em letras pretas.<\/p>\n<p><img fetchpriority=\"high\" decoding=\"async\" class=\"alignnone size-medium wp-image-3540 aligncenter\" src=\"https:\/\/www.ufsm.br\/app\/uploads\/sites\/391\/2020\/10\/DIFICULADES-DE-APRENDIZAGEM-212x300.jpg\" alt=\"\" width=\"212\" height=\"300\" srcset=\"https:\/\/www.ufsm.br\/app\/uploads\/sites\/391\/2020\/10\/DIFICULADES-DE-APRENDIZAGEM-212x300.jpg 212w, https:\/\/www.ufsm.br\/app\/uploads\/sites\/391\/2020\/10\/DIFICULADES-DE-APRENDIZAGEM-724x1024.jpg 724w, https:\/\/www.ufsm.br\/app\/uploads\/sites\/391\/2020\/10\/DIFICULADES-DE-APRENDIZAGEM-768x1086.jpg 768w, https:\/\/www.ufsm.br\/app\/uploads\/sites\/391\/2020\/10\/DIFICULADES-DE-APRENDIZAGEM-1086x1536.jpg 1086w, https:\/\/www.ufsm.br\/app\/uploads\/sites\/391\/2020\/10\/DIFICULADES-DE-APRENDIZAGEM-1448x2048.jpg 1448w, https:\/\/www.ufsm.br\/app\/uploads\/sites\/391\/2020\/10\/DIFICULADES-DE-APRENDIZAGEM.jpg 1587w\" sizes=\"(max-width: 212px) 100vw, 212px\" \/><\/p>\n<p>\u00a0<\/p>\n<p>\u00a0<\/p>\n<p>\u00a0<\/p>\n<p>\u00a0<\/p>\n<p>\u00a0<\/p>\n<p>\u00a0<\/p>\n<p>\u00a0<\/p>\n<p>\u00a0<\/p>\n","protected":false},"excerpt":{"rendered":"<p>A Universidade Federal de Santa Maria(UFSM)\/Coordenadoria de A\u00e7\u00f5es Educacionais(CAEd) convida para a roda-de-conversa intitulada Dificuldades e Transtornos de Aprendizagem na Educa\u00e7\u00e3o Profissional e Superior: Alternativas e Adapta\u00e7\u00f5es Pedag\u00f3gicas, a ser realizada dia 28 de outubro de 2020, \u00e0s 14h20min.\u00a0 Inscri\u00e7\u00f5es via formul\u00e1rio: https:\/\/forms.gle\/kGCEmfimZPYvQS2j7 Descri\u00e7\u00e3o de imagem: No centro da imagem, est\u00e1 escrito \u201cRoda de Conversa\u201d [&hellip;]<\/p>\n","protected":false},"author":252,"featured_media":0,"comment_status":"closed","ping_status":"closed","sticky":false,"template":"","format":"standard","meta":{"footnotes":""},"categories":[1],"tags":[],"class_list":["post-3539","post","type-post","status-publish","format-standard","hentry","category-sem-categoria"],"acf":[],"_links":{"self":[{"href":"https:\/\/www.ufsm.br\/pro-reitorias\/prograd\/caed\/wp-json\/wp\/v2\/posts\/3539","targetHints":{"allow":["GET"]}}],"collection":[{"href":"https:\/\/www.ufsm.br\/pro-reitorias\/prograd\/caed\/wp-json\/wp\/v2\/posts"}],"about":[{"href":"https:\/\/www.ufsm.br\/pro-reitorias\/prograd\/caed\/wp-json\/wp\/v2\/types\/post"}],"author":[{"embeddable":true,"href":"https:\/\/www.ufsm.br\/pro-reitorias\/prograd\/caed\/wp-json\/wp\/v2\/users\/252"}],"replies":[{"embeddable":true,"href":"https:\/\/www.ufsm.br\/pro-reitorias\/prograd\/caed\/wp-json\/wp\/v2\/comments?post=3539"}],"version-history":[{"count":0,"href":"https:\/\/www.ufsm.br\/pro-reitorias\/prograd\/caed\/wp-json\/wp\/v2\/posts\/3539\/revisions"}],"wp:attachment":[{"href":"https:\/\/www.ufsm.br\/pro-reitorias\/prograd\/caed\/wp-json\/wp\/v2\/media?parent=3539"}],"wp:term":[{"taxonomy":"category","embeddable":true,"href":"https:\/\/www.ufsm.br\/pro-reitorias\/prograd\/caed\/wp-json\/wp\/v2\/categories?post=3539"},{"taxonomy":"post_tag","embeddable":true,"href":"https:\/\/www.ufsm.br\/pro-reitorias\/prograd\/caed\/wp-json\/wp\/v2\/tags?post=3539"}],"curies":[{"name":"wp","href":"https:\/\/api.w.org\/{rel}","templated":true}]}}