{"id":3541,"date":"2020-10-27T03:59:38","date_gmt":"2020-10-27T06:59:38","guid":{"rendered":"https:\/\/www.ufsm.br\/orgaos-executivos\/caed\/?p=3541"},"modified":"2020-10-27T04:09:57","modified_gmt":"2020-10-27T07:09:57","slug":"live-covid-psiq-o-uso-de-alcool-e-drogas-na-pandemia","status":"publish","type":"post","link":"https:\/\/www.ufsm.br\/pro-reitorias\/prograd\/caed\/2020\/10\/27\/live-covid-psiq-o-uso-de-alcool-e-drogas-na-pandemia","title":{"rendered":"LIVE COVID Psiq: &#8220;O uso de \u00e1lcool e drogas na pandemia&#8221;"},"content":{"rendered":"\n<p>A Universidade Federal de Santa Maria(UFSM)\/Coordenadoria de A\u00e7\u00f5es Educacionais(CAEd) e o Projeto COVID Psiq convidam todos para assistirem \u00e0 live intitulada <strong>&#8220;O uso de \u00e1lcool e drogas na pandemia&#8221;,\u00a0<\/strong>a ser realizada\u00a0<strong>ter\u00e7a-feira, dia 27 de outubro de 2020, \u00e0s 20h00min.\u00a0<\/strong><\/p>\n<p>&#8220;Desde o in\u00edcio da pandemia da COVID-19 enfrentamos o desafio da adapta\u00e7\u00e3o a esse novo cen\u00e1rio, muitas vezes acompanhado de medo, estresse, incertezas e amea\u00e7a \u00e0 sa\u00fade. Esses fatores mudam significativamente a rotina de muitos indiv\u00edduos e, al\u00e9m disso, podem influenciar seus h\u00e1bitos, como o consumo de \u00e1lcool e drogas. Por isso, o tema da live dessa semana ser\u00e1 &#8220;O uso de \u00e1lcool e drogas na pandemia&#8221; pela Psiquiatra e Psicoterapeuta Nath\u00e1lia Janovik, pelo Psiquiatra Flavio Pechansky, pelo Psiquiatra F\u00e9lix Kessler e pela Jornalista Juliana Motta dia 27 de outubro, \u00e0s 20h.<\/p>\n<p>A Dra. Nath\u00e1lia Janovik \u00e9 M\u00e9dica Psiquiatra com \u00e1rea de atua\u00e7\u00e3o em Psiquiatria de Adi\u00e7\u00e3o (HCPA), al\u00e9m de especialista em Psicoterapia de Orienta\u00e7\u00e3o Anal\u00edtica pelo Centro de Estudos Luis Guedes e Doutora em Psiquiatria e Ci\u00eancias do Comportamento pela UFRGS.<\/p>\n<p>O Prof. Dr. Flavio Pechansky \u00e9 Psiquiatra com especializa\u00e7\u00e3o em depend\u00eancia qu\u00edmica, al\u00e9m de Professor Titular do Departamento de Psiquiatria da Universidade Federal do Rio Grande do Sul (UFRGS) e Diretor do Centro de Pesquisa em \u00c1lcool e Drogas do Hospital de Cl\u00ednicas de Porto Alegre (HCPA)\/ UFRGS.<\/p>\n<p>O Prof. F\u00e9lix Kessler \u00e9 M\u00e9dico Psiquiatra, com doutorado em Psiquiatria e Ci\u00eancias do Comportamento pela UFRGS. Atualmente, \u00e9 Chefe do Servi\u00e7o de Psiquiatria de Adi\u00e7\u00f5es do HCPA e Presidente do Centro de Estudos Lu\u00eds Guedes.<\/p>\n<p>A Me. Juliana Motta \u00e9 jornalista formada pela Universidade Federal de Santa Maria (UFSM) e, atualmente, \u00e9 doutoranda e Mestre pelo Programa de P\u00f3s-gradua\u00e7\u00e3o em Comunica\u00e7\u00e3o Midi\u00e1tica da UFSM.<\/p>\n<p>Esse evento est\u00e1 sendo promovido pela Coordenadoria de A\u00e7\u00f5es Educacionais &#8211; CAEd UFSM.<\/p>\n<p>Para acompanhar, acesse o link <a href=\"https:\/\/youtu.be\/-Ml61vA4JHM?fbclid=IwAR1BchqxSgfZfdinkzFY8DEEH9miA4dYiucD89azTak-Jd_lW0_5EUYvc1U\">https:\/\/youtu.be\/-Ml61vA4JHM<\/a> ou acesse nosso Facebook COVIDPsiq.<\/p>\n<p><span style=\"color: #000080\"><a style=\"color: #000080\" href=\"https:\/\/www.facebook.com\/hashtag\/coronavirus?__eep__=6&amp;__cft__%5b0%5d=AZXbP0xR96FB7aUFT3ARuPsX3TJm_kQMG33jTvduKNeXu7TBFnm3ZieOxQGoP3vAKOEK9ikUyPulNmJ0oyPzF_BK3-EVdd-67ClSzVi1_tgqglcsacysbtvxCLhI9OCl0OQVFZflSGvQ_Bvdq67w4XCop76rFtaAwfXVGkWSK5PfbkuAHgoEBH3XbsQC5yWVN_M&amp;__tn__=*NK-R\">#coronavirus<\/a> <a style=\"color: #000080\" href=\"https:\/\/www.facebook.com\/hashtag\/covid_19?__eep__=6&amp;__cft__%5b0%5d=AZXbP0xR96FB7aUFT3ARuPsX3TJm_kQMG33jTvduKNeXu7TBFnm3ZieOxQGoP3vAKOEK9ikUyPulNmJ0oyPzF_BK3-EVdd-67ClSzVi1_tgqglcsacysbtvxCLhI9OCl0OQVFZflSGvQ_Bvdq67w4XCop76rFtaAwfXVGkWSK5PfbkuAHgoEBH3XbsQC5yWVN_M&amp;__tn__=*NK-R\">#covid_19<\/a> <a style=\"color: #000080\" href=\"https:\/\/www.facebook.com\/hashtag\/pandemia?__eep__=6&amp;__cft__%5b0%5d=AZXbP0xR96FB7aUFT3ARuPsX3TJm_kQMG33jTvduKNeXu7TBFnm3ZieOxQGoP3vAKOEK9ikUyPulNmJ0oyPzF_BK3-EVdd-67ClSzVi1_tgqglcsacysbtvxCLhI9OCl0OQVFZflSGvQ_Bvdq67w4XCop76rFtaAwfXVGkWSK5PfbkuAHgoEBH3XbsQC5yWVN_M&amp;__tn__=*NK-R\">#pandemia<\/a> <a style=\"color: #000080\" href=\"https:\/\/www.facebook.com\/hashtag\/saudemental?__eep__=6&amp;__cft__%5b0%5d=AZXbP0xR96FB7aUFT3ARuPsX3TJm_kQMG33jTvduKNeXu7TBFnm3ZieOxQGoP3vAKOEK9ikUyPulNmJ0oyPzF_BK3-EVdd-67ClSzVi1_tgqglcsacysbtvxCLhI9OCl0OQVFZflSGvQ_Bvdq67w4XCop76rFtaAwfXVGkWSK5PfbkuAHgoEBH3XbsQC5yWVN_M&amp;__tn__=*NK-R\">#saudemental<\/a> <a style=\"color: #000080\" href=\"https:\/\/www.facebook.com\/hashtag\/psiquiatria?__eep__=6&amp;__cft__%5b0%5d=AZXbP0xR96FB7aUFT3ARuPsX3TJm_kQMG33jTvduKNeXu7TBFnm3ZieOxQGoP3vAKOEK9ikUyPulNmJ0oyPzF_BK3-EVdd-67ClSzVi1_tgqglcsacysbtvxCLhI9OCl0OQVFZflSGvQ_Bvdq67w4XCop76rFtaAwfXVGkWSK5PfbkuAHgoEBH3XbsQC5yWVN_M&amp;__tn__=*NK-R\">#psiquiatria <\/a>#ufsm&#8221;<\/span><\/p>\n<p><strong>Descri\u00e7\u00e3o de imagem (em anexo): <\/strong>imagem em formato quadrado, com o fundo da imagem na cor bege, com bordas formadas por linhas estreitas, na cor roxa, que se cruzam perpendicularmente, formando \u00e2ngulos retos nos quatro \u00e2ngulos da figura. No \u00e2ngulo superior esquerdo, l\u00ea-se \u201cLIVE\u201d, em letras mai\u00fasculas, na cor roxa. \u00c0 direita, na mesma linha horizontal, um abaixo do outro, h\u00e1 o logo do Facebook (quadrado azul, de \u00e2ngulos arredondados, com a letra F min\u00fascula ao centro, na cor branca) e o logo do Youtube (ret\u00e2ngulo vermelho, de \u00e2ngulos arredondadas, com um tri\u00e2ngulo branco ao centro, indicando \u00e0 direita). Em seguida, no mesmo sentido, h\u00e1 o logo do projeto COVID Psiq (rosto humano, de perfil, delineado na cor roxa, com a imagem de uma \u00e1rvore, cuja copa est\u00e1 no lugar do c\u00e9rebro) e o bras\u00e3o da Universidade Federal de Santa Maria (UFSM), formado pelos seguintes elementos: tr\u00eas archotes de fogo, que simbolizam os tr\u00eas pilares da universidade: ensino, pesquisa e extens\u00e3o; a flor-de-lis, simbolizando a purifica\u00e7\u00e3o, e os archotes com a chama do conhecimento, representando a luz que ilumina o caminho para a sabedoria; o bras\u00e3o, denotando moral e respeito; a frase em latim \u201cSedes Sapientiae\u201d, que significa sede (lugar, casa) da sabedoria*. Na base do bras\u00e3o, h\u00e1 a sigla CAEd (Coordenadoria de A\u00e7\u00f5es Educacionais). Abaixo, l\u00ea-se o t\u00edtulo da live, \u201cO uso de \u00e1lcool e drogas na pandemia\u201d. Abaixo, em linha horizontal, dentro de c\u00edrculos na cor roxa, h\u00e1 as fotos dos ministrantes da live. No sentido da esquerda para a direita, primeiramente, h\u00e1 a foto da Dra. Nath\u00e1lia Janovik, psiquiatra e psicoterapeuta. Trata-se de mulher de pele clara, cabelos castanhos e encaracolados na altura dos ombros, tendo express\u00e3o sorridente e vestindo blusa preta. Em seguida, h\u00e1 a foto do Prof. Dr. Flavio Pechansky, psiquiatra. Trata-se de homem de pele clara, cabelos curtos e castanhos e express\u00e3o sorridente. Veste palet\u00f3 marrom, camisa branca e gravata vermelha. Usa barba e \u00f3culos de grau. Na sequ\u00eancia, h\u00e1 a foto do Prof. F\u00e9lix Kessler, psiquiatra. Trata-se de homem de pele clara, cabelos e barbas castanhos, vestindo palet\u00f3 azul-marinho e camisa azul. A seguir, encontra-se a foto de Juliana Motta, jornalista, mulher de pele clara, cabelos loiros e lisos at\u00e9 os ombros, com um leve sorriso e vestindo blusa lil\u00e1s. A identifica\u00e7\u00e3o dos ministrantes encontra-se abaixo das respectivas fotografias. Abaixo, centralizado, h\u00e1 informa\u00e7\u00f5es sobre data e hor\u00e1rio de realiza\u00e7\u00e3o da live, \u201cDia 27 de outubro\u201d, \u201c20h\u201d. Na base da imagem, l\u00eaem-se as informa\u00e7\u00f5es sobre o acesso \u00e0 transmiss\u00e3o da live: \u201cPara acompanhar, acesse <a href=\"http:\/\/youtube.com\/c\/covidpsiq\">youtube.com\/c\/covidpsiq<\/a> ou nosso Facebook COVIDPsiq\u201d.*Fonte da descri\u00e7\u00e3o do bras\u00e3o da UFSM: Identidade Visual (<a href=\"https:\/\/www.ufsm.br\/identidade-institucional\/\">https:\/\/www.ufsm.br\/identidade-institucional\/<\/a>), em 27 de outubro de 2020.<\/p>\n<p>\u00a0<\/p>\n<p><img fetchpriority=\"high\" decoding=\"async\" class=\"alignnone size-medium wp-image-3542 aligncenter\" src=\"https:\/\/www.ufsm.br\/app\/uploads\/sites\/391\/2020\/10\/LIVE-27-DE-OUTUBRO-DE-2020-300x300.jpg\" alt=\"\" width=\"300\" height=\"300\" srcset=\"https:\/\/www.ufsm.br\/app\/uploads\/sites\/391\/2020\/10\/LIVE-27-DE-OUTUBRO-DE-2020-300x300.jpg 300w, https:\/\/www.ufsm.br\/app\/uploads\/sites\/391\/2020\/10\/LIVE-27-DE-OUTUBRO-DE-2020-1024x1024.jpg 1024w, https:\/\/www.ufsm.br\/app\/uploads\/sites\/391\/2020\/10\/LIVE-27-DE-OUTUBRO-DE-2020-150x150.jpg 150w, https:\/\/www.ufsm.br\/app\/uploads\/sites\/391\/2020\/10\/LIVE-27-DE-OUTUBRO-DE-2020-768x768.jpg 768w, https:\/\/www.ufsm.br\/app\/uploads\/sites\/391\/2020\/10\/LIVE-27-DE-OUTUBRO-DE-2020.jpg 1080w\" sizes=\"(max-width: 300px) 100vw, 300px\" \/><\/p>\n","protected":false},"excerpt":{"rendered":"<p>A Universidade Federal de Santa Maria(UFSM)\/Coordenadoria de A\u00e7\u00f5es Educacionais(CAEd) e o Projeto COVID Psiq convidam todos para assistirem \u00e0 live intitulada &#8220;O uso de \u00e1lcool e drogas na pandemia&#8221;,\u00a0a ser realizada\u00a0ter\u00e7a-feira, dia 27 de outubro de 2020, \u00e0s 20h00min.\u00a0 &#8220;Desde o in\u00edcio da pandemia da COVID-19 enfrentamos o desafio da adapta\u00e7\u00e3o a esse novo cen\u00e1rio, [&hellip;]<\/p>\n","protected":false},"author":252,"featured_media":0,"comment_status":"closed","ping_status":"closed","sticky":false,"template":"","format":"standard","meta":{"footnotes":""},"categories":[1],"tags":[],"class_list":["post-3541","post","type-post","status-publish","format-standard","hentry","category-sem-categoria"],"acf":[],"_links":{"self":[{"href":"https:\/\/www.ufsm.br\/pro-reitorias\/prograd\/caed\/wp-json\/wp\/v2\/posts\/3541","targetHints":{"allow":["GET"]}}],"collection":[{"href":"https:\/\/www.ufsm.br\/pro-reitorias\/prograd\/caed\/wp-json\/wp\/v2\/posts"}],"about":[{"href":"https:\/\/www.ufsm.br\/pro-reitorias\/prograd\/caed\/wp-json\/wp\/v2\/types\/post"}],"author":[{"embeddable":true,"href":"https:\/\/www.ufsm.br\/pro-reitorias\/prograd\/caed\/wp-json\/wp\/v2\/users\/252"}],"replies":[{"embeddable":true,"href":"https:\/\/www.ufsm.br\/pro-reitorias\/prograd\/caed\/wp-json\/wp\/v2\/comments?post=3541"}],"version-history":[{"count":0,"href":"https:\/\/www.ufsm.br\/pro-reitorias\/prograd\/caed\/wp-json\/wp\/v2\/posts\/3541\/revisions"}],"wp:attachment":[{"href":"https:\/\/www.ufsm.br\/pro-reitorias\/prograd\/caed\/wp-json\/wp\/v2\/media?parent=3541"}],"wp:term":[{"taxonomy":"category","embeddable":true,"href":"https:\/\/www.ufsm.br\/pro-reitorias\/prograd\/caed\/wp-json\/wp\/v2\/categories?post=3541"},{"taxonomy":"post_tag","embeddable":true,"href":"https:\/\/www.ufsm.br\/pro-reitorias\/prograd\/caed\/wp-json\/wp\/v2\/tags?post=3541"}],"curies":[{"name":"wp","href":"https:\/\/api.w.org\/{rel}","templated":true}]}}