{"id":3550,"date":"2020-10-30T20:59:04","date_gmt":"2020-10-30T23:59:04","guid":{"rendered":"https:\/\/www.ufsm.br\/orgaos-executivos\/caed\/?p=3550"},"modified":"2020-10-30T20:59:06","modified_gmt":"2020-10-30T23:59:06","slug":"live-covid-psiq-saude-mental-dos-idosos-na-pandemia-de-covid-19","status":"publish","type":"post","link":"https:\/\/www.ufsm.br\/pro-reitorias\/prograd\/caed\/2020\/10\/30\/live-covid-psiq-saude-mental-dos-idosos-na-pandemia-de-covid-19","title":{"rendered":"LIVE COVID Psiq: &#8220;Sa\u00fade mental dos idosos na pandemia de COVID-19&#8221;"},"content":{"rendered":"\n<p>A Universidade Federal de Santa Maria(UFSM)\/Coordenadoria de A\u00e7\u00f5es Educacionais(CAEd) convida todos para assistirem \u00e0 live COVID Psiq &#8220;<b>Sa\u00fade mental dos idosos na pandemia de COVID-19&#8243;,\u00a0<\/b>na ter\u00e7a-feira, dia 03 de novembro de 2020, \u00e0s 20h00min.<\/p>\n<p><b>Descri\u00e7\u00e3o de imagem:\u00a0<\/b>imagem em formato quadrado, com o fundo da imagem na cor bege, com bordas formadas por ondula\u00e7\u00f5es na cor roxa, com efeito de bolhas de ar. No \u00e2ngulo superior esquerdo, l\u00ea-se \u201cLIVE\u201d, em letras mai\u00fasculas, na cor roxa. \u00c0 direita, na mesma linha horizontal, um abaixo do outro, h\u00e1 o logo do Facebook (quadrado azul, de \u00e2ngulos arredondados, com a letra F min\u00fascula ao centro, na cor branca)\u00a0e o logo do Youtube (ret\u00e2ngulo vermelho, de \u00e2ngulos arredondadas, com um tri\u00e2ngulo branco ao centro, indicando \u00e0 direita). Em seguida, no mesmo sentido, h\u00e1 o logo do projeto COVID Psiq (rosto humano, de perfil, delineado na cor roxa, com a imagem de uma \u00e1rvore, cuja copa est\u00e1 no lugar do c\u00e9rebro) e o bras\u00e3o da Universidade Federal de Santa Maria (UFSM), formado pelos seguintes elementos:\u00a0tr\u00eas archotes de fogo, que simbolizam os tr\u00eas pilares da universidade: ensino, pesquisa e extens\u00e3o;\u00a0a flor-de-lis, simbolizando a purifica\u00e7\u00e3o, e os archotes com a chama do conhecimento, representando a luz que ilumina o caminho para a sabedoria;\u00a0o bras\u00e3o, denotando moral e respeito; a frase em latim \u201cSedes Sapientiae\u201d, que significa sede (lugar, casa) da sabedoria*. Na base do bras\u00e3o, h\u00e1 a sigla CAEd (Coordenadoria de A\u00e7\u00f5es Educacionais). Abaixo, l\u00ea-se o t\u00edtulo da live, \u201cSa\u00fade mental dos idosos na pandemia de COVID-19\u201d.\u00a0Abaixo, em linha horizontal, dentro de c\u00edrculos na cor roxa, h\u00e1 as fotos dos ministrantes da live. No sentido da esquerda para a direita, primeiramente, h\u00e1 a foto de Bruno Luiz Guidolin, m\u00e9dico psiquiatra, tratando-se de homem de pele clara, cabelo e barba castanhos, express\u00e3o sorridente, usando \u00f3culos de grau, camisa social branca, palet\u00f3 e gravata na cor azul-marinho. \u00c0 direita, h\u00e1 a foto da Profa. Dra. Melissa Agostini Lampert, m\u00e9dica geriatra, tratando-se de mulher de pele clara, cabelos lisos e castanhos na altura dos ombros, express\u00e3o sorridente e vestindo blusa de gola alta marrom. Na sequ\u00eancia, h\u00e1 a foto do Prof. Dr. Vitor Crestani Calegaro, m\u00e9dico psiquiatra,\u00a0tratando de\u00a0homem de pele clara, cabelos curtos e castanhos e express\u00e3o sorridente. Usa \u00f3culos de grau e barba. Veste camisa social bege, blusa pull over, nas cores marrom e preta, e casaco preto. Por \u00faltimo, encontra-se a foto de Juliana Motta, jornalista, mulher de pele clara, cabelos loiros e lisos at\u00e9 os ombros, com um leve sorriso e vestindo blusa lil\u00e1s. A identifica\u00e7\u00e3o dos ministrantes encontra-se abaixo das respectivas fotografias. Abaixo, centralizado, h\u00e1 informa\u00e7\u00f5es sobre data e hor\u00e1rio de realiza\u00e7\u00e3o da live, \u201cDia 3 de novembro\u201d, \u201c20h\u201d. Na base da imagem, l\u00eaem-se as informa\u00e7\u00f5es sobre o acesso \u00e0 transmiss\u00e3o da live: \u201cPara acompanhar, acesse\u00a0<a href=\"http:\/\/youtube.com\/c\/covidpsiq\" target=\"_blank\" rel=\"noopener noreferrer\" data-saferedirecturl=\"https:\/\/www.google.com\/url?q=http:\/\/youtube.com\/c\/covidpsiq&amp;source=gmail&amp;ust=1604188109231000&amp;usg=AFQjCNGS9UfR2oWZrBI9nJjJBJr-_MALow\">youtube.com\/c\/covidpsiq<\/a>\u00a0ou nosso Facebook COVIDPsiq\u201d.*Fonte da descri\u00e7\u00e3o do bras\u00e3o da UFSM: Identidade Visual (<a href=\"https:\/\/www.ufsm.br\/identidade-institucional\/\" target=\"_blank\" rel=\"noopener noreferrer\" data-saferedirecturl=\"https:\/\/www.google.com\/url?q=https:\/\/www.ufsm.br\/identidade-institucional\/&amp;source=gmail&amp;ust=1604188109232000&amp;usg=AFQjCNFGUsmguVPv1n5stIJ_OeZqP48Xww\">https:\/\/www.ufsm.br\/identidade-institucional\/<\/a>), em 29 de outubro de 2020.<\/p>\n<p><img fetchpriority=\"high\" decoding=\"async\" class=\"alignnone size-medium wp-image-3551 aligncenter\" src=\"https:\/\/www.ufsm.br\/app\/uploads\/sites\/391\/2020\/10\/19-LIVE-03-DE-NOVEMBRO-DE-2020-300x300.jpeg\" alt=\"\" width=\"300\" height=\"300\" srcset=\"https:\/\/www.ufsm.br\/app\/uploads\/sites\/391\/2020\/10\/19-LIVE-03-DE-NOVEMBRO-DE-2020-300x300.jpeg 300w, https:\/\/www.ufsm.br\/app\/uploads\/sites\/391\/2020\/10\/19-LIVE-03-DE-NOVEMBRO-DE-2020-1024x1024.jpeg 1024w, https:\/\/www.ufsm.br\/app\/uploads\/sites\/391\/2020\/10\/19-LIVE-03-DE-NOVEMBRO-DE-2020-150x150.jpeg 150w, https:\/\/www.ufsm.br\/app\/uploads\/sites\/391\/2020\/10\/19-LIVE-03-DE-NOVEMBRO-DE-2020-768x768.jpeg 768w, https:\/\/www.ufsm.br\/app\/uploads\/sites\/391\/2020\/10\/19-LIVE-03-DE-NOVEMBRO-DE-2020.jpeg 1080w\" sizes=\"(max-width: 300px) 100vw, 300px\" \/><\/p>\n","protected":false},"excerpt":{"rendered":"<p>A Universidade Federal de Santa Maria(UFSM)\/Coordenadoria de A\u00e7\u00f5es Educacionais(CAEd) convida todos para assistirem \u00e0 live COVID Psiq &#8220;Sa\u00fade mental dos idosos na pandemia de COVID-19&#8243;,\u00a0na ter\u00e7a-feira, dia 03 de novembro de 2020, \u00e0s 20h00min. Descri\u00e7\u00e3o de imagem:\u00a0imagem em formato quadrado, com o fundo da imagem na cor bege, com bordas formadas por ondula\u00e7\u00f5es na cor [&hellip;]<\/p>\n","protected":false},"author":252,"featured_media":0,"comment_status":"closed","ping_status":"closed","sticky":false,"template":"","format":"standard","meta":{"footnotes":""},"categories":[1],"tags":[],"class_list":["post-3550","post","type-post","status-publish","format-standard","hentry","category-sem-categoria"],"acf":[],"_links":{"self":[{"href":"https:\/\/www.ufsm.br\/pro-reitorias\/prograd\/caed\/wp-json\/wp\/v2\/posts\/3550","targetHints":{"allow":["GET"]}}],"collection":[{"href":"https:\/\/www.ufsm.br\/pro-reitorias\/prograd\/caed\/wp-json\/wp\/v2\/posts"}],"about":[{"href":"https:\/\/www.ufsm.br\/pro-reitorias\/prograd\/caed\/wp-json\/wp\/v2\/types\/post"}],"author":[{"embeddable":true,"href":"https:\/\/www.ufsm.br\/pro-reitorias\/prograd\/caed\/wp-json\/wp\/v2\/users\/252"}],"replies":[{"embeddable":true,"href":"https:\/\/www.ufsm.br\/pro-reitorias\/prograd\/caed\/wp-json\/wp\/v2\/comments?post=3550"}],"version-history":[{"count":0,"href":"https:\/\/www.ufsm.br\/pro-reitorias\/prograd\/caed\/wp-json\/wp\/v2\/posts\/3550\/revisions"}],"wp:attachment":[{"href":"https:\/\/www.ufsm.br\/pro-reitorias\/prograd\/caed\/wp-json\/wp\/v2\/media?parent=3550"}],"wp:term":[{"taxonomy":"category","embeddable":true,"href":"https:\/\/www.ufsm.br\/pro-reitorias\/prograd\/caed\/wp-json\/wp\/v2\/categories?post=3550"},{"taxonomy":"post_tag","embeddable":true,"href":"https:\/\/www.ufsm.br\/pro-reitorias\/prograd\/caed\/wp-json\/wp\/v2\/tags?post=3550"}],"curies":[{"name":"wp","href":"https:\/\/api.w.org\/{rel}","templated":true}]}}