{"id":3552,"date":"2020-10-30T21:12:01","date_gmt":"2020-10-31T00:12:01","guid":{"rendered":"https:\/\/www.ufsm.br\/orgaos-executivos\/caed\/?p=3552"},"modified":"2020-11-03T09:47:41","modified_gmt":"2020-11-03T12:47:41","slug":"edital-para-selecao-de-membros-para-o-projeto-covid-psiq","status":"publish","type":"post","link":"https:\/\/www.ufsm.br\/pro-reitorias\/prograd\/caed\/2020\/10\/30\/edital-para-selecao-de-membros-para-o-projeto-covid-psiq","title":{"rendered":"Edital para sele\u00e7\u00e3o de membros para o projeto COVID Psiq"},"content":{"rendered":"\n<p>A Universidade Federal de Santa Maria(UFSM)\/Coordenadoria de A\u00e7\u00f5es Educacionais(CAEd) e o grupo de pesquisa, ensino e extens\u00e3o COVIDPsiq apresentam e declaram aberta a sele\u00e7\u00e3o para novos membros. O prazo de inscri\u00e7\u00f5es \u00e9 at\u00e9 04 de novembro de 2020, \u00e0s 23h59min.\u00a0<\/p>\n<p>Ser\u00e3o disponibilizadas 20 vagas, sendo 10 destinadas aos alunos de gradua\u00e7\u00e3o em Medicina e Psicologia da Universidade Federal de Santa Maria e 10 aos alunos dos programas de p\u00f3s-gradua\u00e7\u00e3o em Ci\u00eancias da Sa\u00fade e em Psicologia da UFSM.<\/p>\n<p>Inscri\u00e7\u00f5es no link a seguir: <a href=\"https:\/\/docs.google.com\/forms\/d\/e\/1FAIpQLSfO3ChVN6iizwEQ9u7t3nT5A9F0xdeKH--gdtzjDz03so_neQ\/viewform\">https:\/\/docs.google.com\/forms\/d\/e\/1FAIpQLSfO3ChVN6iizwEQ9u7t3nT5A9F0xdeKH&#8211;gdtzjDz03so_neQ\/viewform<\/a><\/p>\n<p>\u00a0<\/p>\n","protected":false},"excerpt":{"rendered":"<p>A Universidade Federal de Santa Maria(UFSM)\/Coordenadoria de A\u00e7\u00f5es Educacionais(CAEd) e o grupo de pesquisa, ensino e extens\u00e3o COVIDPsiq apresentam e declaram aberta a sele\u00e7\u00e3o para novos membros. O prazo de inscri\u00e7\u00f5es \u00e9 at\u00e9 04 de novembro de 2020, \u00e0s 23h59min.\u00a0 Ser\u00e3o disponibilizadas 20 vagas, sendo 10 destinadas aos alunos de gradua\u00e7\u00e3o em Medicina e Psicologia [&hellip;]<\/p>\n","protected":false},"author":252,"featured_media":0,"comment_status":"closed","ping_status":"closed","sticky":false,"template":"","format":"standard","meta":{"footnotes":""},"categories":[1],"tags":[],"class_list":["post-3552","post","type-post","status-publish","format-standard","hentry","category-sem-categoria"],"acf":[],"_links":{"self":[{"href":"https:\/\/www.ufsm.br\/pro-reitorias\/prograd\/caed\/wp-json\/wp\/v2\/posts\/3552","targetHints":{"allow":["GET"]}}],"collection":[{"href":"https:\/\/www.ufsm.br\/pro-reitorias\/prograd\/caed\/wp-json\/wp\/v2\/posts"}],"about":[{"href":"https:\/\/www.ufsm.br\/pro-reitorias\/prograd\/caed\/wp-json\/wp\/v2\/types\/post"}],"author":[{"embeddable":true,"href":"https:\/\/www.ufsm.br\/pro-reitorias\/prograd\/caed\/wp-json\/wp\/v2\/users\/252"}],"replies":[{"embeddable":true,"href":"https:\/\/www.ufsm.br\/pro-reitorias\/prograd\/caed\/wp-json\/wp\/v2\/comments?post=3552"}],"version-history":[{"count":0,"href":"https:\/\/www.ufsm.br\/pro-reitorias\/prograd\/caed\/wp-json\/wp\/v2\/posts\/3552\/revisions"}],"wp:attachment":[{"href":"https:\/\/www.ufsm.br\/pro-reitorias\/prograd\/caed\/wp-json\/wp\/v2\/media?parent=3552"}],"wp:term":[{"taxonomy":"category","embeddable":true,"href":"https:\/\/www.ufsm.br\/pro-reitorias\/prograd\/caed\/wp-json\/wp\/v2\/categories?post=3552"},{"taxonomy":"post_tag","embeddable":true,"href":"https:\/\/www.ufsm.br\/pro-reitorias\/prograd\/caed\/wp-json\/wp\/v2\/tags?post=3552"}],"curies":[{"name":"wp","href":"https:\/\/api.w.org\/{rel}","templated":true}]}}