{"id":3560,"date":"2020-11-08T21:56:59","date_gmt":"2020-11-09T00:56:59","guid":{"rendered":"https:\/\/www.ufsm.br\/orgaos-executivos\/caed\/?p=3560"},"modified":"2020-11-08T21:57:00","modified_gmt":"2020-11-09T00:57:00","slug":"live-covid-psiq-pandemia-e-infancia","status":"publish","type":"post","link":"https:\/\/www.ufsm.br\/pro-reitorias\/prograd\/caed\/2020\/11\/08\/live-covid-psiq-pandemia-e-infancia","title":{"rendered":"LIVE COVID Psiq: &#8220;PANDEMIA E INF\u00c2NCIA&#8221;"},"content":{"rendered":"\n<p>A Coordenadoria de A\u00e7\u00f5es Educacionais (CAEd) e o Projeto COVID Psiq convidam todos para assistirem \u00e0 live intitulada\u00a0<strong>&#8220;Pandemia e inf\u00e2ncia&#8221;<\/strong>, no dia\u00a0<strong>10 de novembro de 2020,\u00a0<\/strong>\u00e0s<strong>\u00a020h00min.<\/strong><\/p>\n<p>Para acompanhar, acesse\u00a0<a href=\"http:\/\/youtube.com\/c\/covidpsiq\">youtube.com\/c\/covidpsiq<\/a>\u00a0ou o Facebook COVIDPsiq.\u00a0<\/p>\n<p><strong>Descri\u00e7\u00e3o de imagem 01:\u00a0<\/strong>imagem em formato quadrado, com o fundo da imagem na cor bege, com bordas formadas por linhas retas, sendo que nos quatro \u00e2ngulos h\u00e1 pequenos c\u00edrculos, ladeados por tr\u00eas pontos, tanto no sentido horizontal quanto vertical, todos na cor roxa. No \u00e2ngulo superior esquerdo, l\u00ea-se \u201cLIVE\u201d, em letras mai\u00fasculas, na cor roxa. \u00c0 direita, na mesma linha horizontal, um abaixo do outro, h\u00e1 o logo do Facebook (quadrado azul, de \u00e2ngulos arredondados, com a letra F min\u00fascula ao centro, na cor branca)\u00a0e o logo do Youtube (ret\u00e2ngulo vermelho, de \u00e2ngulos arredondadas, com um tri\u00e2ngulo branco ao centro, indicando \u00e0 direita). Em seguida, no mesmo sentido, h\u00e1 o logo do projeto COVID Psiq (rosto humano, de perfil, delineado na cor roxa, com a imagem de uma \u00e1rvore, cuja copa est\u00e1 no lugar do c\u00e9rebro) e o bras\u00e3o da Universidade Federal de Santa Maria (UFSM), formado pelos seguintes elementos:\u00a0tr\u00eas archotes de fogo, que simbolizam os tr\u00eas pilares da universidade: ensino, pesquisa e extens\u00e3o;\u00a0a flor-de-lis, simbolizando a purifica\u00e7\u00e3o, e os archotes com a chama do conhecimento, representando a luz que ilumina o caminho para a sabedoria;\u00a0o bras\u00e3o, denotando moral e respeito; a frase em latim \u201cSedes Sapientiae\u201d, que significa sede (lugar, casa) da sabedoria*. Na base do bras\u00e3o, h\u00e1 a sigla CAEd (Coordenadoria de A\u00e7\u00f5es Educacionais). Abaixo, l\u00ea-se o t\u00edtulo da live, \u201cPandemia e Inf\u00e2ncia\u201d. Abaixo, h\u00e1 as informa\u00e7\u00f5es sobre a realiza\u00e7\u00e3o a acesso \u00e0 live, sendo estas: \u201cDia 10 de novembro\u201d, \u201c20h\u201d, \u201cPara acompanhar, acesse\u00a0<a href=\"http:\/\/youtube.com\/c\/covidpsiq\">youtube.com\/c\/covidpsiq<\/a>\u00a0ou nosso Facebook COVIDPsiq&#8221;. Entre a data e hor\u00e1rio, h\u00e1 as figuras de duas flechas, cujas pontas apontam uma para a outra, indicando tamb\u00e9m para o centro da imagem, onde h\u00e1 um ponto. Todas as informa\u00e7\u00f5es est\u00e3o na cor roxa. *Fonte da descri\u00e7\u00e3o do bras\u00e3o da UFSM: Identidade Visual (<a href=\"https:\/\/www.ufsm.br\/identidade-institucional\/\">https:\/\/www.ufsm.br\/identidade-institucional\/<\/a>), em 08 de novembro de 2020.<\/p>\n<p><img fetchpriority=\"high\" decoding=\"async\" class=\"alignnone size-medium wp-image-3561 aligncenter\" src=\"https:\/\/www.ufsm.br\/app\/uploads\/sites\/391\/2020\/11\/20-LIVE-10-DE-NOVEMBRO-1-300x300.png\" alt=\"\" width=\"300\" height=\"300\" srcset=\"https:\/\/www.ufsm.br\/app\/uploads\/sites\/391\/2020\/11\/20-LIVE-10-DE-NOVEMBRO-1-300x300.png 300w, https:\/\/www.ufsm.br\/app\/uploads\/sites\/391\/2020\/11\/20-LIVE-10-DE-NOVEMBRO-1-1024x1024.png 1024w, https:\/\/www.ufsm.br\/app\/uploads\/sites\/391\/2020\/11\/20-LIVE-10-DE-NOVEMBRO-1-150x150.png 150w, https:\/\/www.ufsm.br\/app\/uploads\/sites\/391\/2020\/11\/20-LIVE-10-DE-NOVEMBRO-1-768x768.png 768w, https:\/\/www.ufsm.br\/app\/uploads\/sites\/391\/2020\/11\/20-LIVE-10-DE-NOVEMBRO-1.png 1080w\" sizes=\"(max-width: 300px) 100vw, 300px\" \/><\/p>\n<p>\u00a0<\/p>\n<p><strong>Descri\u00e7\u00e3o de imagem 02:\u00a0<\/strong>imagem em formato quadrado, com o fundo da imagem na cor bege, com bordas formadas por linhas retas, sendo que nos quatro \u00e2ngulos h\u00e1 pequenos c\u00edrculos, ladeados por tr\u00eas pontos, tanto no sentido horizontal quanto vertical, todos na cor roxa. No \u00e2ngulo superior esquerdo, l\u00ea-se \u201cPARTICIPANTES\u201d. Abaixo, dentro de c\u00edrculos na cor roxa, h\u00e1 as fotos dos participantes da live, sendo tr\u00eas fotos na primeira linha e duas na segunda. A distribui\u00e7\u00e3o das fotos est\u00e1 no sentido da esquerda para a direita. A primeira foto \u00e9 da Profa. Fernanda Gabriel Santos, neuropediatra, tratando-se de mulher de pele clara, cabelos loiros na altura dos ombros, express\u00e3o sorridente, vestindo jaleco branco, usando brincos e corrente. Na sequ\u00eancia, h\u00e1 a foto da Profa. Dra. Margareth Bassol, psiquiatra da inf\u00e2ncia e adolesc\u00eancia, tratando-se de mulher de pele clara, cabelos loiros na altura do pesco\u00e7o, e express\u00e3o sorridente. Usa \u00f3culos de grau e multicolar de p\u00e9rolas. Em seguida, h\u00e1 a foto da Profa. Aline Quintal, psiquiatra da inf\u00e2ncia e adolesc\u00eancia, tratando-se de mulher de pele clara, cabelos longos e castanhos, express\u00e3o sorridente, com foto de semi-perfil, vestindo blusa preta de gola alta. Abaixo, \u00e1 esquerda, h\u00e1 a foto de Juliana Motta, jornalista, tratando-se mulher de pele clara, cabelos loiros e lisos at\u00e9 os ombros, com um leve sorriso e vestindo blusa lil\u00e1s. \u00c0 direita, h\u00e1 a foto do Prof. Dr. Vitor Crestani Calegaro, psiquiatra,\u00a0tratando de\u00a0homem de pele clara, cabelos curtos e castanhos e express\u00e3o sorridente. Usa \u00f3culos de grau e barba. Veste camisa social bege, blusa pull over, nas cores marrom e preta, e casaco preto. A identifica\u00e7\u00e3o dos participantes, em letras na cor roxa, encontra-se abaixo das fotos.\u00a0<\/p>\n<p><img decoding=\"async\" class=\"alignnone size-medium wp-image-3562 aligncenter\" src=\"https:\/\/www.ufsm.br\/app\/uploads\/sites\/391\/2020\/11\/20-LIVE-10-DE-NOVEMBRO-2-300x300.jpg\" alt=\"\" width=\"300\" height=\"300\" srcset=\"https:\/\/www.ufsm.br\/app\/uploads\/sites\/391\/2020\/11\/20-LIVE-10-DE-NOVEMBRO-2-300x300.jpg 300w, https:\/\/www.ufsm.br\/app\/uploads\/sites\/391\/2020\/11\/20-LIVE-10-DE-NOVEMBRO-2-1024x1024.jpg 1024w, https:\/\/www.ufsm.br\/app\/uploads\/sites\/391\/2020\/11\/20-LIVE-10-DE-NOVEMBRO-2-150x150.jpg 150w, https:\/\/www.ufsm.br\/app\/uploads\/sites\/391\/2020\/11\/20-LIVE-10-DE-NOVEMBRO-2-768x768.jpg 768w, https:\/\/www.ufsm.br\/app\/uploads\/sites\/391\/2020\/11\/20-LIVE-10-DE-NOVEMBRO-2.jpg 1080w\" sizes=\"(max-width: 300px) 100vw, 300px\" \/><\/p>\n<p>\u00a0<\/p>\n<p>\u00a0<\/p>\n","protected":false},"excerpt":{"rendered":"<p>A Coordenadoria de A\u00e7\u00f5es Educacionais (CAEd) e o Projeto COVID Psiq convidam todos para assistirem \u00e0 live intitulada\u00a0&#8220;Pandemia e inf\u00e2ncia&#8221;, no dia\u00a010 de novembro de 2020,\u00a0\u00e0s\u00a020h00min. Para acompanhar, acesse\u00a0youtube.com\/c\/covidpsiq\u00a0ou o Facebook COVIDPsiq.\u00a0 Descri\u00e7\u00e3o de imagem 01:\u00a0imagem em formato quadrado, com o fundo da imagem na cor bege, com bordas formadas por linhas retas, sendo que [&hellip;]<\/p>\n","protected":false},"author":252,"featured_media":0,"comment_status":"closed","ping_status":"closed","sticky":false,"template":"","format":"standard","meta":{"footnotes":""},"categories":[1],"tags":[],"class_list":["post-3560","post","type-post","status-publish","format-standard","hentry","category-sem-categoria"],"acf":[],"_links":{"self":[{"href":"https:\/\/www.ufsm.br\/pro-reitorias\/prograd\/caed\/wp-json\/wp\/v2\/posts\/3560","targetHints":{"allow":["GET"]}}],"collection":[{"href":"https:\/\/www.ufsm.br\/pro-reitorias\/prograd\/caed\/wp-json\/wp\/v2\/posts"}],"about":[{"href":"https:\/\/www.ufsm.br\/pro-reitorias\/prograd\/caed\/wp-json\/wp\/v2\/types\/post"}],"author":[{"embeddable":true,"href":"https:\/\/www.ufsm.br\/pro-reitorias\/prograd\/caed\/wp-json\/wp\/v2\/users\/252"}],"replies":[{"embeddable":true,"href":"https:\/\/www.ufsm.br\/pro-reitorias\/prograd\/caed\/wp-json\/wp\/v2\/comments?post=3560"}],"version-history":[{"count":0,"href":"https:\/\/www.ufsm.br\/pro-reitorias\/prograd\/caed\/wp-json\/wp\/v2\/posts\/3560\/revisions"}],"wp:attachment":[{"href":"https:\/\/www.ufsm.br\/pro-reitorias\/prograd\/caed\/wp-json\/wp\/v2\/media?parent=3560"}],"wp:term":[{"taxonomy":"category","embeddable":true,"href":"https:\/\/www.ufsm.br\/pro-reitorias\/prograd\/caed\/wp-json\/wp\/v2\/categories?post=3560"},{"taxonomy":"post_tag","embeddable":true,"href":"https:\/\/www.ufsm.br\/pro-reitorias\/prograd\/caed\/wp-json\/wp\/v2\/tags?post=3560"}],"curies":[{"name":"wp","href":"https:\/\/api.w.org\/{rel}","templated":true}]}}