{"id":3569,"date":"2020-11-12T21:14:50","date_gmt":"2020-11-13T00:14:50","guid":{"rendered":"https:\/\/www.ufsm.br\/orgaos-executivos\/caed\/?p=3569"},"modified":"2020-11-12T21:15:14","modified_gmt":"2020-11-13T00:15:14","slug":"palestra-transtorno-do-espectro-autista-na-educacao-profissional-e-superior-alternativas-e-adaptacoes-pedagogicas","status":"publish","type":"post","link":"https:\/\/www.ufsm.br\/pro-reitorias\/prograd\/caed\/2020\/11\/12\/palestra-transtorno-do-espectro-autista-na-educacao-profissional-e-superior-alternativas-e-adaptacoes-pedagogicas","title":{"rendered":"Palestra \u201cTranstorno do Espectro Autista na Educa\u00e7\u00e3o Profissional e Superior &#8211; Alternativas e Adapta\u00e7\u00f5es Pedag\u00f3gicas&#8221;"},"content":{"rendered":"\n<p>A Universidade Federal de Santa Maria (UFSM)\/Coordenadoria de A\u00e7\u00f5es Educacionais (CAEd) convida todos para a palestra \u201cTranstorno do Espectro Autista na Educa\u00e7\u00e3o Profissional e Superior &#8211; Alternativas e Adapta\u00e7\u00f5es Pedag\u00f3gicas\u201d, <strong>dia 19 de novembro de 2020, \u00e0s 14h00min.<\/strong><\/p>\n<p>Link para inscri\u00e7\u00e3o:\u00a0<a href=\"https:\/\/forms.gle\/m1cjGdFaLXFNfz5V7\" target=\"_blank\" rel=\"noopener noreferrer\" data-saferedirecturl=\"https:\/\/www.google.com\/url?q=https:\/\/forms.gle\/m1cjGdFaLXFNfz5V7&amp;source=gmail&amp;ust=1605307999798000&amp;usg=AFQjCNGnEiMYEPUyPdV0dZaLY6s1rskKHw\">https:\/\/forms.gle\/m1cjGdFaLXFNfz5V7<\/a><\/p>\n<div>Descri\u00e7\u00e3o de imagem: cartaz virtual para divulga\u00e7\u00e3o de palestra. Na parte superior da imagem, est\u00e1 escrito \u201cTranstorno do Espectro Autista na Educa\u00e7\u00e3o Profissional e Superior\u201d, em letras brancas. Abaixo, l\u00ea-se \u201cAlternativas e Adapta\u00e7\u00f5es Pedag\u00f3gicas\u201d, tamb\u00e9m em letras brancas.\u00a0 Na lateral esquerda da imagem,\u00a0 est\u00e1 escrito \u201cPalestra &#8211; 19\/11 -14h\u201d, em tom branco. Na parte inferior esquerda da imagem, h\u00e1 o logotipo comemorativo \u201cUFSM 60 anos\u201d, em azul claro. Na parte inferior direita, l\u00ea-se \u201cEducadoras especiais: Fabiane Vanessa Breitenbach e Daniela Durigon Almeida\u201d, em letras brancas. Logo abaixo, l\u00ea-se \u201cCAED Coordenadoria de A\u00e7\u00f5es Educacionais.\u201d, tamb\u00e9m em letras brancas. Na lateral direita, h\u00e1 a ilustra\u00e7\u00e3o, em tons de rosa e roxo, de sulcos e giros representando um c\u00e9rebro. O fundo \u00e9 roxo, em degrad\u00ea, em tom mais claro para escuro, da parte superior esquerda para a inferior direita.<\/div>\n<div>\u00a0<\/div>\n<div><img fetchpriority=\"high\" decoding=\"async\" class=\"alignnone size-medium wp-image-3570 aligncenter\" src=\"https:\/\/www.ufsm.br\/app\/uploads\/sites\/391\/2020\/11\/transtorno-deo-espectro-autista..-212x300.jpg\" alt=\"\" width=\"212\" height=\"300\" srcset=\"https:\/\/www.ufsm.br\/app\/uploads\/sites\/391\/2020\/11\/transtorno-deo-espectro-autista..-212x300.jpg 212w, https:\/\/www.ufsm.br\/app\/uploads\/sites\/391\/2020\/11\/transtorno-deo-espectro-autista..-724x1024.jpg 724w, https:\/\/www.ufsm.br\/app\/uploads\/sites\/391\/2020\/11\/transtorno-deo-espectro-autista..-768x1086.jpg 768w, https:\/\/www.ufsm.br\/app\/uploads\/sites\/391\/2020\/11\/transtorno-deo-espectro-autista..-1086x1536.jpg 1086w, https:\/\/www.ufsm.br\/app\/uploads\/sites\/391\/2020\/11\/transtorno-deo-espectro-autista..-1448x2048.jpg 1448w, https:\/\/www.ufsm.br\/app\/uploads\/sites\/391\/2020\/11\/transtorno-deo-espectro-autista...jpg 1587w\" sizes=\"(max-width: 212px) 100vw, 212px\" \/><\/div>\n<div>\u00a0<\/div>\n<div>\u00a0<\/div>\n","protected":false},"excerpt":{"rendered":"<p>A Universidade Federal de Santa Maria (UFSM)\/Coordenadoria de A\u00e7\u00f5es Educacionais (CAEd) convida todos para a palestra \u201cTranstorno do Espectro Autista na Educa\u00e7\u00e3o Profissional e Superior &#8211; Alternativas e Adapta\u00e7\u00f5es Pedag\u00f3gicas\u201d, dia 19 de novembro de 2020, \u00e0s 14h00min. Link para inscri\u00e7\u00e3o:\u00a0https:\/\/forms.gle\/m1cjGdFaLXFNfz5V7 Descri\u00e7\u00e3o de imagem: cartaz virtual para divulga\u00e7\u00e3o de palestra. Na parte superior da imagem, [&hellip;]<\/p>\n","protected":false},"author":252,"featured_media":0,"comment_status":"closed","ping_status":"closed","sticky":false,"template":"","format":"standard","meta":{"footnotes":""},"categories":[1],"tags":[],"class_list":["post-3569","post","type-post","status-publish","format-standard","hentry","category-sem-categoria"],"acf":[],"_links":{"self":[{"href":"https:\/\/www.ufsm.br\/pro-reitorias\/prograd\/caed\/wp-json\/wp\/v2\/posts\/3569","targetHints":{"allow":["GET"]}}],"collection":[{"href":"https:\/\/www.ufsm.br\/pro-reitorias\/prograd\/caed\/wp-json\/wp\/v2\/posts"}],"about":[{"href":"https:\/\/www.ufsm.br\/pro-reitorias\/prograd\/caed\/wp-json\/wp\/v2\/types\/post"}],"author":[{"embeddable":true,"href":"https:\/\/www.ufsm.br\/pro-reitorias\/prograd\/caed\/wp-json\/wp\/v2\/users\/252"}],"replies":[{"embeddable":true,"href":"https:\/\/www.ufsm.br\/pro-reitorias\/prograd\/caed\/wp-json\/wp\/v2\/comments?post=3569"}],"version-history":[{"count":0,"href":"https:\/\/www.ufsm.br\/pro-reitorias\/prograd\/caed\/wp-json\/wp\/v2\/posts\/3569\/revisions"}],"wp:attachment":[{"href":"https:\/\/www.ufsm.br\/pro-reitorias\/prograd\/caed\/wp-json\/wp\/v2\/media?parent=3569"}],"wp:term":[{"taxonomy":"category","embeddable":true,"href":"https:\/\/www.ufsm.br\/pro-reitorias\/prograd\/caed\/wp-json\/wp\/v2\/categories?post=3569"},{"taxonomy":"post_tag","embeddable":true,"href":"https:\/\/www.ufsm.br\/pro-reitorias\/prograd\/caed\/wp-json\/wp\/v2\/tags?post=3569"}],"curies":[{"name":"wp","href":"https:\/\/api.w.org\/{rel}","templated":true}]}}