{"id":3608,"date":"2020-11-20T12:08:52","date_gmt":"2020-11-20T15:08:52","guid":{"rendered":"https:\/\/www.ufsm.br\/orgaos-executivos\/caed\/?p=3608"},"modified":"2020-11-20T12:08:54","modified_gmt":"2020-11-20T15:08:54","slug":"descubra-2020-em-rede-14-a-18-de-dezembro-de-2020","status":"publish","type":"post","link":"https:\/\/www.ufsm.br\/pro-reitorias\/prograd\/caed\/2020\/11\/20\/descubra-2020-em-rede-14-a-18-de-dezembro-de-2020","title":{"rendered":"DESCUBRA 2020 EM REDE &#8211; 14 a 18 de dezembro de 2020"},"content":{"rendered":"\n<p>A Universidade Federal de Santa Maria(UFSM)\/Coordenadoria de A\u00e7\u00f5es Educacionais(CAEd) soma-se \u00e0 divulga\u00e7\u00e3o do DESCUBRA 2020 EM REDE, que ocorrer\u00e1 de 14 a 18 de dezembro de 2020, na modalidade virtual.<\/p>\n<p>Maiores informa\u00e7\u00f5es podem ser acessadas em <a href=\"https:\/\/www.ufsm.br\/pro-reitorias\/prograd\/2020\/11\/17\/descubra-ufsm-em-rede-lanca-sua-campanha-na-quinta-19-11\/\">https:\/\/www.ufsm.br\/pro-reitorias\/prograd\/2020\/11\/17\/descubra-ufsm-em-rede-lanca-sua-campanha-na-quinta-19-11\/<\/a><\/p>\n","protected":false},"excerpt":{"rendered":"<p>A Universidade Federal de Santa Maria(UFSM)\/Coordenadoria de A\u00e7\u00f5es Educacionais(CAEd) soma-se \u00e0 divulga\u00e7\u00e3o do DESCUBRA 2020 EM REDE, que ocorrer\u00e1 de 14 a 18 de dezembro de 2020, na modalidade virtual. Maiores informa\u00e7\u00f5es podem ser acessadas em https:\/\/www.ufsm.br\/pro-reitorias\/prograd\/2020\/11\/17\/descubra-ufsm-em-rede-lanca-sua-campanha-na-quinta-19-11\/<\/p>\n","protected":false},"author":252,"featured_media":0,"comment_status":"closed","ping_status":"closed","sticky":false,"template":"","format":"standard","meta":{"footnotes":""},"categories":[1],"tags":[],"class_list":["post-3608","post","type-post","status-publish","format-standard","hentry","category-sem-categoria"],"acf":[],"_links":{"self":[{"href":"https:\/\/www.ufsm.br\/pro-reitorias\/prograd\/caed\/wp-json\/wp\/v2\/posts\/3608","targetHints":{"allow":["GET"]}}],"collection":[{"href":"https:\/\/www.ufsm.br\/pro-reitorias\/prograd\/caed\/wp-json\/wp\/v2\/posts"}],"about":[{"href":"https:\/\/www.ufsm.br\/pro-reitorias\/prograd\/caed\/wp-json\/wp\/v2\/types\/post"}],"author":[{"embeddable":true,"href":"https:\/\/www.ufsm.br\/pro-reitorias\/prograd\/caed\/wp-json\/wp\/v2\/users\/252"}],"replies":[{"embeddable":true,"href":"https:\/\/www.ufsm.br\/pro-reitorias\/prograd\/caed\/wp-json\/wp\/v2\/comments?post=3608"}],"version-history":[{"count":0,"href":"https:\/\/www.ufsm.br\/pro-reitorias\/prograd\/caed\/wp-json\/wp\/v2\/posts\/3608\/revisions"}],"wp:attachment":[{"href":"https:\/\/www.ufsm.br\/pro-reitorias\/prograd\/caed\/wp-json\/wp\/v2\/media?parent=3608"}],"wp:term":[{"taxonomy":"category","embeddable":true,"href":"https:\/\/www.ufsm.br\/pro-reitorias\/prograd\/caed\/wp-json\/wp\/v2\/categories?post=3608"},{"taxonomy":"post_tag","embeddable":true,"href":"https:\/\/www.ufsm.br\/pro-reitorias\/prograd\/caed\/wp-json\/wp\/v2\/tags?post=3608"}],"curies":[{"name":"wp","href":"https:\/\/api.w.org\/{rel}","templated":true}]}}