{"id":3610,"date":"2020-11-20T12:21:32","date_gmt":"2020-11-20T15:21:32","guid":{"rendered":"https:\/\/www.ufsm.br\/orgaos-executivos\/caed\/?p=3610"},"modified":"2020-11-20T12:23:31","modified_gmt":"2020-11-20T15:23:31","slug":"mes-da-consciencia-negra-2020-ufsm","status":"publish","type":"post","link":"https:\/\/www.ufsm.br\/pro-reitorias\/prograd\/caed\/2020\/11\/20\/mes-da-consciencia-negra-2020-ufsm","title":{"rendered":"M\u00caS DA CONSCI\u00caNCIA NEGRA 2020 &#8211; UFSM"},"content":{"rendered":"\n<p>A Universidade Federal de Santa Maria(UFSM)\/Coordenadoria de A\u00e7\u00f5es Educacionais(CAEd), neste dia 20 de novembro, Dia da Consci\u00eancia Negra no Brasil, soma-se \u00e0 divulga\u00e7\u00e3o de a\u00e7\u00f5es referentes ao tema.<\/p>\n<p>Maiores informa\u00e7\u00f5es podem ser acessadas em <a href=\"_wp_link_placeholder\" data-wplink-edit=\"true\">https:\/\/www.ufsm.br\/unidades-universitarias\/ce\/2020\/11\/10\/observatorio-de-direitos-humanos-da-ufsm-promove-atividades-no-mes-da-consciencia-negra\/<\/a><\/p>\n","protected":false},"excerpt":{"rendered":"<p>A Universidade Federal de Santa Maria(UFSM)\/Coordenadoria de A\u00e7\u00f5es Educacionais(CAEd), neste dia 20 de novembro, Dia da Consci\u00eancia Negra no Brasil, soma-se \u00e0 divulga\u00e7\u00e3o de a\u00e7\u00f5es referentes ao tema. Maiores informa\u00e7\u00f5es podem ser acessadas em https:\/\/www.ufsm.br\/unidades-universitarias\/ce\/2020\/11\/10\/observatorio-de-direitos-humanos-da-ufsm-promove-atividades-no-mes-da-consciencia-negra\/<\/p>\n","protected":false},"author":252,"featured_media":0,"comment_status":"closed","ping_status":"closed","sticky":false,"template":"","format":"standard","meta":{"footnotes":""},"categories":[1],"tags":[],"class_list":["post-3610","post","type-post","status-publish","format-standard","hentry","category-sem-categoria"],"acf":[],"_links":{"self":[{"href":"https:\/\/www.ufsm.br\/pro-reitorias\/prograd\/caed\/wp-json\/wp\/v2\/posts\/3610","targetHints":{"allow":["GET"]}}],"collection":[{"href":"https:\/\/www.ufsm.br\/pro-reitorias\/prograd\/caed\/wp-json\/wp\/v2\/posts"}],"about":[{"href":"https:\/\/www.ufsm.br\/pro-reitorias\/prograd\/caed\/wp-json\/wp\/v2\/types\/post"}],"author":[{"embeddable":true,"href":"https:\/\/www.ufsm.br\/pro-reitorias\/prograd\/caed\/wp-json\/wp\/v2\/users\/252"}],"replies":[{"embeddable":true,"href":"https:\/\/www.ufsm.br\/pro-reitorias\/prograd\/caed\/wp-json\/wp\/v2\/comments?post=3610"}],"version-history":[{"count":0,"href":"https:\/\/www.ufsm.br\/pro-reitorias\/prograd\/caed\/wp-json\/wp\/v2\/posts\/3610\/revisions"}],"wp:attachment":[{"href":"https:\/\/www.ufsm.br\/pro-reitorias\/prograd\/caed\/wp-json\/wp\/v2\/media?parent=3610"}],"wp:term":[{"taxonomy":"category","embeddable":true,"href":"https:\/\/www.ufsm.br\/pro-reitorias\/prograd\/caed\/wp-json\/wp\/v2\/categories?post=3610"},{"taxonomy":"post_tag","embeddable":true,"href":"https:\/\/www.ufsm.br\/pro-reitorias\/prograd\/caed\/wp-json\/wp\/v2\/tags?post=3610"}],"curies":[{"name":"wp","href":"https:\/\/api.w.org\/{rel}","templated":true}]}}