{"id":3611,"date":"2020-11-21T12:56:24","date_gmt":"2020-11-21T15:56:24","guid":{"rendered":"https:\/\/www.ufsm.br\/orgaos-executivos\/caed\/?p=3611"},"modified":"2020-11-21T13:14:31","modified_gmt":"2020-11-21T16:14:31","slug":"live-covid-psiq-pandemia-e-ganho-de-peso-pandemia-e-ganho-de-peso-comida-como-valvula-de-escape-e-consequencias-a-longo-prazo","status":"publish","type":"post","link":"https:\/\/www.ufsm.br\/pro-reitorias\/prograd\/caed\/2020\/11\/21\/live-covid-psiq-pandemia-e-ganho-de-peso-pandemia-e-ganho-de-peso-comida-como-valvula-de-escape-e-consequencias-a-longo-prazo","title":{"rendered":"LIVE COVID Psiq: \u201cPandemia e ganho de peso: comida como v\u00e1lvula de escape e consequ\u00eancias a longo prazo\u201d"},"content":{"rendered":"\n\n\n<p>A Universidade Federal de Santa Maria (UFSM)\/Coordenadoria de A\u00e7\u00f5es Educacionais(CAEd) convida todos para assistirem \u00e0 LIVE COVID Psiq: &#8220;\u201cPandemia e ganho de peso: pandemia e ganho de peso: comida como v\u00e1lvula de escape e consequ\u00eancias a longo prazo\u201d, <strong>dia 24 de novembro de 2020, ter\u00e7a-feira, \u00e0s 20h00min.\u00a0<\/strong><\/p>\n<p>&#8220;No contexto da pandemia por COVID-19 muitos h\u00e1bitos foram modificados, inclusive os h\u00e1bitos alimentares, os quais podem estar intimamente ligados \u00e0 sa\u00fade emocional. Por isso, o tema da live dessa semana ser\u00e1 &#8220;Pandemia e ganho de peso: comida como v\u00e1lvula de escape e consequ\u00eancias a longo prazo&#8221;, pela Endocrinologista Thiz\u00e1 Londero, pela Nutricionista Greisse Leal, pelo Psiquiatra Vitor Crestani Calegaro e pela Jornalista Juliana Motta, no dia 24 de novembro, \u00e0s 20h00min.<\/p>\n<div class=\"o9v6fnle cxmmr5t8 oygrvhab hcukyx3x c1et5uql ii04i59q\">\n<div dir=\"auto\">A Profa. Dra. Greisse Leal possui gradua\u00e7\u00e3o em Nutri\u00e7\u00e3o pela Universidade Federal de Pelotas, Mestrado e Doutorado em Sa\u00fade P\u00fablica pela Faculdade de Sa\u00fade P\u00fablica da Universidade de S\u00e3o Paulo. Atualmente \u00e9 professora Adjunta do curso de Nutri\u00e7\u00e3o da Universidade Federal de Santa Maria (UFSM).<\/div>\n<div dir=\"auto\">\u00a0<\/div>\n<\/div>\n<div class=\"o9v6fnle cxmmr5t8 oygrvhab hcukyx3x c1et5uql ii04i59q\">\n<div dir=\"auto\">A Profa. Thiz\u00e1 Londero possui gradua\u00e7\u00e3o em Medicina pela UFSM e Resid\u00eancia M\u00e9dica em Medicina Interna e Endocrinologia e Metabologia pelo Hospital de Cl\u00ednicas de Porto Alegre. \u00c9 mestre e Doutoranda em Endocrinologia pela Universidade Federal do Rio Grande do Sul. Atualmente, \u00e9 Professora Assistente do Departamento de Cl\u00ednica M\u00e9dica da UFSM e atua na pesquisa cl\u00ednica, com \u00eanfase nas complica\u00e7\u00f5es do diabetes mellitus e diabetes mellitus p\u00f3s-transplante.<\/div>\n<div dir=\"auto\">\u00a0<\/div>\n<\/div>\n<div class=\"o9v6fnle cxmmr5t8 oygrvhab hcukyx3x c1et5uql ii04i59q\">\n<div dir=\"auto\">O Prof. Dr. Vitor Crestani Calegaro, pesquisador responsa\u0301vel pelo projeto CovidPsiq, e\u0301 professor adjunto do Departamento de Neuropsiquiatria da UFSM e atua como me\u0301dico psiquiatra na Coordenadoria de Ac\u0327o\u0303es Educacionais (CAEd\/UFSM), prestando atendimento aos alunos da instituic\u0327a\u0303o.<\/div>\n<div dir=\"auto\">\u00a0<\/div>\n<\/div>\n<div class=\"o9v6fnle cxmmr5t8 oygrvhab hcukyx3x c1et5uql ii04i59q\">\n<div dir=\"auto\">A Me. Juliana Motta \u00e9 jornalista formada pela UFSM e, atualmente, \u00e9 doutoranda e Mestre pelo Programa de P\u00f3s-gradua\u00e7\u00e3o em Comunica\u00e7\u00e3o Midi\u00e1tica da UFSM.<\/div>\n<\/div>\n<div class=\"o9v6fnle cxmmr5t8 oygrvhab hcukyx3x c1et5uql ii04i59q\">\n<div dir=\"auto\">Esse evento est\u00e1 sendo promovido pela Coordenadoria de A\u00e7\u00f5es Educacionais &#8211; CAEd UFSM.<\/div>\n<div dir=\"auto\">\u00a0<\/div>\n<div dir=\"auto\">Para acompanhar, acesse o link <a class=\"oajrlxb2 g5ia77u1 qu0x051f esr5mh6w e9989ue4 r7d6kgcz rq0escxv nhd2j8a9 nc684nl6 p7hjln8o kvgmc6g5 cxmmr5t8 oygrvhab hcukyx3x jb3vyjys rz4wbd8a qt6c0cv9 a8nywdso i1ao9s8h esuyzwwr f1sip0of lzcic4wl py34i1dx gpro0wi8\" role=\"link\" href=\"https:\/\/youtu.be\/hVsipE7hyho?fbclid=IwAR3YNJykDVfl0yuQJZ9zuSTp8NejIra_7me59eCjQr1hbhWVtI124oJdvjw\" target=\"_blank\" rel=\"nofollow noopener noreferrer\">https:\/\/youtu.be\/hVsipE7hyho <\/a>ou acesse o Facebook COVIDPsiq.<\/div>\n<\/div>\n<div class=\"o9v6fnle cxmmr5t8 oygrvhab hcukyx3x c1et5uql ii04i59q\">\n<div dir=\"auto\"><a class=\"oajrlxb2 g5ia77u1 qu0x051f esr5mh6w e9989ue4 r7d6kgcz rq0escxv nhd2j8a9 nc684nl6 p7hjln8o kvgmc6g5 cxmmr5t8 oygrvhab hcukyx3x jb3vyjys rz4wbd8a qt6c0cv9 a8nywdso i1ao9s8h esuyzwwr f1sip0of lzcic4wl q66pz984 gpro0wi8 b1v8xokw\" role=\"link\" href=\"https:\/\/www.facebook.com\/hashtag\/coronavirus?__eep__=6&amp;__cft__[0]=AZXipsNxw6Oi3GYK7mcFva9wWi1uXjl181Wqfp85RJpobMj-XEKJiy4p3PtE4sKCmlLC_Sf2diUQT9rqOIB3ZJvI5gcy0CE0VKILkH2aX0X9oYsfNlFcY_vyiViIiYxaLOXhgNP71-OVL4cgJfFN_nJp&amp;__tn__=*NK-R\">#coronavirus<\/a> <a class=\"oajrlxb2 g5ia77u1 qu0x051f esr5mh6w e9989ue4 r7d6kgcz rq0escxv nhd2j8a9 nc684nl6 p7hjln8o kvgmc6g5 cxmmr5t8 oygrvhab hcukyx3x jb3vyjys rz4wbd8a qt6c0cv9 a8nywdso i1ao9s8h esuyzwwr f1sip0of lzcic4wl q66pz984 gpro0wi8 b1v8xokw\" role=\"link\" href=\"https:\/\/www.facebook.com\/hashtag\/covid_19?__eep__=6&amp;__cft__[0]=AZXipsNxw6Oi3GYK7mcFva9wWi1uXjl181Wqfp85RJpobMj-XEKJiy4p3PtE4sKCmlLC_Sf2diUQT9rqOIB3ZJvI5gcy0CE0VKILkH2aX0X9oYsfNlFcY_vyiViIiYxaLOXhgNP71-OVL4cgJfFN_nJp&amp;__tn__=*NK-R\">#covid_19<\/a> <a class=\"oajrlxb2 g5ia77u1 qu0x051f esr5mh6w e9989ue4 r7d6kgcz rq0escxv nhd2j8a9 nc684nl6 p7hjln8o kvgmc6g5 cxmmr5t8 oygrvhab hcukyx3x jb3vyjys rz4wbd8a qt6c0cv9 a8nywdso i1ao9s8h esuyzwwr f1sip0of lzcic4wl q66pz984 gpro0wi8 b1v8xokw\" role=\"link\" href=\"https:\/\/www.facebook.com\/hashtag\/pandemia?__eep__=6&amp;__cft__[0]=AZXipsNxw6Oi3GYK7mcFva9wWi1uXjl181Wqfp85RJpobMj-XEKJiy4p3PtE4sKCmlLC_Sf2diUQT9rqOIB3ZJvI5gcy0CE0VKILkH2aX0X9oYsfNlFcY_vyiViIiYxaLOXhgNP71-OVL4cgJfFN_nJp&amp;__tn__=*NK-R\">#pandemia<\/a> <a class=\"oajrlxb2 g5ia77u1 qu0x051f esr5mh6w e9989ue4 r7d6kgcz rq0escxv nhd2j8a9 nc684nl6 p7hjln8o kvgmc6g5 cxmmr5t8 oygrvhab hcukyx3x jb3vyjys rz4wbd8a qt6c0cv9 a8nywdso i1ao9s8h esuyzwwr f1sip0of lzcic4wl q66pz984 gpro0wi8 b1v8xokw\" role=\"link\" href=\"https:\/\/www.facebook.com\/hashtag\/saudemental?__eep__=6&amp;__cft__[0]=AZXipsNxw6Oi3GYK7mcFva9wWi1uXjl181Wqfp85RJpobMj-XEKJiy4p3PtE4sKCmlLC_Sf2diUQT9rqOIB3ZJvI5gcy0CE0VKILkH2aX0X9oYsfNlFcY_vyiViIiYxaLOXhgNP71-OVL4cgJfFN_nJp&amp;__tn__=*NK-R\">#saudemental<\/a> <a class=\"oajrlxb2 g5ia77u1 qu0x051f esr5mh6w e9989ue4 r7d6kgcz rq0escxv nhd2j8a9 nc684nl6 p7hjln8o kvgmc6g5 cxmmr5t8 oygrvhab hcukyx3x jb3vyjys rz4wbd8a qt6c0cv9 a8nywdso i1ao9s8h esuyzwwr f1sip0of lzcic4wl q66pz984 gpro0wi8 b1v8xokw\" role=\"link\" href=\"https:\/\/www.facebook.com\/hashtag\/psiquiatria?__eep__=6&amp;__cft__[0]=AZXipsNxw6Oi3GYK7mcFva9wWi1uXjl181Wqfp85RJpobMj-XEKJiy4p3PtE4sKCmlLC_Sf2diUQT9rqOIB3ZJvI5gcy0CE0VKILkH2aX0X9oYsfNlFcY_vyiViIiYxaLOXhgNP71-OVL4cgJfFN_nJp&amp;__tn__=*NK-R\">#psiquiatria<\/a> <a class=\"oajrlxb2 g5ia77u1 qu0x051f esr5mh6w e9989ue4 r7d6kgcz rq0escxv nhd2j8a9 nc684nl6 p7hjln8o kvgmc6g5 cxmmr5t8 oygrvhab hcukyx3x jb3vyjys rz4wbd8a qt6c0cv9 a8nywdso i1ao9s8h esuyzwwr f1sip0of lzcic4wl q66pz984 gpro0wi8 b1v8xokw\" role=\"link\" href=\"https:\/\/www.facebook.com\/hashtag\/ufsm?__eep__=6&amp;__cft__[0]=AZXipsNxw6Oi3GYK7mcFva9wWi1uXjl181Wqfp85RJpobMj-XEKJiy4p3PtE4sKCmlLC_Sf2diUQT9rqOIB3ZJvI5gcy0CE0VKILkH2aX0X9oYsfNlFcY_vyiViIiYxaLOXhgNP71-OVL4cgJfFN_nJp&amp;__tn__=*NK-R\">#ufsm<\/a>&#8220;<\/div>\n<div dir=\"auto\">\u00a0<\/div>\n<\/div>\n<p>DESCRI\u00c7\u00c3O DE IMAGEM: ilustra\u00e7\u00e3o em formato quadrado, com fundo na cor bege. Em cada \u00e2ngulo do quadrado, h\u00e1 um preenchimento na cor roxa, em formato de tri\u00e2ngulo. Na parte superior, h\u00e1 inscri\u00e7\u00e3o \u201cLIVE\u201d, na cor roxa. Na sequ\u00eancia, h\u00e1 o logo do Facebook (quadrado azul, de \u00e2ngulos arredondados, com a letra F min\u00fascula ao centro, na cor branca) e, abaixo desse, h\u00e1 o logo do YouTube (ret\u00e2ngulo vermelho, de \u00e2ngulos arredondadas, com um tri\u00e2ngulo branco ao centro, indicando \u00e0 direita). \u00c0 direita deles, h\u00e1 o logo do projeto COVIDPsiq (rosto humano, de perfil, delineado na cor roxa, com a imagem de uma \u00e1rvore, cuja copa est\u00e1 no lugar do c\u00e9rebro). Ao lado direito desse, h\u00e1 o bras\u00e3o da Universidade Federal de Santa Maria (UFSM), formado pelos seguintes elementos: tr\u00eas archotes de fogo, que simbolizam os tr\u00eas pilares da universidade: ensino, pesquisa e extens\u00e3o; a flor-de-lis, simbolizando a purifica\u00e7\u00e3o, e os archotes com a chama do conhecimento, representando a luz que ilumina o caminho para a sabedoria; o bras\u00e3o, denotando moral e respeito; a frase em latim \u201cSedes Sapientiae\u201d, que significa sede (lugar, casa) da sabedoria*. Embaixo do bras\u00e3o, como base, h\u00e1 a sigla CAEd (Coordenadoria de A\u00e7\u00f5es Educacionais). Na sequ\u00eancia, distribu\u00eddo em tr\u00eas linhas horizontais, na cor roxa, l\u00ea-se o t\u00edtulo do evento: <strong>\u201cPandemia e ganho de peso: pandemia e ganho de peso: comida como v\u00e1lvula de escape e consequ\u00eancias a longo prazo\u201d.<\/strong> Abaixo do t\u00edtulo, no sentido horizontal, dentro c\u00edrculos delineados pela cor roxa, h\u00e1 as fotos das tr\u00eas ministrantes do evento. Da esquerda para a direita, encontra-se a foto da Profa. Thiz\u00e1 Londero, tratando-se de mulher de pele clara, cabelo liso, castanho dourado, at\u00e9 a altura dos ombros, e express\u00e3o sorridente. Veste jaleco branco e usa brincos e correntes dourados. A seguir, encontra-se a foto Profa. Dra. Greisse Leal, tratando-se de mulher de pele clara, cabelos castanho e cacheado at\u00e9 a altura dos ombros, vestindo blusa preta e usando brincos e corrente dourado. Na sequ\u00eancia, h\u00e1 a foto do Prof. Dr. Vitor Crestani Calegaro, tratando-se de homem de pele clara, cabelos curtos e castanhos e express\u00e3o sorridente. Usa \u00f3culos de grau e barba. Veste camisa social bege, blusa pull over, nas cores marrom e preta, e casaco preto. Por \u00faltimo, encontra-se a foto da jornalista Juliana Motta, mulher de pele clara, cabelos loiros e lisos at\u00e9 os ombros, com um leve sorriso e vestindo blusa lil\u00e1s. A identifica\u00e7\u00e3o dos participantes encontra-se abaixo das respectivas fotos. Abaixo das fotos, em letras na cor roxa, divididas em duas linhas, l\u00ea-se a data e hor\u00e1rio do evento: \u201cDia 24 de novembro\u201d, \u201c20h\u201d. Abaixo, distribu\u00eddo horizontalmente, em duas linhas, em letras roxas, l\u00ea-se a forma de acessar a live: \u201cPara acompanhar, acesse youtube.com\/c\/covidpsiq ou nosso Facebook COVIDPsiq\u201d. Fonte da descri\u00e7\u00e3o: Identidade Visual (<a href=\"https:\/\/www.ufsm.br\/identidade-institucional\/\">https:\/\/www.ufsm.br\/identidade-institucional\/<\/a>), em 21 de novembro de 2020.<\/p>\n<p><img fetchpriority=\"high\" decoding=\"async\" class=\"alignnone size-medium wp-image-3612 aligncenter\" src=\"https:\/\/www.ufsm.br\/app\/uploads\/sites\/391\/2020\/11\/22-24-DE-NOVEMBRO-DE-2020-300x300.jpg\" alt=\"\" width=\"300\" height=\"300\" srcset=\"https:\/\/www.ufsm.br\/app\/uploads\/sites\/391\/2020\/11\/22-24-DE-NOVEMBRO-DE-2020-300x300.jpg 300w, https:\/\/www.ufsm.br\/app\/uploads\/sites\/391\/2020\/11\/22-24-DE-NOVEMBRO-DE-2020-1024x1024.jpg 1024w, https:\/\/www.ufsm.br\/app\/uploads\/sites\/391\/2020\/11\/22-24-DE-NOVEMBRO-DE-2020-150x150.jpg 150w, https:\/\/www.ufsm.br\/app\/uploads\/sites\/391\/2020\/11\/22-24-DE-NOVEMBRO-DE-2020-768x768.jpg 768w, https:\/\/www.ufsm.br\/app\/uploads\/sites\/391\/2020\/11\/22-24-DE-NOVEMBRO-DE-2020.jpg 1080w\" sizes=\"(max-width: 300px) 100vw, 300px\" \/><\/p>\n<p>\u00a0<\/p>\n","protected":false},"excerpt":{"rendered":"<p>A Universidade Federal de Santa Maria (UFSM)\/Coordenadoria de A\u00e7\u00f5es Educacionais(CAEd) convida todos para assistirem \u00e0 LIVE COVID Psiq: &#8220;\u201cPandemia e ganho de peso: pandemia e ganho de peso: comida como v\u00e1lvula de escape e consequ\u00eancias a longo prazo\u201d, dia 24 de novembro de 2020, ter\u00e7a-feira, \u00e0s 20h00min.\u00a0 &#8220;No contexto da pandemia por COVID-19 muitos h\u00e1bitos [&hellip;]<\/p>\n","protected":false},"author":252,"featured_media":0,"comment_status":"closed","ping_status":"closed","sticky":false,"template":"","format":"standard","meta":{"footnotes":""},"categories":[1],"tags":[],"class_list":["post-3611","post","type-post","status-publish","format-standard","hentry","category-sem-categoria"],"acf":[],"_links":{"self":[{"href":"https:\/\/www.ufsm.br\/pro-reitorias\/prograd\/caed\/wp-json\/wp\/v2\/posts\/3611","targetHints":{"allow":["GET"]}}],"collection":[{"href":"https:\/\/www.ufsm.br\/pro-reitorias\/prograd\/caed\/wp-json\/wp\/v2\/posts"}],"about":[{"href":"https:\/\/www.ufsm.br\/pro-reitorias\/prograd\/caed\/wp-json\/wp\/v2\/types\/post"}],"author":[{"embeddable":true,"href":"https:\/\/www.ufsm.br\/pro-reitorias\/prograd\/caed\/wp-json\/wp\/v2\/users\/252"}],"replies":[{"embeddable":true,"href":"https:\/\/www.ufsm.br\/pro-reitorias\/prograd\/caed\/wp-json\/wp\/v2\/comments?post=3611"}],"version-history":[{"count":0,"href":"https:\/\/www.ufsm.br\/pro-reitorias\/prograd\/caed\/wp-json\/wp\/v2\/posts\/3611\/revisions"}],"wp:attachment":[{"href":"https:\/\/www.ufsm.br\/pro-reitorias\/prograd\/caed\/wp-json\/wp\/v2\/media?parent=3611"}],"wp:term":[{"taxonomy":"category","embeddable":true,"href":"https:\/\/www.ufsm.br\/pro-reitorias\/prograd\/caed\/wp-json\/wp\/v2\/categories?post=3611"},{"taxonomy":"post_tag","embeddable":true,"href":"https:\/\/www.ufsm.br\/pro-reitorias\/prograd\/caed\/wp-json\/wp\/v2\/tags?post=3611"}],"curies":[{"name":"wp","href":"https:\/\/api.w.org\/{rel}","templated":true}]}}