{"id":3617,"date":"2020-11-24T20:37:24","date_gmt":"2020-11-24T23:37:24","guid":{"rendered":"https:\/\/www.ufsm.br\/orgaos-executivos\/caed\/?p=3617"},"modified":"2020-11-24T20:37:25","modified_gmt":"2020-11-24T23:37:25","slug":"edital-do-projeto-alunos-conectados-chip-com-pacote-de-dados-moveis","status":"publish","type":"post","link":"https:\/\/www.ufsm.br\/pro-reitorias\/prograd\/caed\/2020\/11\/24\/edital-do-projeto-alunos-conectados-chip-com-pacote-de-dados-moveis","title":{"rendered":"Edital do Projeto Alunos Conectados &#8211; Chip com pacote de dados m\u00f3veis"},"content":{"rendered":"\n<p>A Universidade Federal de Santa Maria (UFSM)\/Coordenadoria de A\u00e7\u00f5es Educacionais(CAEd) soma-se \u00e0 divulga\u00e7\u00e3o do edital para o Projeto Alunos Conectados &#8211; Chip com pacote de dados m\u00f3veis.\u00a0<\/p>\n<p><blockquote class=\"wp-embedded-content\" data-secret=\"YkHGJcswRi\"><a href=\"https:\/\/www.ufsm.br\/2020\/11\/18\/ufsm-divulga-edital-para-o-projeto-alunos-conectados-chip-com-pacote-de-dados-moveis\">UFSM divulga edital para o Projeto Alunos Conectados \u2013 Chip com pacote de dados m\u00f3veis<\/a><\/blockquote><iframe class=\"wp-embedded-content\" sandbox=\"allow-scripts\" security=\"restricted\" style=\"position: absolute; clip: rect(1px, 1px, 1px, 1px);\" title=\"&#8220;UFSM divulga edital para o Projeto Alunos Conectados \u2013 Chip com pacote de dados m\u00f3veis&#8221; &#8212; UFSM\" src=\"https:\/\/www.ufsm.br\/2020\/11\/18\/ufsm-divulga-edital-para-o-projeto-alunos-conectados-chip-com-pacote-de-dados-moveis\/embed#?secret=ZAFcNced3q#?secret=YkHGJcswRi\" data-secret=\"YkHGJcswRi\" width=\"500\" height=\"282\" frameborder=\"0\" marginwidth=\"0\" marginheight=\"0\" scrolling=\"no\"><\/iframe><\/p>\n","protected":false},"excerpt":{"rendered":"<p>A Universidade Federal de Santa Maria (UFSM)\/Coordenadoria de A\u00e7\u00f5es Educacionais(CAEd) soma-se \u00e0 divulga\u00e7\u00e3o do edital para o Projeto Alunos Conectados &#8211; Chip com pacote de dados m\u00f3veis.\u00a0 UFSM divulga edital para o Projeto Alunos Conectados \u2013 Chip com pacote de dados m\u00f3veis<\/p>\n","protected":false},"author":252,"featured_media":0,"comment_status":"closed","ping_status":"closed","sticky":false,"template":"","format":"standard","meta":{"footnotes":""},"categories":[1],"tags":[],"class_list":["post-3617","post","type-post","status-publish","format-standard","hentry","category-sem-categoria"],"acf":[],"_links":{"self":[{"href":"https:\/\/www.ufsm.br\/pro-reitorias\/prograd\/caed\/wp-json\/wp\/v2\/posts\/3617","targetHints":{"allow":["GET"]}}],"collection":[{"href":"https:\/\/www.ufsm.br\/pro-reitorias\/prograd\/caed\/wp-json\/wp\/v2\/posts"}],"about":[{"href":"https:\/\/www.ufsm.br\/pro-reitorias\/prograd\/caed\/wp-json\/wp\/v2\/types\/post"}],"author":[{"embeddable":true,"href":"https:\/\/www.ufsm.br\/pro-reitorias\/prograd\/caed\/wp-json\/wp\/v2\/users\/252"}],"replies":[{"embeddable":true,"href":"https:\/\/www.ufsm.br\/pro-reitorias\/prograd\/caed\/wp-json\/wp\/v2\/comments?post=3617"}],"version-history":[{"count":0,"href":"https:\/\/www.ufsm.br\/pro-reitorias\/prograd\/caed\/wp-json\/wp\/v2\/posts\/3617\/revisions"}],"wp:attachment":[{"href":"https:\/\/www.ufsm.br\/pro-reitorias\/prograd\/caed\/wp-json\/wp\/v2\/media?parent=3617"}],"wp:term":[{"taxonomy":"category","embeddable":true,"href":"https:\/\/www.ufsm.br\/pro-reitorias\/prograd\/caed\/wp-json\/wp\/v2\/categories?post=3617"},{"taxonomy":"post_tag","embeddable":true,"href":"https:\/\/www.ufsm.br\/pro-reitorias\/prograd\/caed\/wp-json\/wp\/v2\/tags?post=3617"}],"curies":[{"name":"wp","href":"https:\/\/api.w.org\/{rel}","templated":true}]}}