{"id":3624,"date":"2020-11-27T20:58:39","date_gmt":"2020-11-27T23:58:39","guid":{"rendered":"https:\/\/www.ufsm.br\/orgaos-executivos\/caed\/?p=3624"},"modified":"2020-11-27T20:59:04","modified_gmt":"2020-11-27T23:59:04","slug":"palestra-deficiencia-intelectual-na-educacao-profissional-superior-alternativas-e-adaptacoes-pedagogicas","status":"publish","type":"post","link":"https:\/\/www.ufsm.br\/pro-reitorias\/prograd\/caed\/2020\/11\/27\/palestra-deficiencia-intelectual-na-educacao-profissional-superior-alternativas-e-adaptacoes-pedagogicas","title":{"rendered":"Palestra \u201cDefici\u00eancia intelectual na educa\u00e7\u00e3o profissional superior: Alternativas e adapta\u00e7\u00f5es pedag\u00f3gicas\u201d"},"content":{"rendered":"\n<p>A Universidade Federal de Santa Maria\/Coordenadoria de A\u00e7\u00f5es Educacionais(CAEd) convida para a palestra \u00a0\u201cDefici\u00eancia intelectual na educa\u00e7\u00e3o profissional superior: Alternativas e adapta\u00e7\u00f5es pedag\u00f3gicas\u201d, <strong>dia 03 de dezembro de 2020, \u00e0s 14h00min.\u00a0<\/strong><\/p>\n<p>As inscri\u00e7\u00f5es ser\u00e3o realizadas por meio do link:\u00a0 <a href=\"https:\/\/forms.gle\/KgDBovuk1CmX55pE6\" data-saferedirecturl=\"https:\/\/www.google.com\/url?q=https:\/\/forms.gle\/KgDBovuk1CmX55pE6&amp;source=gmail&amp;ust=1606494510111000&amp;usg=AFQjCNEM1cYoKVduhXVQWzP6ko0W1BDtzw\">https:\/\/forms.gle\/KgDBovuk1CmX55pE6<\/a><\/p>\n<p><strong>Descri\u00e7\u00e3o de imagem:<\/strong> cartaz virtual para divulga\u00e7\u00e3o de palestra. Na parte superior, l\u00ea-se \u201cDefici\u00eancia intelectual na educa\u00e7\u00e3o profissional superior\u201d, em letras pretas contidas em uma faixa amarela, na extremidade superior da imagem. Abaixo, na metade superior da imagem, est\u00e1 escrito: \u201cAlternativas e adapta\u00e7\u00f5es pedag\u00f3gicas\u201d, em letras brancas, com a imagem de uma pessoa que tem um l\u00e1pis na m\u00e3o direita, com bra\u00e7o apoiado sobre uma mesa, e parte de um computador a sua frente. Na metade inferior, l\u00ea-se \u201cEducadoras especiais: Fabiane Vanessa Breitenbach e Monique Zanon da Rosa\u201d, em letras pretas. Abaixo, h\u00e1 as informa\u00e7\u00f5es \u201dInscri\u00e7\u00f5es via formul\u00e1rio\u201d, em negrito e letras pretas, e \u201cPalestra 03\/12 &#8211; 14h\u201d, em letras pretas, dentro de uma faixa amarela. Na parte inferior esquerda da imagem, h\u00e1 o logotipo: \u201cUFSM 60 Anos\u201d e, \u00e0 direita, l\u00ea-se \u201cCAEd, Coordenadoria de A\u00e7\u00f5es Educacionais\u201d, dentro de um fundo branco.<\/p>\n<p><img fetchpriority=\"high\" decoding=\"async\" class=\"alignnone size-medium wp-image-3625 aligncenter\" src=\"https:\/\/www.ufsm.br\/app\/uploads\/sites\/391\/2020\/11\/CARTAZ-212x300.jpg\" alt=\"\" width=\"212\" height=\"300\" srcset=\"https:\/\/www.ufsm.br\/app\/uploads\/sites\/391\/2020\/11\/CARTAZ-212x300.jpg 212w, https:\/\/www.ufsm.br\/app\/uploads\/sites\/391\/2020\/11\/CARTAZ-724x1024.jpg 724w, https:\/\/www.ufsm.br\/app\/uploads\/sites\/391\/2020\/11\/CARTAZ-768x1086.jpg 768w, https:\/\/www.ufsm.br\/app\/uploads\/sites\/391\/2020\/11\/CARTAZ-1086x1536.jpg 1086w, https:\/\/www.ufsm.br\/app\/uploads\/sites\/391\/2020\/11\/CARTAZ-1448x2048.jpg 1448w, https:\/\/www.ufsm.br\/app\/uploads\/sites\/391\/2020\/11\/CARTAZ.jpg 1587w\" sizes=\"(max-width: 212px) 100vw, 212px\" \/><\/p>\n<p>&#8212;<\/p>\n","protected":false},"excerpt":{"rendered":"<p>A Universidade Federal de Santa Maria\/Coordenadoria de A\u00e7\u00f5es Educacionais(CAEd) convida para a palestra \u00a0\u201cDefici\u00eancia intelectual na educa\u00e7\u00e3o profissional superior: Alternativas e adapta\u00e7\u00f5es pedag\u00f3gicas\u201d, dia 03 de dezembro de 2020, \u00e0s 14h00min.\u00a0 As inscri\u00e7\u00f5es ser\u00e3o realizadas por meio do link:\u00a0 https:\/\/forms.gle\/KgDBovuk1CmX55pE6 Descri\u00e7\u00e3o de imagem: cartaz virtual para divulga\u00e7\u00e3o de palestra. Na parte superior, l\u00ea-se \u201cDefici\u00eancia intelectual [&hellip;]<\/p>\n","protected":false},"author":252,"featured_media":0,"comment_status":"closed","ping_status":"closed","sticky":false,"template":"","format":"standard","meta":{"footnotes":""},"categories":[1],"tags":[],"class_list":["post-3624","post","type-post","status-publish","format-standard","hentry","category-sem-categoria"],"acf":[],"_links":{"self":[{"href":"https:\/\/www.ufsm.br\/pro-reitorias\/prograd\/caed\/wp-json\/wp\/v2\/posts\/3624","targetHints":{"allow":["GET"]}}],"collection":[{"href":"https:\/\/www.ufsm.br\/pro-reitorias\/prograd\/caed\/wp-json\/wp\/v2\/posts"}],"about":[{"href":"https:\/\/www.ufsm.br\/pro-reitorias\/prograd\/caed\/wp-json\/wp\/v2\/types\/post"}],"author":[{"embeddable":true,"href":"https:\/\/www.ufsm.br\/pro-reitorias\/prograd\/caed\/wp-json\/wp\/v2\/users\/252"}],"replies":[{"embeddable":true,"href":"https:\/\/www.ufsm.br\/pro-reitorias\/prograd\/caed\/wp-json\/wp\/v2\/comments?post=3624"}],"version-history":[{"count":0,"href":"https:\/\/www.ufsm.br\/pro-reitorias\/prograd\/caed\/wp-json\/wp\/v2\/posts\/3624\/revisions"}],"wp:attachment":[{"href":"https:\/\/www.ufsm.br\/pro-reitorias\/prograd\/caed\/wp-json\/wp\/v2\/media?parent=3624"}],"wp:term":[{"taxonomy":"category","embeddable":true,"href":"https:\/\/www.ufsm.br\/pro-reitorias\/prograd\/caed\/wp-json\/wp\/v2\/categories?post=3624"},{"taxonomy":"post_tag","embeddable":true,"href":"https:\/\/www.ufsm.br\/pro-reitorias\/prograd\/caed\/wp-json\/wp\/v2\/tags?post=3624"}],"curies":[{"name":"wp","href":"https:\/\/api.w.org\/{rel}","templated":true}]}}