{"id":3626,"date":"2020-11-27T22:26:41","date_gmt":"2020-11-28T01:26:41","guid":{"rendered":"https:\/\/www.ufsm.br\/orgaos-executivos\/caed\/?p=3626"},"modified":"2020-11-27T22:45:24","modified_gmt":"2020-11-28T01:45:24","slug":"live-covid-psiq-saude-mental-dos-profissionais-da-saude","status":"publish","type":"post","link":"https:\/\/www.ufsm.br\/pro-reitorias\/prograd\/caed\/2020\/11\/27\/live-covid-psiq-saude-mental-dos-profissionais-da-saude","title":{"rendered":"LIVE COVID Psiq: \u201cSa\u00fade Mental dos Profissionais da Sa\u00fade\u201d"},"content":{"rendered":"\n<p>A Universidade Federal de Santa Maria (UFSM)\/Coordenadoria de A\u00e7\u00f5es Educacionais(CAEd) convida todos para participarem da live \u201cSa\u00fade Mental dos Profissionais da Sa\u00fade\u201d, <strong>dia 01 de dezembro de 2020, \u00e0s 20h00min.\u00a0<\/strong><\/p>\n<p>Para acompanhar, acesse o link\u00a0<a class=\"oajrlxb2 g5ia77u1 qu0x051f esr5mh6w e9989ue4 r7d6kgcz rq0escxv nhd2j8a9 nc684nl6 p7hjln8o kvgmc6g5 cxmmr5t8 oygrvhab hcukyx3x jb3vyjys rz4wbd8a qt6c0cv9 a8nywdso i1ao9s8h esuyzwwr f1sip0of lzcic4wl py34i1dx gpro0wi8\" role=\"link\" href=\"https:\/\/l.facebook.com\/l.php?u=https%3A%2F%2Fyoutu.be%2FMuQ-3q0WGAo%3Ffbclid%3DIwAR05v38AKbeJlpbAt3ijAukHoNHFQS3fySzLSEVvaW7BQ7GKVUEb4KvE5Fk&amp;h=AT1n7cRz9NlmKymR7ETk_KIQwHvt5VGuxWiuWim9soZX4ix3L2ESht-yQnYasPtdbnRUMIc04jj-W_b5gwNDIkhEya2VXj91R64BTHRRnAlpWQ1uRS5jvrB9IkrnV0p4A13DGqahQI2XY1zoP6-S&amp;__tn__=-UK*F&amp;c[0]=AT3VT3ibCwLXykHgBuxoPEqVqvXvkGRsP6EdNfxSKP7rjfQhh2fz3_BbqJp-NXXB5CqjVcIpyis2sHfrfRVTpWpZSNY3Ukn-jmJSp2lYEp3XMvUOiz2BRdIZ7gFXcXvCxhh_hy-GMjMgfVWTYDet0-vOBqF4k9IGoAl1Hr-wiwiuySxFpYI\" target=\"_blank\" rel=\"nofollow noopener noreferrer\">https:\/\/youtu.be\/MuQ-3q0WGAo<\/a> ou o Facebook COVIDPsiq.<\/p>\n<p>&#8220;A pandemia de COVID-19 trouxe in\u00fameras consequ\u00eancias, a curto e longo prazo, \u00e0 sa\u00fade mental dos indiv\u00edduos. Os profissionais de sa\u00fade, que muitas vezes atuam na linha de frente do combate \u00e0 doen\u00e7a, constituem um grupo que carece de aten\u00e7\u00e3o especial no que tange \u00e0 sa\u00fade mental. Como forma de discutir essa problem\u00e1tica, traremos na pr\u00f3xima semana a live com o tema \u201cSa\u00fade Mental dos Profissionais da Sa\u00fade\u201d, apresentada pelo m\u00e9dico psiquiatra Lucas Spanemberg, pelo m\u00e9dico psiquiatra Jaroslav Duchnicky Jr., pelo m\u00e9dico psiquiatra Vitor Crestani Calegaro e pela jornalista Juliana Motta, no dia 01 de dezembro de 2020, \u00e0s 20h.<br \/><br \/>Jaroslav Duchnicky Jr. \u00e9 m\u00e9dico psiquiatra, formado pela Universidade de S\u00e3o Paulo (USP), com resid\u00eancia em Psiquiatria pelo Hospital de Cl\u00ednicas da Faculdade de Medicina de Riber\u00e3o Preto da Universidade de S\u00e3o Paulo (HC \u2013 FMRP \u2013 USP). Atualmente, \u00e9 mestrando em Ci\u00eancias da Sa\u00fade na Universidade Federal de Santa Maria (UFSM).<br \/><br \/>Lucas Spanemberg, MD, PhD, \u00e9 professor da Escola de Medicina da Pontif\u00edcia Universidade Cat\u00f3lica do Rio Grande do Sul (PUCRS), coordenador adjunto do TelePSI e preceptor da Resid\u00eancia em Psiquiatria do Hospital S\u00e3o Lucas da PUCRS.<br \/><br \/>O Prof. Dr. Vitor Crestani Calegaro, pesquisador responsa\u0301vel pelo projeto CovidPsiq, e\u0301 professor adjunto do Departamento de Neuropsiquiatria da UFSM e atua como me\u0301dico psiquiatra na Coordenadoria de Ac\u0327o\u0303es Educacionais (CAEd\/UFSM) prestando atendimento aos alunos da instituic\u0327a\u0303o.<br \/><br \/>A Me. Juliana Motta \u00e9 jornalista formada pela UFSM e, atualmente, \u00e9 doutoranda e Mestre pelo Programa de P\u00f3s-gradua\u00e7\u00e3o em Comunica\u00e7\u00e3o Midi\u00e1tica da UFSM.<br \/><br \/>Esse evento est\u00e1 sendo promovido pela Coordenadoria de A\u00e7\u00f5es Educacionais \u2013 CAEd UFSM. Para acompanhar, acesse o link\u00a0<a class=\"oajrlxb2 g5ia77u1 qu0x051f esr5mh6w e9989ue4 r7d6kgcz rq0escxv nhd2j8a9 nc684nl6 p7hjln8o kvgmc6g5 cxmmr5t8 oygrvhab hcukyx3x jb3vyjys rz4wbd8a qt6c0cv9 a8nywdso i1ao9s8h esuyzwwr f1sip0of lzcic4wl py34i1dx gpro0wi8\" role=\"link\" href=\"https:\/\/l.facebook.com\/l.php?u=https%3A%2F%2Fyoutu.be%2FMuQ-3q0WGAo%3Ffbclid%3DIwAR05v38AKbeJlpbAt3ijAukHoNHFQS3fySzLSEVvaW7BQ7GKVUEb4KvE5Fk&amp;h=AT1n7cRz9NlmKymR7ETk_KIQwHvt5VGuxWiuWim9soZX4ix3L2ESht-yQnYasPtdbnRUMIc04jj-W_b5gwNDIkhEya2VXj91R64BTHRRnAlpWQ1uRS5jvrB9IkrnV0p4A13DGqahQI2XY1zoP6-S&amp;__tn__=-UK*F&amp;c[0]=AT3VT3ibCwLXykHgBuxoPEqVqvXvkGRsP6EdNfxSKP7rjfQhh2fz3_BbqJp-NXXB5CqjVcIpyis2sHfrfRVTpWpZSNY3Ukn-jmJSp2lYEp3XMvUOiz2BRdIZ7gFXcXvCxhh_hy-GMjMgfVWTYDet0-vOBqF4k9IGoAl1Hr-wiwiuySxFpYI\" target=\"_blank\" rel=\"nofollow noopener noreferrer\">https:\/\/youtu.be\/MuQ-3q0WGAo<\/a>\u00a0ou acesse nosso Facebook COVIDPsiq.<br \/><br \/><a class=\"oajrlxb2 g5ia77u1 qu0x051f esr5mh6w e9989ue4 r7d6kgcz rq0escxv nhd2j8a9 nc684nl6 p7hjln8o kvgmc6g5 cxmmr5t8 oygrvhab hcukyx3x jb3vyjys rz4wbd8a qt6c0cv9 a8nywdso i1ao9s8h esuyzwwr f1sip0of lzcic4wl oo9gr5id gpro0wi8 lrazzd5p\" role=\"link\" href=\"https:\/\/www.facebook.com\/hashtag\/coronavirus?__eep__=6&amp;__cft__[0]=AZVxpvn3XPm0VecXXWkZOILvBTl6q0X9mq-l7b0dfwoKThFybZJvy6nTZqPNzYlF8UlNOXzhgzWGLemQ34euFB-bZ_mSc6pUBF_TqPLhoEb_f2b-QG-Enf7YGvvjgCnhR7v3L-xc4T1hBwhAZSNk2OS_&amp;__tn__=*NK*F\">#coronavirus<\/a>\u00a0<a class=\"oajrlxb2 g5ia77u1 qu0x051f esr5mh6w e9989ue4 r7d6kgcz rq0escxv nhd2j8a9 nc684nl6 p7hjln8o kvgmc6g5 cxmmr5t8 oygrvhab hcukyx3x jb3vyjys rz4wbd8a qt6c0cv9 a8nywdso i1ao9s8h esuyzwwr f1sip0of lzcic4wl oo9gr5id gpro0wi8 lrazzd5p\" role=\"link\" href=\"https:\/\/www.facebook.com\/hashtag\/covid_19?__eep__=6&amp;__cft__[0]=AZVxpvn3XPm0VecXXWkZOILvBTl6q0X9mq-l7b0dfwoKThFybZJvy6nTZqPNzYlF8UlNOXzhgzWGLemQ34euFB-bZ_mSc6pUBF_TqPLhoEb_f2b-QG-Enf7YGvvjgCnhR7v3L-xc4T1hBwhAZSNk2OS_&amp;__tn__=*NK*F\">#covid_19<\/a>\u00a0<a class=\"oajrlxb2 g5ia77u1 qu0x051f esr5mh6w e9989ue4 r7d6kgcz rq0escxv nhd2j8a9 nc684nl6 p7hjln8o kvgmc6g5 cxmmr5t8 oygrvhab hcukyx3x jb3vyjys rz4wbd8a qt6c0cv9 a8nywdso i1ao9s8h esuyzwwr f1sip0of lzcic4wl oo9gr5id gpro0wi8 lrazzd5p\" role=\"link\" href=\"https:\/\/www.facebook.com\/hashtag\/pandemia?__eep__=6&amp;__cft__[0]=AZVxpvn3XPm0VecXXWkZOILvBTl6q0X9mq-l7b0dfwoKThFybZJvy6nTZqPNzYlF8UlNOXzhgzWGLemQ34euFB-bZ_mSc6pUBF_TqPLhoEb_f2b-QG-Enf7YGvvjgCnhR7v3L-xc4T1hBwhAZSNk2OS_&amp;__tn__=*NK*F\">#pandemia<\/a>\u00a0<a class=\"oajrlxb2 g5ia77u1 qu0x051f esr5mh6w e9989ue4 r7d6kgcz rq0escxv nhd2j8a9 nc684nl6 p7hjln8o kvgmc6g5 cxmmr5t8 oygrvhab hcukyx3x jb3vyjys rz4wbd8a qt6c0cv9 a8nywdso i1ao9s8h esuyzwwr f1sip0of lzcic4wl oo9gr5id gpro0wi8 lrazzd5p\" role=\"link\" href=\"https:\/\/www.facebook.com\/hashtag\/saudemental?__eep__=6&amp;__cft__[0]=AZVxpvn3XPm0VecXXWkZOILvBTl6q0X9mq-l7b0dfwoKThFybZJvy6nTZqPNzYlF8UlNOXzhgzWGLemQ34euFB-bZ_mSc6pUBF_TqPLhoEb_f2b-QG-Enf7YGvvjgCnhR7v3L-xc4T1hBwhAZSNk2OS_&amp;__tn__=*NK*F\">#saudemental<\/a>\u00a0<a class=\"oajrlxb2 g5ia77u1 qu0x051f esr5mh6w e9989ue4 r7d6kgcz rq0escxv nhd2j8a9 nc684nl6 p7hjln8o kvgmc6g5 cxmmr5t8 oygrvhab hcukyx3x jb3vyjys rz4wbd8a qt6c0cv9 a8nywdso i1ao9s8h esuyzwwr f1sip0of lzcic4wl oo9gr5id gpro0wi8 lrazzd5p\" role=\"link\" href=\"https:\/\/www.facebook.com\/hashtag\/psiquiatria?__eep__=6&amp;__cft__[0]=AZVxpvn3XPm0VecXXWkZOILvBTl6q0X9mq-l7b0dfwoKThFybZJvy6nTZqPNzYlF8UlNOXzhgzWGLemQ34euFB-bZ_mSc6pUBF_TqPLhoEb_f2b-QG-Enf7YGvvjgCnhR7v3L-xc4T1hBwhAZSNk2OS_&amp;__tn__=*NK*F\">#psiquiatria<\/a>\u00a0<a class=\"oajrlxb2 g5ia77u1 qu0x051f esr5mh6w e9989ue4 r7d6kgcz rq0escxv nhd2j8a9 nc684nl6 p7hjln8o kvgmc6g5 cxmmr5t8 oygrvhab hcukyx3x jb3vyjys rz4wbd8a qt6c0cv9 a8nywdso i1ao9s8h esuyzwwr f1sip0of lzcic4wl oo9gr5id gpro0wi8 lrazzd5p\" role=\"link\" href=\"https:\/\/www.facebook.com\/hashtag\/ufsm?__eep__=6&amp;__cft__[0]=AZVxpvn3XPm0VecXXWkZOILvBTl6q0X9mq-l7b0dfwoKThFybZJvy6nTZqPNzYlF8UlNOXzhgzWGLemQ34euFB-bZ_mSc6pUBF_TqPLhoEb_f2b-QG-Enf7YGvvjgCnhR7v3L-xc4T1hBwhAZSNk2OS_&amp;__tn__=*NK*F\">#ufsm&#8221;<\/a><\/p>\n<p><strong>DESCRI\u00c7\u00c3O DE IMAGEM:<\/strong> cartaz de divulga\u00e7\u00e3o de evento on-line, sendo uma ilustra\u00e7\u00e3o em formato quadrado, com fundo na cor bege. Em cada \u00e2ngulo da imagem, h\u00e1 um preenchimento na cor roxa, em formato de tri\u00e2ngulo, com base arredondada. Na parte superior, da esquerda para a direita, h\u00e1 inscri\u00e7\u00e3o \u201cLIVE\u201d, na cor roxa. Na sequ\u00eancia, h\u00e1 o logo do Facebook (quadrado azul, de \u00e2ngulos arredondados, com a letra F min\u00fascula ao centro, na cor branca) e, abaixo desse, h\u00e1 o logo do YouTube (ret\u00e2ngulo vermelho, de \u00e2ngulos arredondadas, com um tri\u00e2ngulo branco ao centro, indicando \u00e0 direita). A seguir, h\u00e1 o logo da \u201cUFSM 60 Anos\u201d, que cont\u00e9m o n\u00famero \u201c60\u201d, em letra cursiva, centralizado. O n\u00famero \u201c6\u201d e o n\u00famero \u201c0\u201d est\u00e3o interligados por uma linha cont\u00ednua formando o numeral \u201c60\u201d. Na parte inferior do c\u00edrculo que forma o algarismo \u201c6\u201d, h\u00e1 um \u201cv\u201d invertido, disposto sobre a linha do c\u00edrculo, formando a letra \u201cA\u201d, de \u201cAno\u201d. Ao lado do \u2018A\u201d, dentro do algarismo zero, que possui uma abertura ao lado esquerdo, est\u00e3o as letras \u201cn\u201d, \u201co\u201d e \u201cs\u201d, formando assim, em conjunto com os demais tra\u00e7os, a palavra \u201canos\u201d. A imagem consiste em um trabalho gr\u00e1fico que une a representa\u00e7\u00e3o dos algarismos 6 e 0, com as letras A, N e O, na cor branca, formando o logo \u201cUFSM 60 Anos\u201d. \u00c0 direita deles, h\u00e1 o logo do projeto COVIDPsiq (rosto humano, de perfil, delineado na cor roxa, com a imagem de uma \u00e1rvore, cuja copa est\u00e1 no lugar do c\u00e9rebro). Na base, l\u00ea-se \u201cPESQUISA, ENSINO, EXTENS\u00c3O\u201d, separados um do outro com um marcador circular, todos na cor laranja. Ao lado direito desse, h\u00e1 o bras\u00e3o da Universidade Federal de Santa Maria (UFSM), formado pelos seguintes elementos:\u00a0tr\u00eas archotes de fogo, que simbolizam os tr\u00eas pilares da universidade: ensino, pesquisa e extens\u00e3o;\u00a0a flor-de-lis, simbolizando a purifica\u00e7\u00e3o, e os archotes com a chama do conhecimento, representando a luz que ilumina o caminho para a sabedoria;\u00a0o bras\u00e3o, denotando moral e respeito; a frase em latim \u201cSedes Sapientiae\u201d, que significa sede (lugar, casa) da sabedoria*.\u00a0Embaixo do bras\u00e3o, como base, h\u00e1 a sigla CAEd (Coordenadoria de A\u00e7\u00f5es Educacionais). Na sequ\u00eancia, distribu\u00eddo em duas linhas horizontais, na cor roxa, l\u00ea-se o t\u00edtulo do evento:\u00a0<b>\u201cSa\u00fade mental dos profissionais da sa\u00fade\u201d.<\/b>\u00a0Abaixo do t\u00edtulo, no sentido horizontal, dentro c\u00edrculos delineados pela cor roxa, h\u00e1 as fotos dos quatro ministrantes do evento. Da esquerda para a direita, encontra-se a foto do Prof. Dr. Vitor Crestani Calegaro,\u00a0tratando-se de\u00a0homem de pele clara, cabelos curtos e castanhos e express\u00e3o sorridente. Usa \u00f3culos de grau e barba. Veste camisa social bege, blusa pullover, nas cores marrom e preta, e casaco preto. \u00c0 direita, encontra-se a foto da jornalista Juliana Motta, tratando-se de mulher de pele clara, cabelos loiros e lisos at\u00e9 os ombros, com um leve sorriso e vestindo blusa lil\u00e1s. Na sequ\u00eancia, h\u00e1 a foto do Prof. Lucas Spanemberg, psiquiatra, tratando-se de homem de pele clara, cabelo e barba castanhos, com um leve sorriso. Veste camisa social azul clara e palet\u00f3 azul escuro. Por \u00faltimo, \u00e0 direita, h\u00e1 a foto de Jaroslav Duchnicky Jr., psiquiatra, tratando-se de homem de pele clara, cabelos e barba castanhos, vestindo camisa social branca. A identifica\u00e7\u00e3o dos participantes encontra-se abaixo das respectivas fotos. Abaixo das fotos, em letras na cor roxa, divididas em duas linhas, l\u00ea-se a data e hor\u00e1rio do evento: \u201cDia 1\u00ba de dezembro\u201d, \u201c20h\u201d. Abaixo, distribu\u00eddo horizontalmente, em duas linhas, em letras roxas, l\u00ea-se a forma de acessar a live: \u201cPara acompanhar, acesse\u00a0<a href=\"http:\/\/youtube.com\/c\/covidpsiq\" target=\"_blank\" rel=\"noopener noreferrer\" data-saferedirecturl=\"https:\/\/www.google.com\/url?q=http:\/\/youtube.com\/c\/covidpsiq&amp;source=gmail&amp;ust=1606612773366000&amp;usg=AFQjCNEPsSMAZEWmokLWgIv2zM9OiGycIg\">youtube.com\/c\/covidpsiq<\/a>\u00a0ou nosso Facebook CovidPSIQ\u201d.\u00a0Fonte da descri\u00e7\u00e3o: Identidade Visual (<a href=\"https:\/\/www.ufsm.br\/identidade-institucional\/\" target=\"_blank\" rel=\"noopener noreferrer\" data-saferedirecturl=\"https:\/\/www.google.com\/url?q=https:\/\/www.ufsm.br\/identidade-institucional\/&amp;source=gmail&amp;ust=1606612773366000&amp;usg=AFQjCNEBfLDUOEskeT2wyGEJW-yqncjU-w\">https:\/\/www.ufsm.br\/identidade-institucional\/<\/a>), em 27 de novembro de 2020.<\/p>\n<p><img fetchpriority=\"high\" decoding=\"async\" class=\"alignnone size-medium wp-image-3627 aligncenter\" src=\"https:\/\/www.ufsm.br\/app\/uploads\/sites\/391\/2020\/11\/LIVE-01-DE-NOVEMBRO-300x289.jpg\" alt=\"\" width=\"300\" height=\"289\" srcset=\"https:\/\/www.ufsm.br\/app\/uploads\/sites\/391\/2020\/11\/LIVE-01-DE-NOVEMBRO-300x289.jpg 300w, https:\/\/www.ufsm.br\/app\/uploads\/sites\/391\/2020\/11\/LIVE-01-DE-NOVEMBRO-1024x986.jpg 1024w, https:\/\/www.ufsm.br\/app\/uploads\/sites\/391\/2020\/11\/LIVE-01-DE-NOVEMBRO-768x740.jpg 768w, https:\/\/www.ufsm.br\/app\/uploads\/sites\/391\/2020\/11\/LIVE-01-DE-NOVEMBRO.jpg 1079w\" sizes=\"(max-width: 300px) 100vw, 300px\" \/><\/p>\n","protected":false},"excerpt":{"rendered":"<p>A Universidade Federal de Santa Maria (UFSM)\/Coordenadoria de A\u00e7\u00f5es Educacionais(CAEd) convida todos para participarem da live \u201cSa\u00fade Mental dos Profissionais da Sa\u00fade\u201d, dia 01 de dezembro de 2020, \u00e0s 20h00min.\u00a0 Para acompanhar, acesse o link\u00a0https:\/\/youtu.be\/MuQ-3q0WGAo ou o Facebook COVIDPsiq. &#8220;A pandemia de COVID-19 trouxe in\u00fameras consequ\u00eancias, a curto e longo prazo, \u00e0 sa\u00fade mental dos [&hellip;]<\/p>\n","protected":false},"author":252,"featured_media":0,"comment_status":"closed","ping_status":"closed","sticky":false,"template":"","format":"standard","meta":{"footnotes":""},"categories":[1],"tags":[],"class_list":["post-3626","post","type-post","status-publish","format-standard","hentry","category-sem-categoria"],"acf":[],"_links":{"self":[{"href":"https:\/\/www.ufsm.br\/pro-reitorias\/prograd\/caed\/wp-json\/wp\/v2\/posts\/3626","targetHints":{"allow":["GET"]}}],"collection":[{"href":"https:\/\/www.ufsm.br\/pro-reitorias\/prograd\/caed\/wp-json\/wp\/v2\/posts"}],"about":[{"href":"https:\/\/www.ufsm.br\/pro-reitorias\/prograd\/caed\/wp-json\/wp\/v2\/types\/post"}],"author":[{"embeddable":true,"href":"https:\/\/www.ufsm.br\/pro-reitorias\/prograd\/caed\/wp-json\/wp\/v2\/users\/252"}],"replies":[{"embeddable":true,"href":"https:\/\/www.ufsm.br\/pro-reitorias\/prograd\/caed\/wp-json\/wp\/v2\/comments?post=3626"}],"version-history":[{"count":0,"href":"https:\/\/www.ufsm.br\/pro-reitorias\/prograd\/caed\/wp-json\/wp\/v2\/posts\/3626\/revisions"}],"wp:attachment":[{"href":"https:\/\/www.ufsm.br\/pro-reitorias\/prograd\/caed\/wp-json\/wp\/v2\/media?parent=3626"}],"wp:term":[{"taxonomy":"category","embeddable":true,"href":"https:\/\/www.ufsm.br\/pro-reitorias\/prograd\/caed\/wp-json\/wp\/v2\/categories?post=3626"},{"taxonomy":"post_tag","embeddable":true,"href":"https:\/\/www.ufsm.br\/pro-reitorias\/prograd\/caed\/wp-json\/wp\/v2\/tags?post=3626"}],"curies":[{"name":"wp","href":"https:\/\/api.w.org\/{rel}","templated":true}]}}