{"id":3628,"date":"2020-11-29T01:52:41","date_gmt":"2020-11-29T04:52:41","guid":{"rendered":"https:\/\/www.ufsm.br\/orgaos-executivos\/caed\/?p=3628"},"modified":"2020-11-29T02:07:54","modified_gmt":"2020-11-29T05:07:54","slug":"1-forum-latino-americano-sobre-saude-mental-em-tempos-de-pandemia","status":"publish","type":"post","link":"https:\/\/www.ufsm.br\/pro-reitorias\/prograd\/caed\/2020\/11\/29\/1-forum-latino-americano-sobre-saude-mental-em-tempos-de-pandemia","title":{"rendered":"1\u00b0 F\u00d3RUM LATINO-AMERICANO SOBRE SA\u00daDE MENTAL EM TEMPOS DE PANDEMIA"},"content":{"rendered":"\n<p>A Universidade Federal de Santa Maria(UFSM)\/Coordenadoria de A\u00e7\u00f5es Educacionais(CAEd) e o Projeto COVID Psiq convidam para o 1\u00b0 F\u00d3RUM LATINO-AMERICANO SOBRE SA\u00daDE MENTAL EM TEMPOS DE PANDEMIA, que ocorrer\u00e1 dia\u00a0<strong>03 de dezembro de 2020<\/strong>, quinta-feira, das\u00a0<strong>14h00min \u00e0s 19h00min.\u00a0<\/strong><\/p>\n<p>O evento, na modalidade on-line, ser\u00e1 transmitido pelo canal COVIDPsiq no Youtube. Ser\u00e1 de car\u00e1ter gratuito e contar\u00e1 com certifica\u00e7\u00e3o de 04 horas, como evento internacional, pela Universidade Federal de Santa Maria-UFSM.<\/p>\n<p>Inscri\u00e7\u00f5es pelo link a seguir: <a href=\"https:\/\/portal.ufsm.br\/concursos\/inscricao\/opcoes.html?edicao=4069&amp;fbclid=IwAR3ocsT3k_fRWO0bK68b7yitPBVCtABLZMFroHncfHRnLio2Q3IpXmPzd7Y\">https:\/\/portal.ufsm.br\/concursos\/inscricao\/opcoes.html&#8230;<\/a><\/p>\n<p>Em caso de d\u00favidas, favor entrar em contato pelo e-mail <a href=\"mailto:covid19psiqufsm@gmail.com\">covid19psiqufsm@gmail.com<\/a>.<\/p>\n<p>&#8220;O f\u00f3rum ser\u00e1 um espa\u00e7o para interc\u00e2mbio de estudos cient\u00edficos de diferentes pa\u00edses da Am\u00e9rica Latina que investigam o impacto da pandemia na sa\u00fade mental de suas popula\u00e7\u00f5es. Est\u00e1 sendo organizado a partir de uma parceria entre a equipe COVIDPsiq (Universidade Federal de Santa Maria) e a Universidad Nacional De Mar del Plata.<\/p>\n<p>O evento contar\u00e1 com pesquisadores nacionais e internacionais para um interc\u00e2mbio entre os estudos sobre o impacto da COVID-19 na sa\u00fade mental. O evento \u00e9 voltado para organiza\u00e7\u00f5es governamentais, representantes de institui\u00e7\u00f5es, pesquisadores e estudantes de gradua\u00e7\u00e3o e p\u00f3s-gradua\u00e7\u00e3o&#8221;. (Fonte: Projeto COVID Psiq).<\/p>\n<p>Em anexo, segue o material de divulga\u00e7\u00e3o do evento, com a programa\u00e7\u00e3o e as respectivas descri\u00e7\u00f5es de imagens, ao final.\u00a0<\/p>\n<p><a href=\"https:\/\/www.facebook.com\/hashtag\/flasm?__eep__=6&amp;__cft__%5b0%5d=AZUDceIIuET66UPx8qeVWTnf5S6GKxC7zTkwP-waOFM9qKcM1Y6RSJul7frljuYulAuLZIss0S4AR3IEsxMoLTSEGISZ8q0PIc7bv_e4pvGWd3Mfo8PXol_KmE-iRwXB-6ShRvBdSXLN1pN97O_9hlg5&amp;__tn__=*NK-R\">#FLASM<\/a> <a href=\"https:\/\/www.facebook.com\/hashtag\/conicet?__eep__=6&amp;__cft__%5b0%5d=AZUDceIIuET66UPx8qeVWTnf5S6GKxC7zTkwP-waOFM9qKcM1Y6RSJul7frljuYulAuLZIss0S4AR3IEsxMoLTSEGISZ8q0PIc7bv_e4pvGWd3Mfo8PXol_KmE-iRwXB-6ShRvBdSXLN1pN97O_9hlg5&amp;__tn__=*NK-R\">#CONICET<\/a> <a href=\"https:\/\/www.facebook.com\/hashtag\/ufsm?__eep__=6&amp;__cft__%5b0%5d=AZUDceIIuET66UPx8qeVWTnf5S6GKxC7zTkwP-waOFM9qKcM1Y6RSJul7frljuYulAuLZIss0S4AR3IEsxMoLTSEGISZ8q0PIc7bv_e4pvGWd3Mfo8PXol_KmE-iRwXB-6ShRvBdSXLN1pN97O_9hlg5&amp;__tn__=*NK-R\">#UFSM<\/a> <a href=\"https:\/\/www.facebook.com\/hashtag\/caed?__eep__=6&amp;__cft__%5b0%5d=AZUDceIIuET66UPx8qeVWTnf5S6GKxC7zTkwP-waOFM9qKcM1Y6RSJul7frljuYulAuLZIss0S4AR3IEsxMoLTSEGISZ8q0PIc7bv_e4pvGWd3Mfo8PXol_KmE-iRwXB-6ShRvBdSXLN1pN97O_9hlg5&amp;__tn__=*NK-R\">#CAEd<\/a><\/p>\n<p><img fetchpriority=\"high\" decoding=\"async\" class=\"alignnone size-medium wp-image-3629 aligncenter\" src=\"https:\/\/www.ufsm.br\/app\/uploads\/sites\/391\/2020\/11\/1o-FORUM-LATINO-AMERICANO-DE-SAUDE-MENTAL-NA-PANDEMIA-300x300.jpg\" alt=\"\" width=\"300\" height=\"300\" srcset=\"https:\/\/www.ufsm.br\/app\/uploads\/sites\/391\/2020\/11\/1o-FORUM-LATINO-AMERICANO-DE-SAUDE-MENTAL-NA-PANDEMIA-300x300.jpg 300w, https:\/\/www.ufsm.br\/app\/uploads\/sites\/391\/2020\/11\/1o-FORUM-LATINO-AMERICANO-DE-SAUDE-MENTAL-NA-PANDEMIA-1024x1024.jpg 1024w, https:\/\/www.ufsm.br\/app\/uploads\/sites\/391\/2020\/11\/1o-FORUM-LATINO-AMERICANO-DE-SAUDE-MENTAL-NA-PANDEMIA-150x150.jpg 150w, https:\/\/www.ufsm.br\/app\/uploads\/sites\/391\/2020\/11\/1o-FORUM-LATINO-AMERICANO-DE-SAUDE-MENTAL-NA-PANDEMIA-768x768.jpg 768w, https:\/\/www.ufsm.br\/app\/uploads\/sites\/391\/2020\/11\/1o-FORUM-LATINO-AMERICANO-DE-SAUDE-MENTAL-NA-PANDEMIA.jpg 1080w\" sizes=\"(max-width: 300px) 100vw, 300px\" \/><\/p>\n<p><a href=\"https:\/\/www.ufsm.br\/app\/uploads\/sites\/391\/2020\/11\/PROGRAMACAO-.pdf\">PROGRAMA\u00c7\u00c3O<\/a><\/p>\n<p><a href=\"https:\/\/www.ufsm.br\/app\/uploads\/sites\/391\/2020\/11\/DESCRICAO-DE-IMAGENS-DO-MATERIAL-DE-DIVULGACAO-1.pdf\">DESCRI\u00c7\u00c3O DE IMAGENS DO MATERIAL DE DIVULGA\u00c7\u00c3O<\/a><\/p>\n<p>\u00a0<\/p>\n<p>\u00a0<\/p>\n","protected":false},"excerpt":{"rendered":"<p>A Universidade Federal de Santa Maria(UFSM)\/Coordenadoria de A\u00e7\u00f5es Educacionais(CAEd) e o Projeto COVID Psiq convidam para o 1\u00b0 F\u00d3RUM LATINO-AMERICANO SOBRE SA\u00daDE MENTAL EM TEMPOS DE PANDEMIA, que ocorrer\u00e1 dia\u00a003 de dezembro de 2020, quinta-feira, das\u00a014h00min \u00e0s 19h00min.\u00a0 O evento, na modalidade on-line, ser\u00e1 transmitido pelo canal COVIDPsiq no Youtube. Ser\u00e1 de car\u00e1ter gratuito e [&hellip;]<\/p>\n","protected":false},"author":252,"featured_media":0,"comment_status":"closed","ping_status":"closed","sticky":false,"template":"","format":"standard","meta":{"footnotes":""},"categories":[1],"tags":[],"class_list":["post-3628","post","type-post","status-publish","format-standard","hentry","category-sem-categoria"],"acf":[],"_links":{"self":[{"href":"https:\/\/www.ufsm.br\/pro-reitorias\/prograd\/caed\/wp-json\/wp\/v2\/posts\/3628","targetHints":{"allow":["GET"]}}],"collection":[{"href":"https:\/\/www.ufsm.br\/pro-reitorias\/prograd\/caed\/wp-json\/wp\/v2\/posts"}],"about":[{"href":"https:\/\/www.ufsm.br\/pro-reitorias\/prograd\/caed\/wp-json\/wp\/v2\/types\/post"}],"author":[{"embeddable":true,"href":"https:\/\/www.ufsm.br\/pro-reitorias\/prograd\/caed\/wp-json\/wp\/v2\/users\/252"}],"replies":[{"embeddable":true,"href":"https:\/\/www.ufsm.br\/pro-reitorias\/prograd\/caed\/wp-json\/wp\/v2\/comments?post=3628"}],"version-history":[{"count":0,"href":"https:\/\/www.ufsm.br\/pro-reitorias\/prograd\/caed\/wp-json\/wp\/v2\/posts\/3628\/revisions"}],"wp:attachment":[{"href":"https:\/\/www.ufsm.br\/pro-reitorias\/prograd\/caed\/wp-json\/wp\/v2\/media?parent=3628"}],"wp:term":[{"taxonomy":"category","embeddable":true,"href":"https:\/\/www.ufsm.br\/pro-reitorias\/prograd\/caed\/wp-json\/wp\/v2\/categories?post=3628"},{"taxonomy":"post_tag","embeddable":true,"href":"https:\/\/www.ufsm.br\/pro-reitorias\/prograd\/caed\/wp-json\/wp\/v2\/tags?post=3628"}],"curies":[{"name":"wp","href":"https:\/\/api.w.org\/{rel}","templated":true}]}}