{"id":3672,"date":"2020-12-14T19:43:46","date_gmt":"2020-12-14T22:43:46","guid":{"rendered":"https:\/\/www.ufsm.br\/orgaos-executivos\/caed\/?p=3672"},"modified":"2020-12-14T19:43:48","modified_gmt":"2020-12-14T22:43:48","slug":"14-professores-da-ufsm-entre-os-mais-influentes-do-mundo","status":"publish","type":"post","link":"https:\/\/www.ufsm.br\/pro-reitorias\/prograd\/caed\/2020\/12\/14\/14-professores-da-ufsm-entre-os-mais-influentes-do-mundo","title":{"rendered":"14 PROFESSORES DA UFSM ENTRE OS MAIS INFLUENTES DO MUNDO"},"content":{"rendered":"\n<p>A Universidade Federal de Santa Maria\/Coordenadoria de A\u00e7\u00f5es Educacionais(CAEd) soma-se a \u00e0 divulga\u00e7\u00e3o da revista PLOS Biology, que publicou a rela\u00e7\u00e3o dos pesquisadores mais <span class=\"il\">influentes<\/span> do mundo. No ranking, h\u00e1 14 <span class=\"il\">professores<\/span>\u00a0da\u00a0<span class=\"il\">UFSM. A<\/span> Revista Arco traz reportagem sobre o trabalho desenvolvido por esses pesquisadores.\u00a0<\/p>\n<p>O conte\u00fado pode ser acessado no link <a href=\"https:\/\/www.ufsm.br\/midias\/arco\/o-que-estudam-os-14-professores-da-ufsm-entre-os-mais-influentes-do-mundo\/\">https:\/\/www.ufsm.br\/midias\/arco\/o-que-estudam-os-14-professores-da-ufsm-entre-os-mais-influentes-do-mundo\/<\/a><\/p>\n<div>\u00a0<\/div>\n","protected":false},"excerpt":{"rendered":"<p>A Universidade Federal de Santa Maria\/Coordenadoria de A\u00e7\u00f5es Educacionais(CAEd) soma-se a \u00e0 divulga\u00e7\u00e3o da revista PLOS Biology, que publicou a rela\u00e7\u00e3o dos pesquisadores mais influentes do mundo. No ranking, h\u00e1 14 professores\u00a0da\u00a0UFSM. A Revista Arco traz reportagem sobre o trabalho desenvolvido por esses pesquisadores.\u00a0 O conte\u00fado pode ser acessado no link https:\/\/www.ufsm.br\/midias\/arco\/o-que-estudam-os-14-professores-da-ufsm-entre-os-mais-influentes-do-mundo\/ \u00a0<\/p>\n","protected":false},"author":252,"featured_media":0,"comment_status":"closed","ping_status":"closed","sticky":false,"template":"","format":"standard","meta":{"footnotes":""},"categories":[1],"tags":[],"class_list":["post-3672","post","type-post","status-publish","format-standard","hentry","category-sem-categoria"],"acf":[],"_links":{"self":[{"href":"https:\/\/www.ufsm.br\/pro-reitorias\/prograd\/caed\/wp-json\/wp\/v2\/posts\/3672","targetHints":{"allow":["GET"]}}],"collection":[{"href":"https:\/\/www.ufsm.br\/pro-reitorias\/prograd\/caed\/wp-json\/wp\/v2\/posts"}],"about":[{"href":"https:\/\/www.ufsm.br\/pro-reitorias\/prograd\/caed\/wp-json\/wp\/v2\/types\/post"}],"author":[{"embeddable":true,"href":"https:\/\/www.ufsm.br\/pro-reitorias\/prograd\/caed\/wp-json\/wp\/v2\/users\/252"}],"replies":[{"embeddable":true,"href":"https:\/\/www.ufsm.br\/pro-reitorias\/prograd\/caed\/wp-json\/wp\/v2\/comments?post=3672"}],"version-history":[{"count":0,"href":"https:\/\/www.ufsm.br\/pro-reitorias\/prograd\/caed\/wp-json\/wp\/v2\/posts\/3672\/revisions"}],"wp:attachment":[{"href":"https:\/\/www.ufsm.br\/pro-reitorias\/prograd\/caed\/wp-json\/wp\/v2\/media?parent=3672"}],"wp:term":[{"taxonomy":"category","embeddable":true,"href":"https:\/\/www.ufsm.br\/pro-reitorias\/prograd\/caed\/wp-json\/wp\/v2\/categories?post=3672"},{"taxonomy":"post_tag","embeddable":true,"href":"https:\/\/www.ufsm.br\/pro-reitorias\/prograd\/caed\/wp-json\/wp\/v2\/tags?post=3672"}],"curies":[{"name":"wp","href":"https:\/\/api.w.org\/{rel}","templated":true}]}}