{"id":3673,"date":"2020-12-14T19:47:27","date_gmt":"2020-12-14T22:47:27","guid":{"rendered":"https:\/\/www.ufsm.br\/orgaos-executivos\/caed\/?p=3673"},"modified":"2020-12-14T19:47:28","modified_gmt":"2020-12-14T22:47:28","slug":"descubra-2020-em-rede-60-inspiracoes-para-ser-ufsm","status":"publish","type":"post","link":"https:\/\/www.ufsm.br\/pro-reitorias\/prograd\/caed\/2020\/12\/14\/descubra-2020-em-rede-60-inspiracoes-para-ser-ufsm","title":{"rendered":"DESCUBRA 2020 EM REDE: 60 INSPIRA\u00c7\u00d5ES PARA SER UFSM"},"content":{"rendered":"\n<p>A Universidade Federal de Santa Maria(UFSM)\/Coordenadoria de A\u00e7\u00f5es Educacionais(CAEd) soma-se \u00e0 divulga\u00e7\u00e3o do DESCUBRA UFSM 2020 EM REDE,\u00a0 que ocorre de 14 a 18 de dezembro de 2020<\/p>\n<p>A reportagem pode ser conferida no site <a href=\"https:\/\/www.ufsm.br\/2020\/11\/20\/60-inspiracoes-para-ser-ufsm-edicao-online-do-descubra-acontece-de-14-a-18-de-dezembro\/\">https:\/\/www.ufsm.br\/2020\/11\/20\/60-inspiracoes-para-ser-ufsm-edicao-online-do-descubra-acontece-de-14-a-18-de-dezembro\/<\/a><\/p>\n","protected":false},"excerpt":{"rendered":"<p>A Universidade Federal de Santa Maria(UFSM)\/Coordenadoria de A\u00e7\u00f5es Educacionais(CAEd) soma-se \u00e0 divulga\u00e7\u00e3o do DESCUBRA UFSM 2020 EM REDE,\u00a0 que ocorre de 14 a 18 de dezembro de 2020 A reportagem pode ser conferida no site https:\/\/www.ufsm.br\/2020\/11\/20\/60-inspiracoes-para-ser-ufsm-edicao-online-do-descubra-acontece-de-14-a-18-de-dezembro\/<\/p>\n","protected":false},"author":252,"featured_media":0,"comment_status":"closed","ping_status":"closed","sticky":false,"template":"","format":"standard","meta":{"footnotes":""},"categories":[1],"tags":[],"class_list":["post-3673","post","type-post","status-publish","format-standard","hentry","category-sem-categoria"],"acf":[],"_links":{"self":[{"href":"https:\/\/www.ufsm.br\/pro-reitorias\/prograd\/caed\/wp-json\/wp\/v2\/posts\/3673","targetHints":{"allow":["GET"]}}],"collection":[{"href":"https:\/\/www.ufsm.br\/pro-reitorias\/prograd\/caed\/wp-json\/wp\/v2\/posts"}],"about":[{"href":"https:\/\/www.ufsm.br\/pro-reitorias\/prograd\/caed\/wp-json\/wp\/v2\/types\/post"}],"author":[{"embeddable":true,"href":"https:\/\/www.ufsm.br\/pro-reitorias\/prograd\/caed\/wp-json\/wp\/v2\/users\/252"}],"replies":[{"embeddable":true,"href":"https:\/\/www.ufsm.br\/pro-reitorias\/prograd\/caed\/wp-json\/wp\/v2\/comments?post=3673"}],"version-history":[{"count":0,"href":"https:\/\/www.ufsm.br\/pro-reitorias\/prograd\/caed\/wp-json\/wp\/v2\/posts\/3673\/revisions"}],"wp:attachment":[{"href":"https:\/\/www.ufsm.br\/pro-reitorias\/prograd\/caed\/wp-json\/wp\/v2\/media?parent=3673"}],"wp:term":[{"taxonomy":"category","embeddable":true,"href":"https:\/\/www.ufsm.br\/pro-reitorias\/prograd\/caed\/wp-json\/wp\/v2\/categories?post=3673"},{"taxonomy":"post_tag","embeddable":true,"href":"https:\/\/www.ufsm.br\/pro-reitorias\/prograd\/caed\/wp-json\/wp\/v2\/tags?post=3673"}],"curies":[{"name":"wp","href":"https:\/\/api.w.org\/{rel}","templated":true}]}}