{"id":3674,"date":"2020-12-14T19:52:42","date_gmt":"2020-12-14T22:52:42","guid":{"rendered":"https:\/\/www.ufsm.br\/orgaos-executivos\/caed\/?p=3674"},"modified":"2020-12-14T19:52:50","modified_gmt":"2020-12-14T22:52:50","slug":"guia-de-identidade-visual-da-ufsm","status":"publish","type":"post","link":"https:\/\/www.ufsm.br\/pro-reitorias\/prograd\/caed\/2020\/12\/14\/guia-de-identidade-visual-da-ufsm","title":{"rendered":"GUIA DE IDENTIDADE VISUAL DA UFSM"},"content":{"rendered":"\n<p>A Universidade Federal de Santa Maria(UFSM)\/Coordenadoria de A\u00e7\u00f5es Educacionais(CAEd) soma-se \u00e1 divulga\u00e7\u00e3o do Guia de Identidade Visual.\u00a0<\/p>\n<div><span class=\"il\">N<\/span>a \u00faltima reuni\u00e3o do Comit\u00ea de Pol\u00edtica de Comunica\u00e7\u00e3o, ocorrida em 13 de novembro de 2020, foi aprovada a reformula\u00e7\u00e3o do g<span class=\"il\">uia, <\/span>com orienta\u00e7\u00f5es sobre marcas de centros de ensino, cursos e outros setores.<\/div>\n<div>\u00a0<\/div>\n<div>As altera\u00e7\u00f5es j\u00e1 est\u00e3o publicadas no site, podendo ser conferidas no link\u00a0<a href=\"https:\/\/www.ufsm.br\/identidade-institucional\/\"> https:\/\/www.ufsm.br\/identidade-institucional\/<\/a><\/div>\n<div>\u00a0<\/div>\n","protected":false},"excerpt":{"rendered":"<p>A Universidade Federal de Santa Maria(UFSM)\/Coordenadoria de A\u00e7\u00f5es Educacionais(CAEd) soma-se \u00e1 divulga\u00e7\u00e3o do Guia de Identidade Visual.\u00a0 Na \u00faltima reuni\u00e3o do Comit\u00ea de Pol\u00edtica de Comunica\u00e7\u00e3o, ocorrida em 13 de novembro de 2020, foi aprovada a reformula\u00e7\u00e3o do guia, com orienta\u00e7\u00f5es sobre marcas de centros de ensino, cursos e outros setores. \u00a0 As altera\u00e7\u00f5es j\u00e1 [&hellip;]<\/p>\n","protected":false},"author":252,"featured_media":0,"comment_status":"closed","ping_status":"closed","sticky":false,"template":"","format":"standard","meta":{"footnotes":""},"categories":[1],"tags":[],"class_list":["post-3674","post","type-post","status-publish","format-standard","hentry","category-sem-categoria"],"acf":[],"_links":{"self":[{"href":"https:\/\/www.ufsm.br\/pro-reitorias\/prograd\/caed\/wp-json\/wp\/v2\/posts\/3674","targetHints":{"allow":["GET"]}}],"collection":[{"href":"https:\/\/www.ufsm.br\/pro-reitorias\/prograd\/caed\/wp-json\/wp\/v2\/posts"}],"about":[{"href":"https:\/\/www.ufsm.br\/pro-reitorias\/prograd\/caed\/wp-json\/wp\/v2\/types\/post"}],"author":[{"embeddable":true,"href":"https:\/\/www.ufsm.br\/pro-reitorias\/prograd\/caed\/wp-json\/wp\/v2\/users\/252"}],"replies":[{"embeddable":true,"href":"https:\/\/www.ufsm.br\/pro-reitorias\/prograd\/caed\/wp-json\/wp\/v2\/comments?post=3674"}],"version-history":[{"count":0,"href":"https:\/\/www.ufsm.br\/pro-reitorias\/prograd\/caed\/wp-json\/wp\/v2\/posts\/3674\/revisions"}],"wp:attachment":[{"href":"https:\/\/www.ufsm.br\/pro-reitorias\/prograd\/caed\/wp-json\/wp\/v2\/media?parent=3674"}],"wp:term":[{"taxonomy":"category","embeddable":true,"href":"https:\/\/www.ufsm.br\/pro-reitorias\/prograd\/caed\/wp-json\/wp\/v2\/categories?post=3674"},{"taxonomy":"post_tag","embeddable":true,"href":"https:\/\/www.ufsm.br\/pro-reitorias\/prograd\/caed\/wp-json\/wp\/v2\/tags?post=3674"}],"curies":[{"name":"wp","href":"https:\/\/api.w.org\/{rel}","templated":true}]}}