{"id":3675,"date":"2020-12-14T20:00:02","date_gmt":"2020-12-14T23:00:02","guid":{"rendered":"https:\/\/www.ufsm.br\/orgaos-executivos\/caed\/?p=3675"},"modified":"2020-12-14T20:01:02","modified_gmt":"2020-12-14T23:01:02","slug":"atualizacoes-no-comite-de-politica-de-comunicacao","status":"publish","type":"post","link":"https:\/\/www.ufsm.br\/pro-reitorias\/prograd\/caed\/2020\/12\/14\/atualizacoes-no-comite-de-politica-de-comunicacao","title":{"rendered":"ATUALIZA\u00c7\u00d5ES NO COMIT\u00ca DE POL\u00cdTICA DE COMUNICA\u00c7\u00c3O"},"content":{"rendered":"\n<p>A Universidade Federal de Santa Maria(UFSM)\/Coordenadoria de A\u00e7\u00f5es Educacionais(CAEd) divulga as mudan\u00e7as no Comit\u00ea de Pol\u00edtica de Comunica\u00e7\u00e3o. Na \u00faltima reuni\u00e3o do dia 13 de novembro de 2020, ocorreu a mudan\u00e7a de presid\u00eancia, assumindo como presidente o jornalista e coordenador de Comunica\u00e7\u00e3o Social da UFSM, Maur\u00edcio Dias; como vice-presidente, assumiu a professora Sandra Depexe; no posto de secret\u00e1ria, a rela\u00e7\u00f5es-p\u00fablicas J\u00falia Cervo. O comit\u00ea j\u00e1 funciona h\u00e1 dois anos e todas as atas e decis\u00f5es est\u00e3o publicadas na p\u00e1gina <a href=\"https:\/\/www.ufsm.br\/politica-de-comunicacao-da-ufsm\/\">https:\/\/www.ufsm.br\/politica-de-comunicacao-da-ufsm\/<\/a>, com acesso p\u00fablico a todos os interessados.<\/p>\n","protected":false},"excerpt":{"rendered":"<p>A Universidade Federal de Santa Maria(UFSM)\/Coordenadoria de A\u00e7\u00f5es Educacionais(CAEd) divulga as mudan\u00e7as no Comit\u00ea de Pol\u00edtica de Comunica\u00e7\u00e3o. Na \u00faltima reuni\u00e3o do dia 13 de novembro de 2020, ocorreu a mudan\u00e7a de presid\u00eancia, assumindo como presidente o jornalista e coordenador de Comunica\u00e7\u00e3o Social da UFSM, Maur\u00edcio Dias; como vice-presidente, assumiu a professora Sandra Depexe; no [&hellip;]<\/p>\n","protected":false},"author":252,"featured_media":0,"comment_status":"closed","ping_status":"closed","sticky":false,"template":"","format":"standard","meta":{"footnotes":""},"categories":[1],"tags":[],"class_list":["post-3675","post","type-post","status-publish","format-standard","hentry","category-sem-categoria"],"acf":[],"_links":{"self":[{"href":"https:\/\/www.ufsm.br\/pro-reitorias\/prograd\/caed\/wp-json\/wp\/v2\/posts\/3675","targetHints":{"allow":["GET"]}}],"collection":[{"href":"https:\/\/www.ufsm.br\/pro-reitorias\/prograd\/caed\/wp-json\/wp\/v2\/posts"}],"about":[{"href":"https:\/\/www.ufsm.br\/pro-reitorias\/prograd\/caed\/wp-json\/wp\/v2\/types\/post"}],"author":[{"embeddable":true,"href":"https:\/\/www.ufsm.br\/pro-reitorias\/prograd\/caed\/wp-json\/wp\/v2\/users\/252"}],"replies":[{"embeddable":true,"href":"https:\/\/www.ufsm.br\/pro-reitorias\/prograd\/caed\/wp-json\/wp\/v2\/comments?post=3675"}],"version-history":[{"count":0,"href":"https:\/\/www.ufsm.br\/pro-reitorias\/prograd\/caed\/wp-json\/wp\/v2\/posts\/3675\/revisions"}],"wp:attachment":[{"href":"https:\/\/www.ufsm.br\/pro-reitorias\/prograd\/caed\/wp-json\/wp\/v2\/media?parent=3675"}],"wp:term":[{"taxonomy":"category","embeddable":true,"href":"https:\/\/www.ufsm.br\/pro-reitorias\/prograd\/caed\/wp-json\/wp\/v2\/categories?post=3675"},{"taxonomy":"post_tag","embeddable":true,"href":"https:\/\/www.ufsm.br\/pro-reitorias\/prograd\/caed\/wp-json\/wp\/v2\/tags?post=3675"}],"curies":[{"name":"wp","href":"https:\/\/api.w.org\/{rel}","templated":true}]}}