{"id":3676,"date":"2020-12-14T20:05:09","date_gmt":"2020-12-14T23:05:09","guid":{"rendered":"https:\/\/www.ufsm.br\/orgaos-executivos\/caed\/?p=3676"},"modified":"2020-12-14T20:05:28","modified_gmt":"2020-12-14T23:05:28","slug":"guia-de-eventos-sustentaveis","status":"publish","type":"post","link":"https:\/\/www.ufsm.br\/pro-reitorias\/prograd\/caed\/2020\/12\/14\/guia-de-eventos-sustentaveis","title":{"rendered":"GUIA DE EVENTOS SUSTENT\u00c1VEIS DA UFSM"},"content":{"rendered":"\n<p>A Universidade Federal de Santa Maria(UFSM)\/Coordenadoria de A\u00e7\u00f5es Educacionais(CAEd) soma-se \u00e0 divulga\u00e7\u00e3o do Guia de Eventos Sustent\u00e1veis, aprovado na reuni\u00e3o do Comit\u00ea de Pol\u00edtica de Comunica\u00e7\u00e3o, em 13 de novembro de 2020, com diversas orienta\u00e7\u00f5es sobre eventos (inclusive online e formaturas), cerimonial, divulga\u00e7\u00e3o e acessibilidade em eventos.<\/p>\n<p>O guia pode ser acessado em <a href=\"https:\/\/www.ufsm.br\/comunicacao\/guiaeventos\">https:\/\/www.ufsm.br\/comunicacao\/guiaeventos<\/a><\/p>\n","protected":false},"excerpt":{"rendered":"<p>A Universidade Federal de Santa Maria(UFSM)\/Coordenadoria de A\u00e7\u00f5es Educacionais(CAEd) soma-se \u00e0 divulga\u00e7\u00e3o do Guia de Eventos Sustent\u00e1veis, aprovado na reuni\u00e3o do Comit\u00ea de Pol\u00edtica de Comunica\u00e7\u00e3o, em 13 de novembro de 2020, com diversas orienta\u00e7\u00f5es sobre eventos (inclusive online e formaturas), cerimonial, divulga\u00e7\u00e3o e acessibilidade em eventos. O guia pode ser acessado em https:\/\/www.ufsm.br\/comunicacao\/guiaeventos<\/p>\n","protected":false},"author":252,"featured_media":0,"comment_status":"closed","ping_status":"closed","sticky":false,"template":"","format":"standard","meta":{"footnotes":""},"categories":[1],"tags":[],"class_list":["post-3676","post","type-post","status-publish","format-standard","hentry","category-sem-categoria"],"acf":[],"_links":{"self":[{"href":"https:\/\/www.ufsm.br\/pro-reitorias\/prograd\/caed\/wp-json\/wp\/v2\/posts\/3676","targetHints":{"allow":["GET"]}}],"collection":[{"href":"https:\/\/www.ufsm.br\/pro-reitorias\/prograd\/caed\/wp-json\/wp\/v2\/posts"}],"about":[{"href":"https:\/\/www.ufsm.br\/pro-reitorias\/prograd\/caed\/wp-json\/wp\/v2\/types\/post"}],"author":[{"embeddable":true,"href":"https:\/\/www.ufsm.br\/pro-reitorias\/prograd\/caed\/wp-json\/wp\/v2\/users\/252"}],"replies":[{"embeddable":true,"href":"https:\/\/www.ufsm.br\/pro-reitorias\/prograd\/caed\/wp-json\/wp\/v2\/comments?post=3676"}],"version-history":[{"count":0,"href":"https:\/\/www.ufsm.br\/pro-reitorias\/prograd\/caed\/wp-json\/wp\/v2\/posts\/3676\/revisions"}],"wp:attachment":[{"href":"https:\/\/www.ufsm.br\/pro-reitorias\/prograd\/caed\/wp-json\/wp\/v2\/media?parent=3676"}],"wp:term":[{"taxonomy":"category","embeddable":true,"href":"https:\/\/www.ufsm.br\/pro-reitorias\/prograd\/caed\/wp-json\/wp\/v2\/categories?post=3676"},{"taxonomy":"post_tag","embeddable":true,"href":"https:\/\/www.ufsm.br\/pro-reitorias\/prograd\/caed\/wp-json\/wp\/v2\/tags?post=3676"}],"curies":[{"name":"wp","href":"https:\/\/api.w.org\/{rel}","templated":true}]}}